{"id":965,"date":"2019-10-24T10:30:10","date_gmt":"2019-10-24T08:30:10","guid":{"rendered":"https:\/\/www.facture.net\/blog\/?p=965"},"modified":"2025-08-21T09:42:53","modified_gmt":"2025-08-21T07:42:53","slug":"creation-entreprise-artisanale","status":"publish","type":"post","link":"https:\/\/www.facture.net\/blog\/creation-entreprise-artisanale\/","title":{"rendered":"Entreprise artisanale&nbsp;: les formalit\u00e9s \u00e0 conna\u00eetre pour sa cr\u00e9ation"},"content":{"rendered":"<p>La <a href=\"https:\/\/www.facture.net\/blog\/obtenir-pret-creation-entreprise\/\">cr\u00e9ation d\u2019une entreprise<\/a> artisanale, comporte un certain nombre d\u2019exigences et d\u2019obligations. \u00c0 l\u2019inverse d\u2019activit\u00e9s moins r\u00e9glement\u00e9es, une entreprise artisanale ne peut pas \u00eatre ouverte par n\u2019importe quel individu. Il <strong>existe des obligations<\/strong> de dipl\u00f4mes notamment. Comment proc\u00e9der pour ouvrir son entreprise artisanale\u00a0? Toutes les r\u00e9ponses dans cet article.<\/p>\n<blockquote><p><strong>\u00c0 lire aussi&nbsp;:<\/strong><a href=\"https:\/\/www.facture.net\/blog\/cout-creation-entreprise\/\"> Combien co\u00fbte la cr\u00e9ation d\u2019une entreprise&nbsp;?<\/a><\/p><\/blockquote>\n<p>&nbsp;<\/p>\n<h2>D\u00e9finition de l\u2019entreprise artisanale<\/h2>\n<p>Avant d\u2019aller plus avant dans les formalit\u00e9s, un bref rappel de ce qu\u2019on appelle une entreprise artisanale s\u2019impose.<\/p>\n<p>Pour qualifier une entreprise \u00ab\u00a0d\u2019artisanale\u00a0\u00bb, <strong>deux crit\u00e8res<\/strong> doivent \u00eatre pris en compte\u00a0:<\/p>\n<ul>\n<li>L\u2019activit\u00e9 exerc\u00e9e<\/li>\n<li>La taille de l\u2019entreprise<\/li>\n<\/ul>\n<h3>1. L\u2019activit\u00e9<\/h3>\n<p>L\u2019activit\u00e9 peut faire partie ou non des activit\u00e9s r\u00e9glement\u00e9es par la loi. Elle doit cependant appartenir aux <strong>activit\u00e9s de production<\/strong>, <strong>transformation<\/strong> ou <strong>prestations de services<\/strong> relevant de <strong>l\u2019artisanat<\/strong>. Si vous avez un doute concernant l\u2019appartenance ou non de votre activit\u00e9 \u00e0 l\u2019artisanat, il existe un r\u00e9f\u00e9rentiel pour vous en assurer.<\/p>\n<h3>2. La taille de l\u2019entreprise<\/h3>\n<p>Lors de sa cr\u00e9ation, l\u2019entreprise <strong>ne doit pas compter plus de 10 salari\u00e9s<\/strong>. Dans les faits, si elle d\u00e9passe ce seuil, elle doit \u00eatre radi\u00e9e du registre des m\u00e9tiers et \u00eatre inscrite au registre du commerce et des soci\u00e9t\u00e9s (RCS).<\/p>\n<p>En pratique, une souplesse existe et de nombreuses entreprises restent inscrites au registre des m\u00e9tiers jusqu\u2019\u00e0 50 salari\u00e9s.<\/p>\n<p><img decoding=\"async\" class=\"aligncenter size-full wp-image-971\" src=\"https:\/\/www.facture.net\/blog\/wp-content\/uploads\/sites\/3\/2019\/10\/artisant-facture-compressor-1.jpg\" alt=\"\" width=\"700\" height=\"467\" srcset=\"https:\/\/www.facture.net\/blog\/wp-content\/uploads\/sites\/3\/2019\/10\/artisant-facture-compressor-1.jpg 700w, https:\/\/www.facture.net\/blog\/wp-content\/uploads\/sites\/3\/2019\/10\/artisant-facture-compressor-1-300x200.jpg 300w, https:\/\/www.facture.net\/blog\/wp-content\/uploads\/sites\/3\/2019\/10\/artisant-facture-compressor-1-60x40.jpg 60w, https:\/\/www.facture.net\/blog\/wp-content\/uploads\/sites\/3\/2019\/10\/artisant-facture-compressor-1-370x247.jpg 370w, https:\/\/www.facture.net\/blog\/wp-content\/uploads\/sites\/3\/2019\/10\/artisant-facture-compressor-1-270x180.jpg 270w, https:\/\/www.facture.net\/blog\/wp-content\/uploads\/sites\/3\/2019\/10\/artisant-facture-compressor-1-570x380.jpg 570w\" sizes=\"(max-width: 700px) 100vw, 700px\" \/><\/p>\n<h2><\/h2>\n<h2>Quelles conditions pour ouvrir une entreprise artisanale\u00a0?<\/h2>\n<p>La condition principale est de pouvoir\u00a0justifier soit d\u2019<strong>une formation<\/strong> soit d\u2019une <strong>exp\u00e9rience professionnelle<\/strong>,\u00a0permettant de prouver que vous \u00eates artisan. Si vous ne l\u2019\u00eates pas vous-m\u00eame, vous pouvez \u00e9galement employer un salari\u00e9 artisan. Si par exemple, vous souhaitez ouvrir une boulangerie mais que vous ne poss\u00e9dez pas les dipl\u00f4mes, vous pouvez \u00eatre g\u00e9rant et <a href=\"https:\/\/www.facture.net\/blog\/embauche-premier-salarie\/\">embaucher<\/a> un boulanger de m\u00e9tier.<\/p>\n<p>Plusieurs situations autorisent la cr\u00e9ation d\u2019une entreprise artisanale\u00a0:<\/p>\n<ul>\n<li>Un CAP ou BEP de l\u2019activit\u00e9 exerc\u00e9e<\/li>\n<li>Un dipl\u00f4me ou titre reconnu par le r\u00e9pertoire national des certifications professionnelles (RNCP) pour le m\u00e9tier exerc\u00e9<\/li>\n<li>3 ans d\u2019exp\u00e9rience professionnelle dans le m\u00e9tier<\/li>\n<li>Un certificat ou une attestation de capacit\u00e9 professionnelle pour l\u2019exercice d\u2019une profession r\u00e9glement\u00e9e.<\/li>\n<\/ul>\n<blockquote><p>Il \u00e9tait auparavant obligatoire de suivre un <strong>stage SPI<\/strong> (stage de pr\u00e9paration \u00e0 l\u2019installation), dispens\u00e9 par la chambre des m\u00e9tiers et de l\u2019artisanat, pour cr\u00e9er son entreprise artisanale. Cette obligation a \u00e9t\u00e9 supprim\u00e9e en mai 2019. Il est toutefois toujours possible de suivre cette formation si vous souhaitez acqu\u00e9rir des connaissances et comp\u00e9tences en gestion d\u2019entreprise.<\/p><\/blockquote>\n<p><img decoding=\"async\" class=\"aligncenter size-full wp-image-972\" src=\"https:\/\/www.facture.net\/blog\/wp-content\/uploads\/sites\/3\/2019\/10\/artisant-compressor-1.jpg\" alt=\"\" width=\"700\" height=\"467\" srcset=\"https:\/\/www.facture.net\/blog\/wp-content\/uploads\/sites\/3\/2019\/10\/artisant-compressor-1.jpg 700w, https:\/\/www.facture.net\/blog\/wp-content\/uploads\/sites\/3\/2019\/10\/artisant-compressor-1-300x200.jpg 300w, https:\/\/www.facture.net\/blog\/wp-content\/uploads\/sites\/3\/2019\/10\/artisant-compressor-1-60x40.jpg 60w, https:\/\/www.facture.net\/blog\/wp-content\/uploads\/sites\/3\/2019\/10\/artisant-compressor-1-370x247.jpg 370w, https:\/\/www.facture.net\/blog\/wp-content\/uploads\/sites\/3\/2019\/10\/artisant-compressor-1-270x180.jpg 270w, https:\/\/www.facture.net\/blog\/wp-content\/uploads\/sites\/3\/2019\/10\/artisant-compressor-1-570x380.jpg 570w\" sizes=\"(max-width: 700px) 100vw, 700px\" \/><\/p>\n<h2><\/h2>\n<h2>Quelle forme juridique pour une entreprise artisanale\u00a0?<\/h2>\n<p>Plusieurs options peuvent convenir et le choix d\u00e9pendra essentiellement du projet. Selon le nombre d\u2019employ\u00e9s, le besoin de mati\u00e8res premi\u00e8res, les locaux etc.<\/p>\n<p>Il est possible de cr\u00e9er une entreprise artisanale en optant pour un des statuts suivants\u00a0:<\/p>\n<h3>L\u2019entreprise individuelle (EI)<\/h3>\n<p>Elle ne requiert pas de capital social minimum mais la <strong>responsabilit\u00e9 du dirigeant est illimit\u00e9e<\/strong> sur ses biens personnels et professionnel. \u00c0 noter par contre que sa r\u00e9sidence principale est insaisissable.<\/p>\n<blockquote><p><strong>\u00c0 lire aussi&nbsp;: <\/strong><a href=\"https:\/\/www.facture.net\/blog\/creation-entreprise-proteger-patrimoine-personnel\/\">Cr\u00e9ateur d\u2019entreprise&nbsp;: comment prot\u00e9ger son patrimoine personnel\u00a0?<\/a><\/p><\/blockquote>\n<h3>L\u2019entreprise individuelle \u00e0 responsabilit\u00e9 limit\u00e9e (EIRL)<\/h3>\n<p>Les caract\u00e9ristiques sont les <strong>m\u00eame qu\u2019en EI<\/strong> mais la responsabilit\u00e9 de l\u2019entrepreneur est limit\u00e9e au patrimoine qu\u2019il a affect\u00e9 \u00e0 l\u2019entreprise.<\/p>\n<h3>L\u2019entreprise unipersonnelle \u00e0 responsabilit\u00e9 limit\u00e9e (EURL)<\/h3>\n<p>L\u2019EURL est une SARL \u00e0 <strong>associ\u00e9 unique<\/strong>. L\u2019associ\u00e9 unique est un travailleur non salari\u00e9.<\/p>\n<h3>La soci\u00e9t\u00e9 par actions simplifi\u00e9es unipersonnelle (SASU)<\/h3>\n<p>Le patrimoine professionnel du dirigeant de la soci\u00e9t\u00e9 est alors <strong>s\u00e9par\u00e9 de son patrimoine personnel<\/strong>. Le pr\u00e9sident de la SASU est assimil\u00e9 salari\u00e9. Il cotise au r\u00e9gime de la s\u00e9curit\u00e9 sociale.<\/p>\n<blockquote><p><strong>\u00c0 lire aussi&nbsp;: <\/strong><a href=\"https:\/\/www.facture.net\/blog\/creer-entreprise-sas\/\">Comment cr\u00e9er une SAS&nbsp;?<\/a><\/p><\/blockquote>\n<h3>Micro-entreprise<\/h3>\n<p>Un artisan peut \u00e9galement exercer son m\u00e9tier en tant que <a href=\"https:\/\/www.facture.net\/blog\/reduire-impots-entreprise\/\">micro-entrepreneur<\/a> (ex <a href=\"https:\/\/www.facture.net\/blog\/competences-auto-entrepreneur\/\">auto-entrepreneur<\/a>). Toutes les formalit\u00e9s sont disponibles lors de l\u2019inscription, sur le portail d\u00e9di\u00e9.<\/p>\n<blockquote><p><strong>\u00c0 lire aussi&nbsp;: <\/strong><a href=\"https:\/\/www.facture.net\/blog\/micro-entreprise-cumul-activites\/\">Micro-entreprise&nbsp;: comment cumuler plusieurs activit\u00e9s\u00a0?<\/a><\/p><\/blockquote>\n<p>&nbsp;<\/p>\n<h2><strong>Comment immatriculer son entreprise artisanale\u00a0?<\/strong><\/h2>\n<p>Comme nous l\u2019avons vu pr\u00e9c\u00e9demment, les entreprises artisanales sont immatricul\u00e9es par d\u00e9faut au\u00a0<strong>r\u00e9pertoire des m\u00e9tiers<\/strong> (RM) et ce, quelque soit la forme juridique choisie.<\/p>\n<p>\u00c0 partir des informations fournies, le centre de formalit\u00e9s des entreprises (CFE) transmet votre dossier au RM, au RCS ou aux deux, selon votre situation.<\/p>\n<p>Une fois cette formalit\u00e9 accomplie, vous recevrez <strong>un\u00a0extrait d\u2019immatriculation D1<\/strong>, \u00e9quivalent pour les artisans de l\u2019extrait Kbis. \u00c0 l\u2019instar du \u00a0Kbis, le D1 permet de conna\u00eetre l\u2019activit\u00e9 de l\u2019entreprise, ainsi que toutes les mentions port\u00e9es au RM&nbsp;: adresse, activit\u00e9s, dirigeant, <a href=\"https:\/\/www.facture.net\/blog\/obtenir-numero-siret-siren\/\">num\u00e9ro Siren<\/a>\u2026<\/p>\n<p>Un d\u00e9lai d\u2019un mois vous est accord\u00e9 pour accomplir cette formalit\u00e9 une fois votre activit\u00e9 d\u00e9marr\u00e9e. Cependant, il est vivement recommand\u00e9 de pr\u00e9parer votre dossier en amont et d\u2019obtenir votre immatriculation pr\u00e9alablement au lancement de l\u2019entreprise. Vous pourrez ainsi facturer plus rapidement et rester concentrer sur le d\u00e9marrage de votre activit\u00e9 plut\u00f4t que sur les volets administratifs.<\/p>\n<blockquote><p><strong>\u00c0 lire aussi&nbsp;: <\/strong><a href=\"https:\/\/www.facture.net\/blog\/creation-entreprise-redaction-statuts\/\">Cr\u00e9ation d\u2019entreprise&nbsp;: comment r\u00e9diger les statuts&nbsp;?<\/a><\/p><\/blockquote>\n","protected":false},"excerpt":{"rendered":"<p>La cr\u00e9ation d\u2019une entreprise artisanale, comporte un certain nombre d\u2019exigences et d\u2019obligations. \u00c0 l\u2019inverse d\u2019activit\u00e9s moins r\u00e9glement\u00e9es, une entreprise artisanale ne peut pas \u00eatre ouverte par n\u2019importe quel individu. Il existe des obligations de dipl\u00f4mes notamment. Comment proc\u00e9der pour ouvrir son entreprise artisanale\u00a0? Toutes les r\u00e9ponses dans cet article. \u00c0 lire aussi&nbsp;: Combien co\u00fbte la [&hellip;]<\/p>\n","protected":false},"author":1,"featured_media":970,"comment_status":"open","ping_status":"open","sticky":false,"template":"","format":"standard","meta":{"_acf_changed":false,"inline_featured_image":false,"footnotes":""},"categories":[20],"tags":[],"class_list":["post-965","post","type-post","status-publish","format-standard","has-post-thumbnail","hentry","category-creation-entreprise"],"acf":[],"yoast_head":"<!-- This site is optimized with the Yoast SEO plugin v25.9 - https:\/\/yoast.com\/wordpress\/plugins\/seo\/ -->\n<title>Entreprise artisanale : les formalit\u00e9s \u00e0 conna\u00eetre pour sa cr\u00e9ation<\/title>\n<meta name=\"description\" content=\"La cr\u00e9ation d\u2019une entreprise artisanale, comporte un certain nombre d\u2019exigences et d\u2019obligations. \u00c0 l\u2019inverse d\u2019activit\u00e9s moins r\u00e9glement\u00e9es, une\" \/>\n<meta name=\"robots\" content=\"index, follow, max-snippet:-1, max-image-preview:large, max-video-preview:-1\" \/>\n<link rel=\"canonical\" href=\"https:\/\/www.facture.net\/blog\/creation-entreprise-artisanale\/\" \/>\n<meta property=\"og:locale\" content=\"fr_FR\" \/>\n<meta property=\"og:type\" content=\"article\" \/>\n<meta property=\"og:title\" content=\"Entreprise artisanale : les formalit\u00e9s \u00e0 conna\u00eetre pour sa cr\u00e9ation\" \/>\n<meta property=\"og:description\" content=\"La cr\u00e9ation d\u2019une entreprise artisanale, comporte un certain nombre d\u2019exigences et d\u2019obligations. \u00c0 l\u2019inverse d\u2019activit\u00e9s moins r\u00e9glement\u00e9es, une\" \/>\n<meta property=\"og:url\" content=\"https:\/\/www.facture.net\/blog\/creation-entreprise-artisanale\/\" \/>\n<meta property=\"og:site_name\" content=\"Facture.net\" \/>\n<meta property=\"article:published_time\" content=\"2019-10-24T08:30:10+00:00\" \/>\n<meta property=\"article:modified_time\" content=\"2025-08-21T07:42:53+00:00\" \/>\n<meta property=\"og:image\" content=\"https:\/\/www.facture.net\/blog\/wp-content\/uploads\/sites\/3\/2019\/10\/entreprise-artisanale-compressor-1.jpg\" \/>\n\t<meta property=\"og:image:width\" content=\"1024\" \/>\n\t<meta property=\"og:image:height\" content=\"618\" \/>\n\t<meta property=\"og:image:type\" content=\"image\/jpeg\" \/>\n<meta name=\"author\" content=\"Laura Michaud\" \/>\n<meta name=\"twitter:card\" content=\"summary_large_image\" \/>\n<meta name=\"twitter:label1\" content=\"\u00c9crit par\" \/>\n\t<meta name=\"twitter:data1\" content=\"Laura Michaud\" \/>\n\t<meta name=\"twitter:label2\" content=\"Dur\u00e9e de lecture estim\u00e9e\" \/>\n\t<meta name=\"twitter:data2\" content=\"4 minutes\" \/>\n<script type=\"application\/ld+json\" class=\"yoast-schema-graph\">{\"@context\":\"https:\/\/schema.org\",\"@graph\":[{\"@type\":\"Article\",\"@id\":\"https:\/\/www.facture.net\/blog\/creation-entreprise-artisanale\/#article\",\"isPartOf\":{\"@id\":\"https:\/\/www.facture.net\/blog\/creation-entreprise-artisanale\/\"},\"author\":{\"name\":\"Laura Michaud\",\"@id\":\"https:\/\/www.facture.net\/blog\/#\/schema\/person\/33c0ef04707fbe50a096f282050bb5f2\"},\"headline\":\"Entreprise artisanale&nbsp;: les formalit\u00e9s \u00e0 conna\u00eetre pour sa cr\u00e9ation\",\"datePublished\":\"2019-10-24T08:30:10+00:00\",\"dateModified\":\"2025-08-21T07:42:53+00:00\",\"mainEntityOfPage\":{\"@id\":\"https:\/\/www.facture.net\/blog\/creation-entreprise-artisanale\/\"},\"wordCount\":908,\"commentCount\":2,\"publisher\":{\"@id\":\"https:\/\/www.facture.net\/blog\/#organization\"},\"image\":{\"@id\":\"https:\/\/www.facture.net\/blog\/creation-entreprise-artisanale\/#primaryimage\"},\"thumbnailUrl\":\"https:\/\/www.facture.net\/blog\/wp-content\/uploads\/sites\/3\/2019\/10\/entreprise-artisanale-compressor-1.jpg\",\"articleSection\":[\"Cr\u00e9ation d'entreprise\"],\"inLanguage\":\"fr-FR\",\"potentialAction\":[{\"@type\":\"CommentAction\",\"name\":\"Comment\",\"target\":[\"https:\/\/www.facture.net\/blog\/creation-entreprise-artisanale\/#respond\"]}]},{\"@type\":\"WebPage\",\"@id\":\"https:\/\/www.facture.net\/blog\/creation-entreprise-artisanale\/\",\"url\":\"https:\/\/www.facture.net\/blog\/creation-entreprise-artisanale\/\",\"name\":\"Entreprise artisanale : les formalit\u00e9s \u00e0 conna\u00eetre pour sa cr\u00e9ation\",\"isPartOf\":{\"@id\":\"https:\/\/www.facture.net\/blog\/#website\"},\"primaryImageOfPage\":{\"@id\":\"https:\/\/www.facture.net\/blog\/creation-entreprise-artisanale\/#primaryimage\"},\"image\":{\"@id\":\"https:\/\/www.facture.net\/blog\/creation-entreprise-artisanale\/#primaryimage\"},\"thumbnailUrl\":\"https:\/\/www.facture.net\/blog\/wp-content\/uploads\/sites\/3\/2019\/10\/entreprise-artisanale-compressor-1.jpg\",\"datePublished\":\"2019-10-24T08:30:10+00:00\",\"dateModified\":\"2025-08-21T07:42:53+00:00\",\"description\":\"La cr\u00e9ation d\u2019une entreprise artisanale, comporte un certain nombre d\u2019exigences et d\u2019obligations. \u00c0 l\u2019inverse d\u2019activit\u00e9s moins r\u00e9glement\u00e9es, une\",\"breadcrumb\":{\"@id\":\"https:\/\/www.facture.net\/blog\/creation-entreprise-artisanale\/#breadcrumb\"},\"inLanguage\":\"fr-FR\",\"potentialAction\":[{\"@type\":\"ReadAction\",\"target\":[\"https:\/\/www.facture.net\/blog\/creation-entreprise-artisanale\/\"]}]},{\"@type\":\"ImageObject\",\"inLanguage\":\"fr-FR\",\"@id\":\"https:\/\/www.facture.net\/blog\/creation-entreprise-artisanale\/#primaryimage\",\"url\":\"https:\/\/www.facture.net\/blog\/wp-content\/uploads\/sites\/3\/2019\/10\/entreprise-artisanale-compressor-1.jpg\",\"contentUrl\":\"https:\/\/www.facture.net\/blog\/wp-content\/uploads\/sites\/3\/2019\/10\/entreprise-artisanale-compressor-1.jpg\",\"width\":1024,\"height\":618},{\"@type\":\"BreadcrumbList\",\"@id\":\"https:\/\/www.facture.net\/blog\/creation-entreprise-artisanale\/#breadcrumb\",\"itemListElement\":[{\"@type\":\"ListItem\",\"position\":1,\"name\":\"Blog\",\"item\":\"https:\/\/www.facture.net\/blog\/\"},{\"@type\":\"ListItem\",\"position\":2,\"name\":\"Ventes\",\"item\":\"https:\/\/www.facture.net\/blog\/ventes\/\"},{\"@type\":\"ListItem\",\"position\":3,\"name\":\"Entreprise artisanale&nbsp;: les formalit\u00e9s \u00e0 conna\u00eetre pour sa cr\u00e9ation\"}]},{\"@type\":\"WebSite\",\"@id\":\"https:\/\/www.facture.net\/blog\/#website\",\"url\":\"https:\/\/www.facture.net\/blog\/\",\"name\":\"Facture.net\",\"description\":\"facture\",\"publisher\":{\"@id\":\"https:\/\/www.facture.net\/blog\/#organization\"},\"potentialAction\":[{\"@type\":\"SearchAction\",\"target\":{\"@type\":\"EntryPoint\",\"urlTemplate\":\"https:\/\/www.facture.net\/blog\/?s={search_term_string}\"},\"query-input\":{\"@type\":\"PropertyValueSpecification\",\"valueRequired\":true,\"valueName\":\"search_term_string\"}}],\"inLanguage\":\"fr-FR\"},{\"@type\":\"Organization\",\"@id\":\"https:\/\/www.facture.net\/blog\/#organization\",\"name\":\"Facture.net\",\"url\":\"https:\/\/www.facture.net\/blog\/\",\"logo\":{\"@type\":\"ImageObject\",\"inLanguage\":\"fr-FR\",\"@id\":\"https:\/\/www.facture.net\/blog\/#\/schema\/logo\/image\/\",\"url\":\"https:\/\/www.facture.net\/blog\/wp-content\/uploads\/sites\/3\/2022\/07\/logo-facture.svg\",\"contentUrl\":\"https:\/\/www.facture.net\/blog\/wp-content\/uploads\/sites\/3\/2022\/07\/logo-facture.svg\",\"width\":1,\"height\":1,\"caption\":\"Facture.net\"},\"image\":{\"@id\":\"https:\/\/www.facture.net\/blog\/#\/schema\/logo\/image\/\"}},{\"@type\":\"Person\",\"@id\":\"https:\/\/www.facture.net\/blog\/#\/schema\/person\/33c0ef04707fbe50a096f282050bb5f2\",\"name\":\"Laura Michaud\",\"image\":{\"@type\":\"ImageObject\",\"inLanguage\":\"fr-FR\",\"@id\":\"https:\/\/www.facture.net\/blog\/#\/schema\/person\/image\/\",\"url\":\"https:\/\/secure.gravatar.com\/avatar\/c3328cc0c887f98cec6b2979af3311ab6333fc7cc2d4847514cfec6a56fa08a7?s=96&d=mm&r=g\",\"contentUrl\":\"https:\/\/secure.gravatar.com\/avatar\/c3328cc0c887f98cec6b2979af3311ab6333fc7cc2d4847514cfec6a56fa08a7?s=96&d=mm&r=g\",\"caption\":\"Laura Michaud\"},\"description\":\"Laura connait tous les meilleurs outils pour g\u00e9rer des projets et une entreprise. Cr\u00e9ative, c'est aussi une sp\u00e9cialiste des outils de cr\u00e9ation graphique pour faire briller une entreprise.\",\"sameAs\":[\"https:\/\/www.linkedin.com\/in\/michaudlaura\/\"],\"url\":\"https:\/\/www.facture.net\/blog\/author\/laura\/\"}]}<\/script>\n<!-- \/ Yoast SEO plugin. -->","yoast_head_json":{"title":"Entreprise artisanale : les formalit\u00e9s \u00e0 conna\u00eetre pour sa cr\u00e9ation","description":"La cr\u00e9ation d\u2019une entreprise artisanale, comporte un certain nombre d\u2019exigences et d\u2019obligations. \u00c0 l\u2019inverse d\u2019activit\u00e9s moins r\u00e9glement\u00e9es, une","robots":{"index":"index","follow":"follow","max-snippet":"max-snippet:-1","max-image-preview":"max-image-preview:large","max-video-preview":"max-video-preview:-1"},"canonical":"https:\/\/www.facture.net\/blog\/creation-entreprise-artisanale\/","og_locale":"fr_FR","og_type":"article","og_title":"Entreprise artisanale : les formalit\u00e9s \u00e0 conna\u00eetre pour sa cr\u00e9ation","og_description":"La cr\u00e9ation d\u2019une entreprise artisanale, comporte un certain nombre d\u2019exigences et d\u2019obligations. \u00c0 l\u2019inverse d\u2019activit\u00e9s moins r\u00e9glement\u00e9es, une","og_url":"https:\/\/www.facture.net\/blog\/creation-entreprise-artisanale\/","og_site_name":"Facture.net","article_published_time":"2019-10-24T08:30:10+00:00","article_modified_time":"2025-08-21T07:42:53+00:00","og_image":[{"width":1024,"height":618,"url":"https:\/\/www.facture.net\/blog\/wp-content\/uploads\/sites\/3\/2019\/10\/entreprise-artisanale-compressor-1.jpg","type":"image\/jpeg"}],"author":"Laura Michaud","twitter_card":"summary_large_image","twitter_misc":{"\u00c9crit par":"Laura Michaud","Dur\u00e9e de lecture estim\u00e9e":"4 minutes"},"schema":{"@context":"https:\/\/schema.org","@graph":[{"@type":"Article","@id":"https:\/\/www.facture.net\/blog\/creation-entreprise-artisanale\/#article","isPartOf":{"@id":"https:\/\/www.facture.net\/blog\/creation-entreprise-artisanale\/"},"author":{"name":"Laura Michaud","@id":"https:\/\/www.facture.net\/blog\/#\/schema\/person\/33c0ef04707fbe50a096f282050bb5f2"},"headline":"Entreprise artisanale&nbsp;: les formalit\u00e9s \u00e0 conna\u00eetre pour sa cr\u00e9ation","datePublished":"2019-10-24T08:30:10+00:00","dateModified":"2025-08-21T07:42:53+00:00","mainEntityOfPage":{"@id":"https:\/\/www.facture.net\/blog\/creation-entreprise-artisanale\/"},"wordCount":908,"commentCount":2,"publisher":{"@id":"https:\/\/www.facture.net\/blog\/#organization"},"image":{"@id":"https:\/\/www.facture.net\/blog\/creation-entreprise-artisanale\/#primaryimage"},"thumbnailUrl":"https:\/\/www.facture.net\/blog\/wp-content\/uploads\/sites\/3\/2019\/10\/entreprise-artisanale-compressor-1.jpg","articleSection":["Cr\u00e9ation d'entreprise"],"inLanguage":"fr-FR","potentialAction":[{"@type":"CommentAction","name":"Comment","target":["https:\/\/www.facture.net\/blog\/creation-entreprise-artisanale\/#respond"]}]},{"@type":"WebPage","@id":"https:\/\/www.facture.net\/blog\/creation-entreprise-artisanale\/","url":"https:\/\/www.facture.net\/blog\/creation-entreprise-artisanale\/","name":"Entreprise artisanale : les formalit\u00e9s \u00e0 conna\u00eetre pour sa cr\u00e9ation","isPartOf":{"@id":"https:\/\/www.facture.net\/blog\/#website"},"primaryImageOfPage":{"@id":"https:\/\/www.facture.net\/blog\/creation-entreprise-artisanale\/#primaryimage"},"image":{"@id":"https:\/\/www.facture.net\/blog\/creation-entreprise-artisanale\/#primaryimage"},"thumbnailUrl":"https:\/\/www.facture.net\/blog\/wp-content\/uploads\/sites\/3\/2019\/10\/entreprise-artisanale-compressor-1.jpg","datePublished":"2019-10-24T08:30:10+00:00","dateModified":"2025-08-21T07:42:53+00:00","description":"La cr\u00e9ation d\u2019une entreprise artisanale, comporte un certain nombre d\u2019exigences et d\u2019obligations. \u00c0 l\u2019inverse d\u2019activit\u00e9s moins r\u00e9glement\u00e9es, une","breadcrumb":{"@id":"https:\/\/www.facture.net\/blog\/creation-entreprise-artisanale\/#breadcrumb"},"inLanguage":"fr-FR","potentialAction":[{"@type":"ReadAction","target":["https:\/\/www.facture.net\/blog\/creation-entreprise-artisanale\/"]}]},{"@type":"ImageObject","inLanguage":"fr-FR","@id":"https:\/\/www.facture.net\/blog\/creation-entreprise-artisanale\/#primaryimage","url":"https:\/\/www.facture.net\/blog\/wp-content\/uploads\/sites\/3\/2019\/10\/entreprise-artisanale-compressor-1.jpg","contentUrl":"https:\/\/www.facture.net\/blog\/wp-content\/uploads\/sites\/3\/2019\/10\/entreprise-artisanale-compressor-1.jpg","width":1024,"height":618},{"@type":"BreadcrumbList","@id":"https:\/\/www.facture.net\/blog\/creation-entreprise-artisanale\/#breadcrumb","itemListElement":[{"@type":"ListItem","position":1,"name":"Blog","item":"https:\/\/www.facture.net\/blog\/"},{"@type":"ListItem","position":2,"name":"Ventes","item":"https:\/\/www.facture.net\/blog\/ventes\/"},{"@type":"ListItem","position":3,"name":"Entreprise artisanale&nbsp;: les formalit\u00e9s \u00e0 conna\u00eetre pour sa cr\u00e9ation"}]},{"@type":"WebSite","@id":"https:\/\/www.facture.net\/blog\/#website","url":"https:\/\/www.facture.net\/blog\/","name":"Facture.net","description":"facture","publisher":{"@id":"https:\/\/www.facture.net\/blog\/#organization"},"potentialAction":[{"@type":"SearchAction","target":{"@type":"EntryPoint","urlTemplate":"https:\/\/www.facture.net\/blog\/?s={search_term_string}"},"query-input":{"@type":"PropertyValueSpecification","valueRequired":true,"valueName":"search_term_string"}}],"inLanguage":"fr-FR"},{"@type":"Organization","@id":"https:\/\/www.facture.net\/blog\/#organization","name":"Facture.net","url":"https:\/\/www.facture.net\/blog\/","logo":{"@type":"ImageObject","inLanguage":"fr-FR","@id":"https:\/\/www.facture.net\/blog\/#\/schema\/logo\/image\/","url":"https:\/\/www.facture.net\/blog\/wp-content\/uploads\/sites\/3\/2022\/07\/logo-facture.svg","contentUrl":"https:\/\/www.facture.net\/blog\/wp-content\/uploads\/sites\/3\/2022\/07\/logo-facture.svg","width":1,"height":1,"caption":"Facture.net"},"image":{"@id":"https:\/\/www.facture.net\/blog\/#\/schema\/logo\/image\/"}},{"@type":"Person","@id":"https:\/\/www.facture.net\/blog\/#\/schema\/person\/33c0ef04707fbe50a096f282050bb5f2","name":"Laura Michaud","image":{"@type":"ImageObject","inLanguage":"fr-FR","@id":"https:\/\/www.facture.net\/blog\/#\/schema\/person\/image\/","url":"https:\/\/secure.gravatar.com\/avatar\/c3328cc0c887f98cec6b2979af3311ab6333fc7cc2d4847514cfec6a56fa08a7?s=96&d=mm&r=g","contentUrl":"https:\/\/secure.gravatar.com\/avatar\/c3328cc0c887f98cec6b2979af3311ab6333fc7cc2d4847514cfec6a56fa08a7?s=96&d=mm&r=g","caption":"Laura Michaud"},"description":"Laura connait tous les meilleurs outils pour g\u00e9rer des projets et une entreprise. Cr\u00e9ative, c'est aussi une sp\u00e9cialiste des outils de cr\u00e9ation graphique pour faire briller une entreprise.","sameAs":["https:\/\/www.linkedin.com\/in\/michaudlaura\/"],"url":"https:\/\/www.facture.net\/blog\/author\/laura\/"}]}},"_links":{"self":[{"href":"https:\/\/www.facture.net\/blog\/wp-json\/wp\/v2\/posts\/965","targetHints":{"allow":["GET"]}}],"collection":[{"href":"https:\/\/www.facture.net\/blog\/wp-json\/wp\/v2\/posts"}],"about":[{"href":"https:\/\/www.facture.net\/blog\/wp-json\/wp\/v2\/types\/post"}],"author":[{"embeddable":true,"href":"https:\/\/www.facture.net\/blog\/wp-json\/wp\/v2\/users\/1"}],"replies":[{"embeddable":true,"href":"https:\/\/www.facture.net\/blog\/wp-json\/wp\/v2\/comments?post=965"}],"version-history":[{"count":0,"href":"https:\/\/www.facture.net\/blog\/wp-json\/wp\/v2\/posts\/965\/revisions"}],"wp:featuredmedia":[{"embeddable":true,"href":"https:\/\/www.facture.net\/blog\/wp-json\/wp\/v2\/media\/970"}],"wp:attachment":[{"href":"https:\/\/www.facture.net\/blog\/wp-json\/wp\/v2\/media?parent=965"}],"wp:term":[{"taxonomy":"category","embeddable":true,"href":"https:\/\/www.facture.net\/blog\/wp-json\/wp\/v2\/categories?post=965"},{"taxonomy":"post_tag","embeddable":true,"href":"https:\/\/www.facture.net\/blog\/wp-json\/wp\/v2\/tags?post=965"}],"curies":[{"name":"wp","href":"https:\/\/api.w.org\/{rel}","templated":true}]}}