{"id":907,"date":"2026-03-20T10:50:00","date_gmt":"2026-03-20T09:50:00","guid":{"rendered":"https:\/\/www.facture.net\/blog\/?p=907"},"modified":"2026-03-20T10:50:01","modified_gmt":"2026-03-20T09:50:01","slug":"comment-changer-denomination-sociale","status":"publish","type":"post","link":"https:\/\/www.facture.net\/blog\/comment-changer-denomination-sociale\/","title":{"rendered":"Entrepreneur&nbsp;: comment changer de d\u00e9nomination sociale&nbsp;?"},"content":{"rendered":"\n<p>La <a href=\"https:\/\/www.facture.net\/blog\/comment-trouver-un-nom-d-entreprise\/\" target=\"_blank\" rel=\"noopener\">d\u00e9nomination sociale<\/a> correspond au nom officiel sous lequel une soci\u00e9t\u00e9 est immatricul\u00e9e. Contrairement au nom commercial, qui est utilis\u00e9 pour les relations avec les clients, la d\u00e9nomination sociale repr\u00e9sente l&#8217;identit\u00e9 l\u00e9gale de votre entreprise.<\/p>\n\n\n\n<p>Si vous envisagez un <strong>changement de d\u00e9nomination sociale<\/strong>, que ce soit \u00e0 cause d\u2019une \u00e9volution d\u2019activit\u00e9, d\u2019une fusion ou pour des raisons juridiques, il est essentiel de suivre un processus pr\u00e9cis. D\u00e9couvrez toutes les \u00e9tapes pour effectuer ce changement en toute l\u00e9galit\u00e9.<\/p>\n\n\n\n<h2 class=\"wp-block-heading\"><strong>Quelles formalit\u00e9s pour d\u00e9cider un changement de d\u00e9nomination sociale&nbsp;?<\/strong><\/h2>\n\n\n\n<p>Le changement de d\u00e9nomination sociale n\u00e9cessite une prise de d\u00e9cision collective, dont les modalit\u00e9s varient selon la forme juridique de votre entreprise. Voici un r\u00e9capitulatif des proc\u00e9dures \u00e0 suivre en fonction du type de soci\u00e9t\u00e9.<\/p>\n\n\n\n<h3 class=\"wp-block-heading\">Prise de d\u00e9cision en SARL et en EURL<\/h3>\n\n\n\n<p>En SARL, le changement de d\u00e9nomination sociale doit \u00eatre valid\u00e9 lors d\u2019une assembl\u00e9e g\u00e9n\u00e9rale extraordinaire (AGE) par les associ\u00e9s. Si l&#8217;associ\u00e9 est seul (SARL unipersonnelle ou EURL), la d\u00e9cision revient \u00e0 l\u2019associ\u00e9 unique, qui prend cette d\u00e9cision seul.<\/p>\n\n\n\n<h3 class=\"wp-block-heading\">Prise de d\u00e9cision en SAS et en SASU<\/h3>\n\n\n\n<p>En SAS, le changement de d\u00e9nomination sociale est d\u00e9cid\u00e9 par l\u2019organe comp\u00e9tent d\u00e9sign\u00e9 dans les statuts. Contrairement aux SARL, il n\u2019est pas n\u00e9cessaire d\u2019organiser une d\u00e9cision collective pour ce type de soci\u00e9t\u00e9. En SASU, l\u2019associ\u00e9 unique prend la d\u00e9cision seul.<\/p>\n\n\n\n<h3 class=\"wp-block-heading\">Prise de d\u00e9cision en SA<\/h3>\n\n\n\n<p>En SA, le changement de d\u00e9nomination sociale est d\u00e9cid\u00e9 par les actionnaires&nbsp;lors d\u2019une assembl\u00e9e g\u00e9n\u00e9rale extraordinaire.<\/p>\n\n\n\n<h3 class=\"wp-block-heading\">Acter la d\u00e9cision de changement de d\u00e9nomination sociale<\/h3>\n\n\n\n<p>Un proc\u00e8s-verbal&nbsp; doit \u00eatre r\u00e9dig\u00e9 pour officialiser le changement. Ce document doit imp\u00e9rativement contenir les \u00e9l\u00e9ments suivants&nbsp;:<\/p>\n\n\n\n<ul class=\"wp-block-list\">\n<li>L&#8217;ancienne d\u00e9nomination sociale de la soci\u00e9t\u00e9.<\/li>\n\n\n\n<li>La d\u00e9cision concernant le choix de la nouvelle d\u00e9nomination sociale.<\/li>\n\n\n\n<li>La mise \u00e0 jour des statuts de la soci\u00e9t\u00e9 pour refl\u00e9ter le changement de d\u00e9nomination.<\/li>\n<\/ul>\n\n\n\n<p>Ce proc\u00e8s-verbal constitue la base l\u00e9gale pour les \u00e9tapes suivantes de la proc\u00e9dure, telles que la modification des statuts et les formalit\u00e9s aupr\u00e8s du greffe.<\/p>\n\n\n\n<h2 class=\"wp-block-heading\"><strong>Quelles \u00e9tapes apr\u00e8s avoir pris la d\u00e9cision de changer de d\u00e9nomination sociale&nbsp;?<\/strong><\/h2>\n\n\n\n<h3 class=\"wp-block-heading\">Publication dans un journal d\u2019annonces l\u00e9gales<\/h3>\n\n\n\n<p>Il est obligatoire de publier un <strong>avis de modification<\/strong> dans un journal d\u2019annonces l\u00e9gales (JAL) du d\u00e9partement o\u00f9 se trouve le si\u00e8ge social. L\u2019annonce doit inclure&nbsp;:<\/p>\n\n\n\n<ul class=\"wp-block-list\">\n<li>L\u2019ancienne et la nouvelle d\u00e9nomination sociale.<\/li>\n\n\n\n<li>La forme juridique de la soci\u00e9t\u00e9 et son capital social.<\/li>\n\n\n\n<li>L\u2019adresse du si\u00e8ge social.<\/li>\n\n\n\n<li>Le num\u00e9ro RCS et le greffe comp\u00e9tent.<\/li>\n\n\n\n<li>La date et l\u2019organe ayant pris la d\u00e9cision.<\/li>\n<\/ul>\n\n\n\n<p><strong>Co\u00fbt estim\u00e9&nbsp;:<\/strong> entre 150 et 200 \u20ac selon le journal.<\/p>\n\n\n\n<h3 class=\"wp-block-heading\"><strong>Modification des statuts de la soci\u00e9t\u00e9<\/strong><\/h3>\n\n\n\n<p>Apr\u00e8s publication, d\u00e9posez un dossier de modification aupr\u00e8s du Centre de Formalit\u00e9s des Entreprises (CFE), comprenant&nbsp;:<\/p>\n\n\n\n<ul class=\"wp-block-list\">\n<li>Le formulaire M2 rempli (3 exemplaires).<\/li>\n\n\n\n<li>Une copie certifi\u00e9e conforme de la d\u00e9cision de changement.<\/li>\n\n\n\n<li>Les statuts mis \u00e0 jour et certifi\u00e9s conformes.<\/li>\n\n\n\n<li>L\u2019attestation de parution dans un JAL.<\/li>\n<\/ul>\n\n\n\n<p>Cette formalit\u00e9 est \u00e9galement payante (environ 200 \u20ac).<\/p>\n\n\n<div class=\"wp-block-image\">\n<figure class=\"aligncenter\"><img decoding=\"async\" width=\"2018\" height=\"1426\" src=\"https:\/\/www.facture.net\/blog\/wp-content\/uploads\/sites\/3\/2019\/09\/screenshot1133-1.jpg\" alt=\"\" class=\"wp-image-913\" srcset=\"https:\/\/www.facture.net\/blog\/wp-content\/uploads\/sites\/3\/2019\/09\/screenshot1133-1.jpg 2018w, https:\/\/www.facture.net\/blog\/wp-content\/uploads\/sites\/3\/2019\/09\/screenshot1133-1-300x212.jpg 300w, https:\/\/www.facture.net\/blog\/wp-content\/uploads\/sites\/3\/2019\/09\/screenshot1133-1-1024x724.jpg 1024w, https:\/\/www.facture.net\/blog\/wp-content\/uploads\/sites\/3\/2019\/09\/screenshot1133-1-768x543.jpg 768w, https:\/\/www.facture.net\/blog\/wp-content\/uploads\/sites\/3\/2019\/09\/screenshot1133-1-1536x1085.jpg 1536w, https:\/\/www.facture.net\/blog\/wp-content\/uploads\/sites\/3\/2019\/09\/screenshot1133-1-60x42.jpg 60w, https:\/\/www.facture.net\/blog\/wp-content\/uploads\/sites\/3\/2019\/09\/screenshot1133-1-370x261.jpg 370w, https:\/\/www.facture.net\/blog\/wp-content\/uploads\/sites\/3\/2019\/09\/screenshot1133-1-270x191.jpg 270w, https:\/\/www.facture.net\/blog\/wp-content\/uploads\/sites\/3\/2019\/09\/screenshot1133-1-570x403.jpg 570w, https:\/\/www.facture.net\/blog\/wp-content\/uploads\/sites\/3\/2019\/09\/screenshot1133-1-740x523.jpg 740w\" sizes=\"(max-width: 2018px) 100vw, 2018px\" \/><\/figure><\/div>\n\n\n<p><\/p>\n\n\n\n<blockquote class=\"wp-block-quote is-layout-flow wp-block-quote-is-layout-flow\">\n<p><strong>\u00c0 lire aussi&nbsp;: <\/strong><a href=\"https:\/\/www.facture.net\/blog\/creation-entreprise-redaction-statuts\/\">Cr\u00e9ation d\u2019entreprise&nbsp;: comment r\u00e9diger les statuts&nbsp;?<\/a><\/p>\n<\/blockquote>\n\n\n\n<h2 class=\"wp-block-heading\"><strong>Pensez \u00e0 l&#8217;impact du changement de d\u00e9nomination sociale sur votre image de marque<\/strong><\/h2>\n\n\n\n<p>Changer de d\u00e9nomination sociale n\u2019est pas uniquement une affaire administrative. Bien que la d\u00e9nomination commerciale soit probablement la plus connue aupr\u00e8s de vos clients, un nouveau nom peut entra\u00eener un peu de confusion et impacter votre <a href=\"https:\/\/www.facture.net\/blog\/entreprise-indicateurs-de-performances\/\">notori\u00e9t\u00e9<\/a>. Il convient de communiquer pr\u00e9alablement au changement, aupr\u00e8s de votre client\u00e8le, et m\u00eame aupr\u00e8s de vos fournisseurs.<\/p>\n\n\n\n<p>Par ailleurs, cela suppose de revoir <strong>tous vos supports de communication<\/strong>, afin de les mettre \u00e0 jour et au besoin de les modifier.<\/p>\n\n\n\n<p>Il vous faudra donc&nbsp;:<\/p>\n\n\n\n<ul class=\"wp-block-list\">\n<li>Modifier votre logo et par ricochet tous vos documents commerciaux (<a href=\"https:\/\/www.facture.net\/blog\/conditions-generales-vente-obligations\/\">conditions g\u00e9n\u00e9rales de vente<\/a>, bons de commande, devis, factures&#8230;).<\/li>\n\n\n\n<li>Mettre \u00e0 jour votre site internet\u00a0: nom de domaine, mentions de la d\u00e9nomination sociale sur le site internet, mentions l\u00e9gales, etc.<\/li>\n\n\n\n<li>Inscrire votre nouveau nom au registre de marque, aupr\u00e8s de l\u2019INPI.<\/li>\n\n\n\n<li>&#8230;<\/li>\n<\/ul>\n\n\n\n<h2 class=\"wp-block-heading\"><strong>Le changement de d\u00e9nomination sociale&nbsp;: une formalit\u00e9 \u00e0 ne pas n\u00e9gliger<\/strong><\/h2>\n\n\n\n<p>Aux vues des d\u00e9marches \u00e0 effectuer, vous vous demandez peut-\u00eatre s\u2019il est judicieux de changer votre d\u00e9nomination sociale et dans quel cas cela est pertinent.<\/p>\n\n\n\n<p>C&#8217;est une d\u00e9cision strat\u00e9gique qui demande une ex\u00e9cution rigoureuse pour garantir une transition fluide. Assurez-vous de respecter toutes les formalit\u00e9s l\u00e9gales et de minimiser l\u2019impact sur votre client\u00e8le et votre r\u00e9putation.<\/p>\n\n\n\n<p>Bien que chaque cas soit diff\u00e9rent, il est possible de d\u00e9terminer 3 grandes raisons de modifier le nom de son entreprise&nbsp;:<\/p>\n\n\n\n<ul class=\"wp-block-list\">\n<li>Une fusion avec une autre soci\u00e9t\u00e9. Une nouvelle d\u00e9nomination sociale peut alors mieux correspondre aux deux entreprises concern\u00e9es.<\/li>\n\n\n\n<li>Un changement d\u2019objet social\u00a0: votre activit\u00e9 n\u2019est plus la m\u00eame. Auquel cas la d\u00e9nomination sociale initiale peut ne plus \u00eatre en ad\u00e9quation avec la nouvelle r\u00e9alit\u00e9 de l\u2019entreprise.<\/li>\n\n\n\n<li>Une d\u00e9nomination sociale similaire \u00e0 celle d\u2019un concurrent. Cela peut \u00eatre handicapant pour d\u00e9velopper votre notori\u00e9t\u00e9 mais \u00e9galement vous p\u00e9naliser en terme de droit, si le nom a \u00e9t\u00e9 d\u00e9pos\u00e9 avant le votre.<\/li>\n<\/ul>\n\n\n\n<p>Vous avez d\u00e9sormais tous les \u00e9l\u00e9ments en main pour prendre votre d\u00e9cision.<\/p>\n\n\n\n<p>Pour faciliter votre facturation, pensez \u00e0 <a href=\"https:\/\/www.facture.net\/\">Facture.net<\/a>.<\/p>\n","protected":false},"excerpt":{"rendered":"<p>La d\u00e9nomination sociale correspond au nom officiel sous lequel une soci\u00e9t\u00e9 est immatricul\u00e9e. Contrairement au nom commercial, qui est utilis\u00e9 pour les relations avec les clients, la d\u00e9nomination sociale repr\u00e9sente l&#8217;identit\u00e9 l\u00e9gale de votre entreprise. Si vous envisagez un changement de d\u00e9nomination sociale, que ce soit \u00e0 cause d\u2019une \u00e9volution d\u2019activit\u00e9, d\u2019une fusion ou pour [&hellip;]<\/p>\n","protected":false},"author":1,"featured_media":11358,"comment_status":"open","ping_status":"open","sticky":false,"template":"","format":"standard","meta":{"_acf_changed":false,"inline_featured_image":false,"footnotes":""},"categories":[3],"tags":[],"class_list":["post-907","post","type-post","status-publish","format-standard","has-post-thumbnail","hentry","category-entrepreneuriat"],"acf":[],"yoast_head":"<!-- This site is optimized with the Yoast SEO plugin v25.9 - https:\/\/yoast.com\/wordpress\/plugins\/seo\/ -->\n<title>Entrepreneur : comment changer de d\u00e9nomination sociale ?<\/title>\n<meta name=\"description\" content=\"D\u00e9couvrez comment effectuer un changement de d\u00e9nomination sociale : d\u00e9marches l\u00e9gales, formalit\u00e9s et impact sur votre image de marque.\" \/>\n<meta name=\"robots\" content=\"index, follow, max-snippet:-1, max-image-preview:large, max-video-preview:-1\" \/>\n<link rel=\"canonical\" href=\"https:\/\/www.facture.net\/blog\/comment-changer-denomination-sociale\/\" \/>\n<meta property=\"og:locale\" content=\"fr_FR\" \/>\n<meta property=\"og:type\" content=\"article\" \/>\n<meta property=\"og:title\" content=\"Entrepreneur : comment changer de d\u00e9nomination sociale ?\" \/>\n<meta property=\"og:description\" content=\"D\u00e9couvrez comment effectuer un changement de d\u00e9nomination sociale : d\u00e9marches l\u00e9gales, formalit\u00e9s et impact sur votre image de marque.\" \/>\n<meta property=\"og:url\" content=\"https:\/\/www.facture.net\/blog\/comment-changer-denomination-sociale\/\" \/>\n<meta property=\"og:site_name\" content=\"Facture.net\" \/>\n<meta property=\"article:published_time\" content=\"2026-03-20T09:50:00+00:00\" \/>\n<meta property=\"article:modified_time\" content=\"2026-03-20T09:50:01+00:00\" \/>\n<meta property=\"og:image\" content=\"https:\/\/www.facture.net\/blog\/wp-content\/uploads\/sites\/3\/2024\/11\/changer-denomination-sociale.jpg\" \/>\n\t<meta property=\"og:image:width\" content=\"1200\" \/>\n\t<meta property=\"og:image:height\" content=\"675\" \/>\n\t<meta property=\"og:image:type\" content=\"image\/jpeg\" \/>\n<meta name=\"author\" content=\"Laura Michaud\" \/>\n<meta name=\"twitter:card\" content=\"summary_large_image\" \/>\n<meta name=\"twitter:label1\" content=\"\u00c9crit par\" \/>\n\t<meta name=\"twitter:data1\" content=\"Laura Michaud\" \/>\n\t<meta name=\"twitter:label2\" content=\"Dur\u00e9e de lecture estim\u00e9e\" \/>\n\t<meta name=\"twitter:data2\" content=\"5 minutes\" \/>\n<script type=\"application\/ld+json\" class=\"yoast-schema-graph\">{\"@context\":\"https:\/\/schema.org\",\"@graph\":[{\"@type\":\"Article\",\"@id\":\"https:\/\/www.facture.net\/blog\/comment-changer-denomination-sociale\/#article\",\"isPartOf\":{\"@id\":\"https:\/\/www.facture.net\/blog\/comment-changer-denomination-sociale\/\"},\"author\":{\"name\":\"Laura Michaud\",\"@id\":\"https:\/\/www.facture.net\/blog\/#\/schema\/person\/33c0ef04707fbe50a096f282050bb5f2\"},\"headline\":\"Entrepreneur&nbsp;: comment changer de d\u00e9nomination sociale&nbsp;?\",\"datePublished\":\"2026-03-20T09:50:00+00:00\",\"dateModified\":\"2026-03-20T09:50:01+00:00\",\"mainEntityOfPage\":{\"@id\":\"https:\/\/www.facture.net\/blog\/comment-changer-denomination-sociale\/\"},\"wordCount\":958,\"commentCount\":1,\"publisher\":{\"@id\":\"https:\/\/www.facture.net\/blog\/#organization\"},\"image\":{\"@id\":\"https:\/\/www.facture.net\/blog\/comment-changer-denomination-sociale\/#primaryimage\"},\"thumbnailUrl\":\"https:\/\/www.facture.net\/blog\/wp-content\/uploads\/sites\/3\/2024\/11\/changer-denomination-sociale.jpg\",\"articleSection\":[\"Entrepreneuriat\"],\"inLanguage\":\"fr-FR\",\"potentialAction\":[{\"@type\":\"CommentAction\",\"name\":\"Comment\",\"target\":[\"https:\/\/www.facture.net\/blog\/comment-changer-denomination-sociale\/#respond\"]}]},{\"@type\":\"WebPage\",\"@id\":\"https:\/\/www.facture.net\/blog\/comment-changer-denomination-sociale\/\",\"url\":\"https:\/\/www.facture.net\/blog\/comment-changer-denomination-sociale\/\",\"name\":\"Entrepreneur : comment changer de d\u00e9nomination sociale ?\",\"isPartOf\":{\"@id\":\"https:\/\/www.facture.net\/blog\/#website\"},\"primaryImageOfPage\":{\"@id\":\"https:\/\/www.facture.net\/blog\/comment-changer-denomination-sociale\/#primaryimage\"},\"image\":{\"@id\":\"https:\/\/www.facture.net\/blog\/comment-changer-denomination-sociale\/#primaryimage\"},\"thumbnailUrl\":\"https:\/\/www.facture.net\/blog\/wp-content\/uploads\/sites\/3\/2024\/11\/changer-denomination-sociale.jpg\",\"datePublished\":\"2026-03-20T09:50:00+00:00\",\"dateModified\":\"2026-03-20T09:50:01+00:00\",\"description\":\"D\u00e9couvrez comment effectuer un changement de d\u00e9nomination sociale : d\u00e9marches l\u00e9gales, formalit\u00e9s et impact sur votre image de marque.\",\"breadcrumb\":{\"@id\":\"https:\/\/www.facture.net\/blog\/comment-changer-denomination-sociale\/#breadcrumb\"},\"inLanguage\":\"fr-FR\",\"potentialAction\":[{\"@type\":\"ReadAction\",\"target\":[\"https:\/\/www.facture.net\/blog\/comment-changer-denomination-sociale\/\"]}]},{\"@type\":\"ImageObject\",\"inLanguage\":\"fr-FR\",\"@id\":\"https:\/\/www.facture.net\/blog\/comment-changer-denomination-sociale\/#primaryimage\",\"url\":\"https:\/\/www.facture.net\/blog\/wp-content\/uploads\/sites\/3\/2024\/11\/changer-denomination-sociale.jpg\",\"contentUrl\":\"https:\/\/www.facture.net\/blog\/wp-content\/uploads\/sites\/3\/2024\/11\/changer-denomination-sociale.jpg\",\"width\":1200,\"height\":675,\"caption\":\"changement de d\u00e9nomination sociale\"},{\"@type\":\"BreadcrumbList\",\"@id\":\"https:\/\/www.facture.net\/blog\/comment-changer-denomination-sociale\/#breadcrumb\",\"itemListElement\":[{\"@type\":\"ListItem\",\"position\":1,\"name\":\"Blog\",\"item\":\"https:\/\/www.facture.net\/blog\/\"},{\"@type\":\"ListItem\",\"position\":2,\"name\":\"Entrepreneuriat\",\"item\":\"https:\/\/www.facture.net\/blog\/entrepreneuriat\/\"},{\"@type\":\"ListItem\",\"position\":3,\"name\":\"Entrepreneur&nbsp;: comment changer de d\u00e9nomination sociale&nbsp;?\"}]},{\"@type\":\"WebSite\",\"@id\":\"https:\/\/www.facture.net\/blog\/#website\",\"url\":\"https:\/\/www.facture.net\/blog\/\",\"name\":\"Facture.net\",\"description\":\"facture\",\"publisher\":{\"@id\":\"https:\/\/www.facture.net\/blog\/#organization\"},\"potentialAction\":[{\"@type\":\"SearchAction\",\"target\":{\"@type\":\"EntryPoint\",\"urlTemplate\":\"https:\/\/www.facture.net\/blog\/?s={search_term_string}\"},\"query-input\":{\"@type\":\"PropertyValueSpecification\",\"valueRequired\":true,\"valueName\":\"search_term_string\"}}],\"inLanguage\":\"fr-FR\"},{\"@type\":\"Organization\",\"@id\":\"https:\/\/www.facture.net\/blog\/#organization\",\"name\":\"Facture.net\",\"url\":\"https:\/\/www.facture.net\/blog\/\",\"logo\":{\"@type\":\"ImageObject\",\"inLanguage\":\"fr-FR\",\"@id\":\"https:\/\/www.facture.net\/blog\/#\/schema\/logo\/image\/\",\"url\":\"https:\/\/www.facture.net\/blog\/wp-content\/uploads\/sites\/3\/2022\/07\/logo-facture.svg\",\"contentUrl\":\"https:\/\/www.facture.net\/blog\/wp-content\/uploads\/sites\/3\/2022\/07\/logo-facture.svg\",\"width\":1,\"height\":1,\"caption\":\"Facture.net\"},\"image\":{\"@id\":\"https:\/\/www.facture.net\/blog\/#\/schema\/logo\/image\/\"}},{\"@type\":\"Person\",\"@id\":\"https:\/\/www.facture.net\/blog\/#\/schema\/person\/33c0ef04707fbe50a096f282050bb5f2\",\"name\":\"Laura Michaud\",\"image\":{\"@type\":\"ImageObject\",\"inLanguage\":\"fr-FR\",\"@id\":\"https:\/\/www.facture.net\/blog\/#\/schema\/person\/image\/\",\"url\":\"https:\/\/secure.gravatar.com\/avatar\/c3328cc0c887f98cec6b2979af3311ab6333fc7cc2d4847514cfec6a56fa08a7?s=96&d=mm&r=g\",\"contentUrl\":\"https:\/\/secure.gravatar.com\/avatar\/c3328cc0c887f98cec6b2979af3311ab6333fc7cc2d4847514cfec6a56fa08a7?s=96&d=mm&r=g\",\"caption\":\"Laura Michaud\"},\"description\":\"Laura connait tous les meilleurs outils pour g\u00e9rer des projets et une entreprise. Cr\u00e9ative, c'est aussi une sp\u00e9cialiste des outils de cr\u00e9ation graphique pour faire briller une entreprise.\",\"sameAs\":[\"https:\/\/www.linkedin.com\/in\/michaudlaura\/\"],\"url\":\"https:\/\/www.facture.net\/blog\/author\/laura\/\"}]}<\/script>\n<!-- \/ Yoast SEO plugin. -->","yoast_head_json":{"title":"Entrepreneur : comment changer de d\u00e9nomination sociale ?","description":"D\u00e9couvrez comment effectuer un changement de d\u00e9nomination sociale : d\u00e9marches l\u00e9gales, formalit\u00e9s et impact sur votre image de marque.","robots":{"index":"index","follow":"follow","max-snippet":"max-snippet:-1","max-image-preview":"max-image-preview:large","max-video-preview":"max-video-preview:-1"},"canonical":"https:\/\/www.facture.net\/blog\/comment-changer-denomination-sociale\/","og_locale":"fr_FR","og_type":"article","og_title":"Entrepreneur : comment changer de d\u00e9nomination sociale ?","og_description":"D\u00e9couvrez comment effectuer un changement de d\u00e9nomination sociale : d\u00e9marches l\u00e9gales, formalit\u00e9s et impact sur votre image de marque.","og_url":"https:\/\/www.facture.net\/blog\/comment-changer-denomination-sociale\/","og_site_name":"Facture.net","article_published_time":"2026-03-20T09:50:00+00:00","article_modified_time":"2026-03-20T09:50:01+00:00","og_image":[{"width":1200,"height":675,"url":"https:\/\/www.facture.net\/blog\/wp-content\/uploads\/sites\/3\/2024\/11\/changer-denomination-sociale.jpg","type":"image\/jpeg"}],"author":"Laura Michaud","twitter_card":"summary_large_image","twitter_misc":{"\u00c9crit par":"Laura Michaud","Dur\u00e9e de lecture estim\u00e9e":"5 minutes"},"schema":{"@context":"https:\/\/schema.org","@graph":[{"@type":"Article","@id":"https:\/\/www.facture.net\/blog\/comment-changer-denomination-sociale\/#article","isPartOf":{"@id":"https:\/\/www.facture.net\/blog\/comment-changer-denomination-sociale\/"},"author":{"name":"Laura Michaud","@id":"https:\/\/www.facture.net\/blog\/#\/schema\/person\/33c0ef04707fbe50a096f282050bb5f2"},"headline":"Entrepreneur&nbsp;: comment changer de d\u00e9nomination sociale&nbsp;?","datePublished":"2026-03-20T09:50:00+00:00","dateModified":"2026-03-20T09:50:01+00:00","mainEntityOfPage":{"@id":"https:\/\/www.facture.net\/blog\/comment-changer-denomination-sociale\/"},"wordCount":958,"commentCount":1,"publisher":{"@id":"https:\/\/www.facture.net\/blog\/#organization"},"image":{"@id":"https:\/\/www.facture.net\/blog\/comment-changer-denomination-sociale\/#primaryimage"},"thumbnailUrl":"https:\/\/www.facture.net\/blog\/wp-content\/uploads\/sites\/3\/2024\/11\/changer-denomination-sociale.jpg","articleSection":["Entrepreneuriat"],"inLanguage":"fr-FR","potentialAction":[{"@type":"CommentAction","name":"Comment","target":["https:\/\/www.facture.net\/blog\/comment-changer-denomination-sociale\/#respond"]}]},{"@type":"WebPage","@id":"https:\/\/www.facture.net\/blog\/comment-changer-denomination-sociale\/","url":"https:\/\/www.facture.net\/blog\/comment-changer-denomination-sociale\/","name":"Entrepreneur : comment changer de d\u00e9nomination sociale ?","isPartOf":{"@id":"https:\/\/www.facture.net\/blog\/#website"},"primaryImageOfPage":{"@id":"https:\/\/www.facture.net\/blog\/comment-changer-denomination-sociale\/#primaryimage"},"image":{"@id":"https:\/\/www.facture.net\/blog\/comment-changer-denomination-sociale\/#primaryimage"},"thumbnailUrl":"https:\/\/www.facture.net\/blog\/wp-content\/uploads\/sites\/3\/2024\/11\/changer-denomination-sociale.jpg","datePublished":"2026-03-20T09:50:00+00:00","dateModified":"2026-03-20T09:50:01+00:00","description":"D\u00e9couvrez comment effectuer un changement de d\u00e9nomination sociale : d\u00e9marches l\u00e9gales, formalit\u00e9s et impact sur votre image de marque.","breadcrumb":{"@id":"https:\/\/www.facture.net\/blog\/comment-changer-denomination-sociale\/#breadcrumb"},"inLanguage":"fr-FR","potentialAction":[{"@type":"ReadAction","target":["https:\/\/www.facture.net\/blog\/comment-changer-denomination-sociale\/"]}]},{"@type":"ImageObject","inLanguage":"fr-FR","@id":"https:\/\/www.facture.net\/blog\/comment-changer-denomination-sociale\/#primaryimage","url":"https:\/\/www.facture.net\/blog\/wp-content\/uploads\/sites\/3\/2024\/11\/changer-denomination-sociale.jpg","contentUrl":"https:\/\/www.facture.net\/blog\/wp-content\/uploads\/sites\/3\/2024\/11\/changer-denomination-sociale.jpg","width":1200,"height":675,"caption":"changement de d\u00e9nomination sociale"},{"@type":"BreadcrumbList","@id":"https:\/\/www.facture.net\/blog\/comment-changer-denomination-sociale\/#breadcrumb","itemListElement":[{"@type":"ListItem","position":1,"name":"Blog","item":"https:\/\/www.facture.net\/blog\/"},{"@type":"ListItem","position":2,"name":"Entrepreneuriat","item":"https:\/\/www.facture.net\/blog\/entrepreneuriat\/"},{"@type":"ListItem","position":3,"name":"Entrepreneur&nbsp;: comment changer de d\u00e9nomination sociale&nbsp;?"}]},{"@type":"WebSite","@id":"https:\/\/www.facture.net\/blog\/#website","url":"https:\/\/www.facture.net\/blog\/","name":"Facture.net","description":"facture","publisher":{"@id":"https:\/\/www.facture.net\/blog\/#organization"},"potentialAction":[{"@type":"SearchAction","target":{"@type":"EntryPoint","urlTemplate":"https:\/\/www.facture.net\/blog\/?s={search_term_string}"},"query-input":{"@type":"PropertyValueSpecification","valueRequired":true,"valueName":"search_term_string"}}],"inLanguage":"fr-FR"},{"@type":"Organization","@id":"https:\/\/www.facture.net\/blog\/#organization","name":"Facture.net","url":"https:\/\/www.facture.net\/blog\/","logo":{"@type":"ImageObject","inLanguage":"fr-FR","@id":"https:\/\/www.facture.net\/blog\/#\/schema\/logo\/image\/","url":"https:\/\/www.facture.net\/blog\/wp-content\/uploads\/sites\/3\/2022\/07\/logo-facture.svg","contentUrl":"https:\/\/www.facture.net\/blog\/wp-content\/uploads\/sites\/3\/2022\/07\/logo-facture.svg","width":1,"height":1,"caption":"Facture.net"},"image":{"@id":"https:\/\/www.facture.net\/blog\/#\/schema\/logo\/image\/"}},{"@type":"Person","@id":"https:\/\/www.facture.net\/blog\/#\/schema\/person\/33c0ef04707fbe50a096f282050bb5f2","name":"Laura Michaud","image":{"@type":"ImageObject","inLanguage":"fr-FR","@id":"https:\/\/www.facture.net\/blog\/#\/schema\/person\/image\/","url":"https:\/\/secure.gravatar.com\/avatar\/c3328cc0c887f98cec6b2979af3311ab6333fc7cc2d4847514cfec6a56fa08a7?s=96&d=mm&r=g","contentUrl":"https:\/\/secure.gravatar.com\/avatar\/c3328cc0c887f98cec6b2979af3311ab6333fc7cc2d4847514cfec6a56fa08a7?s=96&d=mm&r=g","caption":"Laura Michaud"},"description":"Laura connait tous les meilleurs outils pour g\u00e9rer des projets et une entreprise. Cr\u00e9ative, c'est aussi une sp\u00e9cialiste des outils de cr\u00e9ation graphique pour faire briller une entreprise.","sameAs":["https:\/\/www.linkedin.com\/in\/michaudlaura\/"],"url":"https:\/\/www.facture.net\/blog\/author\/laura\/"}]}},"_links":{"self":[{"href":"https:\/\/www.facture.net\/blog\/wp-json\/wp\/v2\/posts\/907","targetHints":{"allow":["GET"]}}],"collection":[{"href":"https:\/\/www.facture.net\/blog\/wp-json\/wp\/v2\/posts"}],"about":[{"href":"https:\/\/www.facture.net\/blog\/wp-json\/wp\/v2\/types\/post"}],"author":[{"embeddable":true,"href":"https:\/\/www.facture.net\/blog\/wp-json\/wp\/v2\/users\/1"}],"replies":[{"embeddable":true,"href":"https:\/\/www.facture.net\/blog\/wp-json\/wp\/v2\/comments?post=907"}],"version-history":[{"count":0,"href":"https:\/\/www.facture.net\/blog\/wp-json\/wp\/v2\/posts\/907\/revisions"}],"wp:featuredmedia":[{"embeddable":true,"href":"https:\/\/www.facture.net\/blog\/wp-json\/wp\/v2\/media\/11358"}],"wp:attachment":[{"href":"https:\/\/www.facture.net\/blog\/wp-json\/wp\/v2\/media?parent=907"}],"wp:term":[{"taxonomy":"category","embeddable":true,"href":"https:\/\/www.facture.net\/blog\/wp-json\/wp\/v2\/categories?post=907"},{"taxonomy":"post_tag","embeddable":true,"href":"https:\/\/www.facture.net\/blog\/wp-json\/wp\/v2\/tags?post=907"}],"curies":[{"name":"wp","href":"https:\/\/api.w.org\/{rel}","templated":true}]}}