{"id":8592,"date":"2024-08-07T10:45:00","date_gmt":"2024-08-07T08:45:00","guid":{"rendered":"https:\/\/www.facture.net\/blog\/?p=8592"},"modified":"2024-08-07T10:42:57","modified_gmt":"2024-08-07T08:42:57","slug":"comment-sont-imposes-les-avantages-en-nature","status":"publish","type":"post","link":"https:\/\/www.facture.net\/blog\/comment-sont-imposes-les-avantages-en-nature\/","title":{"rendered":"Comment sont impos\u00e9s les avantages en nature\u00a0?"},"content":{"rendered":"\n<p>Les <a href=\"https:\/\/www.facture.net\/blog\/quels-avantages-en-nature-proposer\/\" target=\"_blank\" rel=\"noreferrer noopener\">avantages en nature<\/a> constituent un <strong>compl\u00e9ment de r\u00e9mun\u00e9ration<\/strong> non mon\u00e9taire accord\u00e9 par un employeur \u00e0 ses salari\u00e9s et dirigeants. Ils correspondent \u00e0 la fourniture ou \u00e0 la mise \u00e0 disposition d&#8217;un bien ou d&#8217;un service, \u00e0 titre gratuit ou \u00e0 un prix inf\u00e9rieur \u00e0 sa valeur r\u00e9elle, tels qu&#8217;une voiture de fonction, un logement, des repas ou outils de communication.&nbsp;<\/p>\n\n\n\n<p>Ces avantages ont une valeur \u00e9conomique r\u00e9elle et sont donc g\u00e9n\u00e9ralement <strong>soumis \u00e0 l&#8217;imp\u00f4t sur le revenu<\/strong> du b\u00e9n\u00e9ficiaire, avec certaines exceptions.<\/p>\n\n\n\n<h2 class=\"wp-block-heading\">\u00c9valuation des avantages en nature<\/h2>\n\n\n\n<p>Les avantages en nature repr\u00e9sentent un compl\u00e9ment de r\u00e9mun\u00e9ration et sont donc imposables au m\u00eame titre que le salaire. Leur valeur est ajout\u00e9e au salaire brut pour d\u00e9terminer le revenu imposable du salari\u00e9. Il existe deux m\u00e9thodes principales d&#8217;<strong>\u00e9valuation<\/strong>&nbsp;:<\/p>\n\n\n\n<ul class=\"wp-block-list\">\n<li>La m\u00e9thode <strong>forfaitaire<\/strong>&nbsp;: des montants forfaitaires sont fix\u00e9s pour certains avantages (repas, logement, v\u00e9hicule).<\/li>\n\n\n\n<li>La m\u00e9thode de la <strong>valeur r\u00e9elle<\/strong>&nbsp;: l&#8217;avantage est \u00e9valu\u00e9 selon son co\u00fbt r\u00e9el pour l&#8217;employeur.<\/li>\n<\/ul>\n\n\n\n<h2 class=\"wp-block-heading\">Imposition des diff\u00e9rents types d\u2019avantages en nature<\/h2>\n\n\n\n<p>Chaque type d&#8217;avantage en nature est soumis \u00e0 des r\u00e8gles d&#8217;imposition sp\u00e9cifiques.<\/p>\n\n\n\n<h3 class=\"wp-block-heading\">Imposition des frais de repas<\/h3>\n\n\n\n<p>Les repas fournis gratuitement ou \u00e0 tarif r\u00e9duit sont g\u00e9n\u00e9ralement consid\u00e9r\u00e9s comme des avantages en nature imposables. L&#8217;avantage est \u00e9valu\u00e9 forfaitairement \u00e0 5,20 \u20ac par repas en 2023, ou \u00e0 la valeur r\u00e9elle si elle est inf\u00e9rieure.<\/p>\n\n\n\n<p>Cependant, il existe plusieurs exceptions et cas particuliers&nbsp;:<\/p>\n\n\n\n<ul class=\"wp-block-list\">\n<li><strong>N\u00e9cessit\u00e9 de service<\/strong>&nbsp;: lorsque la fourniture du repas par l&#8217;employeur r\u00e9sulte d&#8217;une n\u00e9cessit\u00e9 de service (par exemple, pour le personnel des \u00e9tablissements scolaires), l&#8217;avantage en nature n&#8217;est pas imposable.<\/li>\n\n\n\n<li><strong>D\u00e9placements professionnels<\/strong>&nbsp;: les frais de repas rembours\u00e9s par l&#8217;employeur lors de d\u00e9placements professionnels du salari\u00e9 ne sont pas consid\u00e9r\u00e9s comme un avantage en nature imposable.<\/li>\n\n\n\n<li><strong>Cantine ou restaurant d&#8217;entreprise<\/strong>&nbsp;: si l&#8217;entreprise dispose d&#8217;une cantine ou d&#8217;un restaurant d&#8217;entreprise et que le salari\u00e9 finance au moins la moiti\u00e9 de l&#8217;\u00e9valuation forfaitaire, l&#8217;avantage est exon\u00e9r\u00e9 par tol\u00e9rance administrative.<\/li>\n\n\n\n<li><strong><a href=\"https:\/\/www.facture.net\/blog\/mettre-en-place-tickets-restaurant\/\" target=\"_blank\" rel=\"noreferrer noopener\">Titres restaurant<\/a><\/strong>&nbsp;: la participation de l&#8217;employeur peut \u00eatre exon\u00e9r\u00e9e de cotisations sociales si elle est comprise entre 50% et 60% de la valeur faciale des titres, dans la limite de 6,91 \u20ac par titre en 2023. La part salariale, pr\u00e9lev\u00e9e sur le salaire brut, n&#8217;est pas assujettie \u00e0 l&#8217;imp\u00f4t sur le revenu.<\/li>\n<\/ul>\n\n\n\n<h3 class=\"wp-block-heading\">Imposition d\u2019un v\u00e9hicule de fonction<\/h3>\n\n\n\n<p>L&#8217;usage personnel d&#8217;un <a href=\"https:\/\/www.facture.net\/blog\/vehicule-de-fonction-avantage-en-nature\/\" target=\"_blank\" rel=\"noreferrer noopener\">v\u00e9hicule de fonction<\/a> est imposable. L&#8217;\u00e9valuation peut se faire&nbsp;:<\/p>\n\n\n\n<ul class=\"wp-block-list\">\n<li>Sur une base forfaitaire&nbsp;: 9% du prix d&#8217;achat TTC pour un v\u00e9hicule achet\u00e9 il y a moins de 5 ans ou 6% sinon (12% si l&#8217;employeur prend en charge les frais de carburant), ou 30% du co\u00fbt global annuel pour un v\u00e9hicule lou\u00e9 (40% si les frais de carburant sont pris en charge).<\/li>\n\n\n\n<li>Sur la base des d\u00e9penses r\u00e9ellement engag\u00e9es (amortissement, carburant, entretien, assurance).<\/li>\n<\/ul>\n\n\n\n<h3 class=\"wp-block-heading\">Imposition d\u2019un logement de fonction<\/h3>\n\n\n\n<p>La valeur du logement de fonction est d\u00e9termin\u00e9e selon un bar\u00e8me forfaitaire ou selon la valeur locative r\u00e9elle.<\/p>\n\n\n\n<p>Il existe un bar\u00e8me pour l&#8217;\u00e9valuation forfaitaire mensuelle d\u2019un logement, qui d\u00e9pend de la r\u00e9mun\u00e9ration brute et du nombre de pi\u00e8ces du logement. Les avantages annexes (eau, gaz, \u00e9lectricit\u00e9\u2026) sont compris dans cette \u00e9valuation forfaitaire.<\/p>\n\n\n\n<h3 class=\"wp-block-heading\">Imposition des outils de communication<\/h3>\n\n\n\n<p>L&#8217;usage personnel des outils de communication mis \u00e0 disposition par l&#8217;employeur est en principe imposable. Cependant, un usage raisonnable est g\u00e9n\u00e9ralement <strong>tol\u00e9r\u00e9<\/strong> sans \u00eatre consid\u00e9r\u00e9 comme un avantage en nature.&nbsp;<\/p>\n\n\n\n<p>L&#8217;utilisation priv\u00e9e peut \u00eatre \u00e9valu\u00e9e au r\u00e9el ou forfaitairement (10% du prix d&#8217;achat ou de l&#8217;abonnement annuel).<\/p>\n\n\n\n<h3 class=\"wp-block-heading\">Imposition des autres avantages en nature<\/h3>\n\n\n\n<p>Les autres avantages sont g\u00e9n\u00e9ralement \u00e9valu\u00e9s \u00e0 leur <strong>valeur r\u00e9elle<\/strong>.&nbsp;<\/p>\n\n\n\n<p>Les cadeaux offerts aux salari\u00e9s \u00e0 l&#8217;occasion d&#8217;\u00e9v\u00e9nements particuliers sans lien avec l\u2019activit\u00e9 professionnelle sont <strong>exon\u00e9r\u00e9s<\/strong> d&#8217;imp\u00f4t sur le revenu lorsque leur valeur n&#8217;exc\u00e8de pas 5% du montant mensuel du plafond de la s\u00e9curit\u00e9 sociale, par \u00e9v\u00e9nement et par ann\u00e9e civile.<\/p>\n\n\n\n<h3 class=\"wp-block-heading\">Le cas particulier des dirigeants d\u2019entreprise<\/h3>\n\n\n\n<p>Pour les dirigeants, c\u2019est l\u2019<strong>\u00e9valuation au r\u00e9el<\/strong> qui doit \u00eatre utilis\u00e9e. Seuls les dirigeants disposant d&#8217;un contrat de travail peuvent opter pour l&#8217;\u00e9valuation forfaitaire.<\/p>\n\n\n\n<h2 class=\"wp-block-heading\">D\u00e9claration des avantages en nature<\/h2>\n\n\n\n<p>L&#8217;employeur doit d\u00e9clarer la valeur des avantages en nature sur la <strong>fiche de paie et sur la d\u00e9claration sociale nominative<\/strong> (DSN). En g\u00e9n\u00e9ral, le salari\u00e9 n&#8217;a pas \u00e0 les d\u00e9clarer s\u00e9par\u00e9ment, car toutes les sommes imposables correspondant \u00e0 des avantages en nature sont d\u00e9j\u00e0 int\u00e9gr\u00e9es dans la d\u00e9claration de revenus pr\u00e9-remplie.<\/p>\n\n\n\n<h2 class=\"wp-block-heading\">Conclusion<\/h2>\n\n\n\n<p>Bien que non mon\u00e9taires, les avantages en nature ont un <strong>impact fiscal r\u00e9el<\/strong>. <\/p>\n\n\n\n<p>Une bonne compr\u00e9hension de leur \u00e9valuation et de leur imposition est essentielle pour les employeurs comme pour les salari\u00e9s afin d&#8217;<strong>optimiser leur situation fiscale<\/strong>.<\/p>\n","protected":false},"excerpt":{"rendered":"<p>Les avantages en nature constituent un compl\u00e9ment de r\u00e9mun\u00e9ration non mon\u00e9taire accord\u00e9 par un employeur \u00e0 ses salari\u00e9s et dirigeants. Ils correspondent \u00e0 la fourniture ou \u00e0 la mise \u00e0 disposition d&#8217;un bien ou d&#8217;un service, \u00e0 titre gratuit ou \u00e0 un prix inf\u00e9rieur \u00e0 sa valeur r\u00e9elle, tels qu&#8217;une voiture de fonction, un logement, [&hellip;]<\/p>\n","protected":false},"author":67,"featured_media":8594,"comment_status":"closed","ping_status":"closed","sticky":false,"template":"","format":"standard","meta":{"_acf_changed":false,"inline_featured_image":false,"footnotes":""},"categories":[7],"tags":[],"class_list":["post-8592","post","type-post","status-publish","format-standard","has-post-thumbnail","hentry","category-impots"],"acf":[],"yoast_head":"<!-- This site is optimized with the Yoast SEO plugin v25.9 - https:\/\/yoast.com\/wordpress\/plugins\/seo\/ -->\n<title>Comment sont impos\u00e9s les avantages en nature\u00a0?<\/title>\n<meta name=\"description\" content=\"Les avantages en nature constituent un compl\u00e9ment de r\u00e9mun\u00e9ration non mon\u00e9taire accord\u00e9 par un employeur \u00e0 ses salari\u00e9s et dirigeants. Ils correspondent \u00e0\" \/>\n<meta name=\"robots\" content=\"index, follow, max-snippet:-1, max-image-preview:large, max-video-preview:-1\" \/>\n<link rel=\"canonical\" href=\"https:\/\/www.facture.net\/blog\/comment-sont-imposes-les-avantages-en-nature\/\" \/>\n<meta property=\"og:locale\" content=\"fr_FR\" \/>\n<meta property=\"og:type\" content=\"article\" \/>\n<meta property=\"og:title\" content=\"Comment sont impos\u00e9s les avantages en nature\u00a0?\" \/>\n<meta property=\"og:description\" content=\"Les avantages en nature constituent un compl\u00e9ment de r\u00e9mun\u00e9ration non mon\u00e9taire accord\u00e9 par un employeur \u00e0 ses salari\u00e9s et dirigeants. Ils correspondent \u00e0\" \/>\n<meta property=\"og:url\" content=\"https:\/\/www.facture.net\/blog\/comment-sont-imposes-les-avantages-en-nature\/\" \/>\n<meta property=\"og:site_name\" content=\"Facture.net\" \/>\n<meta property=\"article:published_time\" content=\"2024-08-07T08:45:00+00:00\" \/>\n<meta property=\"og:image\" content=\"https:\/\/www.facture.net\/blog\/wp-content\/uploads\/sites\/3\/2024\/08\/imposition-avantages-en-nature.png\" \/>\n\t<meta property=\"og:image:width\" content=\"1024\" \/>\n\t<meta property=\"og:image:height\" content=\"618\" \/>\n\t<meta property=\"og:image:type\" content=\"image\/png\" \/>\n<meta name=\"author\" content=\"Aude Marty\" \/>\n<meta name=\"twitter:card\" content=\"summary_large_image\" \/>\n<meta name=\"twitter:label1\" content=\"\u00c9crit par\" \/>\n\t<meta name=\"twitter:data1\" content=\"Aude Marty\" \/>\n\t<meta name=\"twitter:label2\" content=\"Dur\u00e9e de lecture estim\u00e9e\" \/>\n\t<meta name=\"twitter:data2\" content=\"4 minutes\" \/>\n<script type=\"application\/ld+json\" class=\"yoast-schema-graph\">{\"@context\":\"https:\/\/schema.org\",\"@graph\":[{\"@type\":\"Article\",\"@id\":\"https:\/\/www.facture.net\/blog\/comment-sont-imposes-les-avantages-en-nature\/#article\",\"isPartOf\":{\"@id\":\"https:\/\/www.facture.net\/blog\/comment-sont-imposes-les-avantages-en-nature\/\"},\"author\":{\"name\":\"Aude Marty\",\"@id\":\"https:\/\/www.facture.net\/blog\/#\/schema\/person\/110c0feb0ab60432e89d27f5fa2da617\"},\"headline\":\"Comment sont impos\u00e9s les avantages en nature\u00a0?\",\"datePublished\":\"2024-08-07T08:45:00+00:00\",\"mainEntityOfPage\":{\"@id\":\"https:\/\/www.facture.net\/blog\/comment-sont-imposes-les-avantages-en-nature\/\"},\"wordCount\":873,\"publisher\":{\"@id\":\"https:\/\/www.facture.net\/blog\/#organization\"},\"image\":{\"@id\":\"https:\/\/www.facture.net\/blog\/comment-sont-imposes-les-avantages-en-nature\/#primaryimage\"},\"thumbnailUrl\":\"https:\/\/www.facture.net\/blog\/wp-content\/uploads\/sites\/3\/2024\/08\/imposition-avantages-en-nature.png\",\"articleSection\":[\"Imp\u00f4ts\"],\"inLanguage\":\"fr-FR\"},{\"@type\":\"WebPage\",\"@id\":\"https:\/\/www.facture.net\/blog\/comment-sont-imposes-les-avantages-en-nature\/\",\"url\":\"https:\/\/www.facture.net\/blog\/comment-sont-imposes-les-avantages-en-nature\/\",\"name\":\"Comment sont impos\u00e9s les avantages en nature\u00a0?\",\"isPartOf\":{\"@id\":\"https:\/\/www.facture.net\/blog\/#website\"},\"primaryImageOfPage\":{\"@id\":\"https:\/\/www.facture.net\/blog\/comment-sont-imposes-les-avantages-en-nature\/#primaryimage\"},\"image\":{\"@id\":\"https:\/\/www.facture.net\/blog\/comment-sont-imposes-les-avantages-en-nature\/#primaryimage\"},\"thumbnailUrl\":\"https:\/\/www.facture.net\/blog\/wp-content\/uploads\/sites\/3\/2024\/08\/imposition-avantages-en-nature.png\",\"datePublished\":\"2024-08-07T08:45:00+00:00\",\"description\":\"Les avantages en nature constituent un compl\u00e9ment de r\u00e9mun\u00e9ration non mon\u00e9taire accord\u00e9 par un employeur \u00e0 ses salari\u00e9s et dirigeants. Ils correspondent \u00e0\",\"breadcrumb\":{\"@id\":\"https:\/\/www.facture.net\/blog\/comment-sont-imposes-les-avantages-en-nature\/#breadcrumb\"},\"inLanguage\":\"fr-FR\",\"potentialAction\":[{\"@type\":\"ReadAction\",\"target\":[\"https:\/\/www.facture.net\/blog\/comment-sont-imposes-les-avantages-en-nature\/\"]}]},{\"@type\":\"ImageObject\",\"inLanguage\":\"fr-FR\",\"@id\":\"https:\/\/www.facture.net\/blog\/comment-sont-imposes-les-avantages-en-nature\/#primaryimage\",\"url\":\"https:\/\/www.facture.net\/blog\/wp-content\/uploads\/sites\/3\/2024\/08\/imposition-avantages-en-nature.png\",\"contentUrl\":\"https:\/\/www.facture.net\/blog\/wp-content\/uploads\/sites\/3\/2024\/08\/imposition-avantages-en-nature.png\",\"width\":1024,\"height\":618},{\"@type\":\"BreadcrumbList\",\"@id\":\"https:\/\/www.facture.net\/blog\/comment-sont-imposes-les-avantages-en-nature\/#breadcrumb\",\"itemListElement\":[{\"@type\":\"ListItem\",\"position\":1,\"name\":\"Blog\",\"item\":\"https:\/\/www.facture.net\/blog\/\"},{\"@type\":\"ListItem\",\"position\":2,\"name\":\"Comptabilit\u00e9\",\"item\":\"https:\/\/www.facture.net\/blog\/comptabilite\/\"},{\"@type\":\"ListItem\",\"position\":3,\"name\":\"Fiscalit\u00e9\",\"item\":\"https:\/\/www.facture.net\/blog\/comptabilite\/fiscalite\/\"},{\"@type\":\"ListItem\",\"position\":4,\"name\":\"Imp\u00f4ts\",\"item\":\"https:\/\/www.facture.net\/blog\/comptabilite\/fiscalite\/impots\/\"},{\"@type\":\"ListItem\",\"position\":5,\"name\":\"Comment sont impos\u00e9s les avantages en nature\u00a0?\"}]},{\"@type\":\"WebSite\",\"@id\":\"https:\/\/www.facture.net\/blog\/#website\",\"url\":\"https:\/\/www.facture.net\/blog\/\",\"name\":\"Facture.net\",\"description\":\"facture\",\"publisher\":{\"@id\":\"https:\/\/www.facture.net\/blog\/#organization\"},\"potentialAction\":[{\"@type\":\"SearchAction\",\"target\":{\"@type\":\"EntryPoint\",\"urlTemplate\":\"https:\/\/www.facture.net\/blog\/?s={search_term_string}\"},\"query-input\":{\"@type\":\"PropertyValueSpecification\",\"valueRequired\":true,\"valueName\":\"search_term_string\"}}],\"inLanguage\":\"fr-FR\"},{\"@type\":\"Organization\",\"@id\":\"https:\/\/www.facture.net\/blog\/#organization\",\"name\":\"Facture.net\",\"url\":\"https:\/\/www.facture.net\/blog\/\",\"logo\":{\"@type\":\"ImageObject\",\"inLanguage\":\"fr-FR\",\"@id\":\"https:\/\/www.facture.net\/blog\/#\/schema\/logo\/image\/\",\"url\":\"https:\/\/www.facture.net\/blog\/wp-content\/uploads\/sites\/3\/2022\/07\/logo-facture.svg\",\"contentUrl\":\"https:\/\/www.facture.net\/blog\/wp-content\/uploads\/sites\/3\/2022\/07\/logo-facture.svg\",\"width\":1,\"height\":1,\"caption\":\"Facture.net\"},\"image\":{\"@id\":\"https:\/\/www.facture.net\/blog\/#\/schema\/logo\/image\/\"}},{\"@type\":\"Person\",\"@id\":\"https:\/\/www.facture.net\/blog\/#\/schema\/person\/110c0feb0ab60432e89d27f5fa2da617\",\"name\":\"Aude Marty\",\"image\":{\"@type\":\"ImageObject\",\"inLanguage\":\"fr-FR\",\"@id\":\"https:\/\/www.facture.net\/blog\/#\/schema\/person\/image\/\",\"url\":\"https:\/\/secure.gravatar.com\/avatar\/ae918d51b377a3b9585cfdc38b3d7078fa61c40e14449af59264a7b44e51f153?s=96&d=mm&r=g\",\"contentUrl\":\"https:\/\/secure.gravatar.com\/avatar\/ae918d51b377a3b9585cfdc38b3d7078fa61c40e14449af59264a7b44e51f153?s=96&d=mm&r=g\",\"caption\":\"Aude Marty\"},\"description\":\"V\u00e9ritable touche-\u00e0-tout du web, Aude est toujours au courant des derni\u00e8res nouveaut\u00e9s et des nouveaux outils pour freelances.\",\"sameAs\":[\"https:\/\/www.linkedin.com\/in\/martyaude\/\"],\"url\":\"https:\/\/www.facture.net\/blog\/author\/aude\/\"}]}<\/script>\n<!-- \/ Yoast SEO plugin. -->","yoast_head_json":{"title":"Comment sont impos\u00e9s les avantages en nature\u00a0?","description":"Les avantages en nature constituent un compl\u00e9ment de r\u00e9mun\u00e9ration non mon\u00e9taire accord\u00e9 par un employeur \u00e0 ses salari\u00e9s et dirigeants. Ils correspondent \u00e0","robots":{"index":"index","follow":"follow","max-snippet":"max-snippet:-1","max-image-preview":"max-image-preview:large","max-video-preview":"max-video-preview:-1"},"canonical":"https:\/\/www.facture.net\/blog\/comment-sont-imposes-les-avantages-en-nature\/","og_locale":"fr_FR","og_type":"article","og_title":"Comment sont impos\u00e9s les avantages en nature\u00a0?","og_description":"Les avantages en nature constituent un compl\u00e9ment de r\u00e9mun\u00e9ration non mon\u00e9taire accord\u00e9 par un employeur \u00e0 ses salari\u00e9s et dirigeants. Ils correspondent \u00e0","og_url":"https:\/\/www.facture.net\/blog\/comment-sont-imposes-les-avantages-en-nature\/","og_site_name":"Facture.net","article_published_time":"2024-08-07T08:45:00+00:00","og_image":[{"width":1024,"height":618,"url":"https:\/\/www.facture.net\/blog\/wp-content\/uploads\/sites\/3\/2024\/08\/imposition-avantages-en-nature.png","type":"image\/png"}],"author":"Aude Marty","twitter_card":"summary_large_image","twitter_misc":{"\u00c9crit par":"Aude Marty","Dur\u00e9e de lecture estim\u00e9e":"4 minutes"},"schema":{"@context":"https:\/\/schema.org","@graph":[{"@type":"Article","@id":"https:\/\/www.facture.net\/blog\/comment-sont-imposes-les-avantages-en-nature\/#article","isPartOf":{"@id":"https:\/\/www.facture.net\/blog\/comment-sont-imposes-les-avantages-en-nature\/"},"author":{"name":"Aude Marty","@id":"https:\/\/www.facture.net\/blog\/#\/schema\/person\/110c0feb0ab60432e89d27f5fa2da617"},"headline":"Comment sont impos\u00e9s les avantages en nature\u00a0?","datePublished":"2024-08-07T08:45:00+00:00","mainEntityOfPage":{"@id":"https:\/\/www.facture.net\/blog\/comment-sont-imposes-les-avantages-en-nature\/"},"wordCount":873,"publisher":{"@id":"https:\/\/www.facture.net\/blog\/#organization"},"image":{"@id":"https:\/\/www.facture.net\/blog\/comment-sont-imposes-les-avantages-en-nature\/#primaryimage"},"thumbnailUrl":"https:\/\/www.facture.net\/blog\/wp-content\/uploads\/sites\/3\/2024\/08\/imposition-avantages-en-nature.png","articleSection":["Imp\u00f4ts"],"inLanguage":"fr-FR"},{"@type":"WebPage","@id":"https:\/\/www.facture.net\/blog\/comment-sont-imposes-les-avantages-en-nature\/","url":"https:\/\/www.facture.net\/blog\/comment-sont-imposes-les-avantages-en-nature\/","name":"Comment sont impos\u00e9s les avantages en nature\u00a0?","isPartOf":{"@id":"https:\/\/www.facture.net\/blog\/#website"},"primaryImageOfPage":{"@id":"https:\/\/www.facture.net\/blog\/comment-sont-imposes-les-avantages-en-nature\/#primaryimage"},"image":{"@id":"https:\/\/www.facture.net\/blog\/comment-sont-imposes-les-avantages-en-nature\/#primaryimage"},"thumbnailUrl":"https:\/\/www.facture.net\/blog\/wp-content\/uploads\/sites\/3\/2024\/08\/imposition-avantages-en-nature.png","datePublished":"2024-08-07T08:45:00+00:00","description":"Les avantages en nature constituent un compl\u00e9ment de r\u00e9mun\u00e9ration non mon\u00e9taire accord\u00e9 par un employeur \u00e0 ses salari\u00e9s et dirigeants. Ils correspondent \u00e0","breadcrumb":{"@id":"https:\/\/www.facture.net\/blog\/comment-sont-imposes-les-avantages-en-nature\/#breadcrumb"},"inLanguage":"fr-FR","potentialAction":[{"@type":"ReadAction","target":["https:\/\/www.facture.net\/blog\/comment-sont-imposes-les-avantages-en-nature\/"]}]},{"@type":"ImageObject","inLanguage":"fr-FR","@id":"https:\/\/www.facture.net\/blog\/comment-sont-imposes-les-avantages-en-nature\/#primaryimage","url":"https:\/\/www.facture.net\/blog\/wp-content\/uploads\/sites\/3\/2024\/08\/imposition-avantages-en-nature.png","contentUrl":"https:\/\/www.facture.net\/blog\/wp-content\/uploads\/sites\/3\/2024\/08\/imposition-avantages-en-nature.png","width":1024,"height":618},{"@type":"BreadcrumbList","@id":"https:\/\/www.facture.net\/blog\/comment-sont-imposes-les-avantages-en-nature\/#breadcrumb","itemListElement":[{"@type":"ListItem","position":1,"name":"Blog","item":"https:\/\/www.facture.net\/blog\/"},{"@type":"ListItem","position":2,"name":"Comptabilit\u00e9","item":"https:\/\/www.facture.net\/blog\/comptabilite\/"},{"@type":"ListItem","position":3,"name":"Fiscalit\u00e9","item":"https:\/\/www.facture.net\/blog\/comptabilite\/fiscalite\/"},{"@type":"ListItem","position":4,"name":"Imp\u00f4ts","item":"https:\/\/www.facture.net\/blog\/comptabilite\/fiscalite\/impots\/"},{"@type":"ListItem","position":5,"name":"Comment sont impos\u00e9s les avantages en nature\u00a0?"}]},{"@type":"WebSite","@id":"https:\/\/www.facture.net\/blog\/#website","url":"https:\/\/www.facture.net\/blog\/","name":"Facture.net","description":"facture","publisher":{"@id":"https:\/\/www.facture.net\/blog\/#organization"},"potentialAction":[{"@type":"SearchAction","target":{"@type":"EntryPoint","urlTemplate":"https:\/\/www.facture.net\/blog\/?s={search_term_string}"},"query-input":{"@type":"PropertyValueSpecification","valueRequired":true,"valueName":"search_term_string"}}],"inLanguage":"fr-FR"},{"@type":"Organization","@id":"https:\/\/www.facture.net\/blog\/#organization","name":"Facture.net","url":"https:\/\/www.facture.net\/blog\/","logo":{"@type":"ImageObject","inLanguage":"fr-FR","@id":"https:\/\/www.facture.net\/blog\/#\/schema\/logo\/image\/","url":"https:\/\/www.facture.net\/blog\/wp-content\/uploads\/sites\/3\/2022\/07\/logo-facture.svg","contentUrl":"https:\/\/www.facture.net\/blog\/wp-content\/uploads\/sites\/3\/2022\/07\/logo-facture.svg","width":1,"height":1,"caption":"Facture.net"},"image":{"@id":"https:\/\/www.facture.net\/blog\/#\/schema\/logo\/image\/"}},{"@type":"Person","@id":"https:\/\/www.facture.net\/blog\/#\/schema\/person\/110c0feb0ab60432e89d27f5fa2da617","name":"Aude Marty","image":{"@type":"ImageObject","inLanguage":"fr-FR","@id":"https:\/\/www.facture.net\/blog\/#\/schema\/person\/image\/","url":"https:\/\/secure.gravatar.com\/avatar\/ae918d51b377a3b9585cfdc38b3d7078fa61c40e14449af59264a7b44e51f153?s=96&d=mm&r=g","contentUrl":"https:\/\/secure.gravatar.com\/avatar\/ae918d51b377a3b9585cfdc38b3d7078fa61c40e14449af59264a7b44e51f153?s=96&d=mm&r=g","caption":"Aude Marty"},"description":"V\u00e9ritable touche-\u00e0-tout du web, Aude est toujours au courant des derni\u00e8res nouveaut\u00e9s et des nouveaux outils pour freelances.","sameAs":["https:\/\/www.linkedin.com\/in\/martyaude\/"],"url":"https:\/\/www.facture.net\/blog\/author\/aude\/"}]}},"_links":{"self":[{"href":"https:\/\/www.facture.net\/blog\/wp-json\/wp\/v2\/posts\/8592","targetHints":{"allow":["GET"]}}],"collection":[{"href":"https:\/\/www.facture.net\/blog\/wp-json\/wp\/v2\/posts"}],"about":[{"href":"https:\/\/www.facture.net\/blog\/wp-json\/wp\/v2\/types\/post"}],"author":[{"embeddable":true,"href":"https:\/\/www.facture.net\/blog\/wp-json\/wp\/v2\/users\/67"}],"replies":[{"embeddable":true,"href":"https:\/\/www.facture.net\/blog\/wp-json\/wp\/v2\/comments?post=8592"}],"version-history":[{"count":0,"href":"https:\/\/www.facture.net\/blog\/wp-json\/wp\/v2\/posts\/8592\/revisions"}],"wp:featuredmedia":[{"embeddable":true,"href":"https:\/\/www.facture.net\/blog\/wp-json\/wp\/v2\/media\/8594"}],"wp:attachment":[{"href":"https:\/\/www.facture.net\/blog\/wp-json\/wp\/v2\/media?parent=8592"}],"wp:term":[{"taxonomy":"category","embeddable":true,"href":"https:\/\/www.facture.net\/blog\/wp-json\/wp\/v2\/categories?post=8592"},{"taxonomy":"post_tag","embeddable":true,"href":"https:\/\/www.facture.net\/blog\/wp-json\/wp\/v2\/tags?post=8592"}],"curies":[{"name":"wp","href":"https:\/\/api.w.org\/{rel}","templated":true}]}}