{"id":784,"date":"2026-01-19T14:10:00","date_gmt":"2026-01-19T13:10:00","guid":{"rendered":"https:\/\/www.facture.net\/blog\/?p=784"},"modified":"2026-01-19T14:17:29","modified_gmt":"2026-01-19T13:17:29","slug":"ameliorer-image-de-marque","status":"publish","type":"post","link":"https:\/\/www.facture.net\/blog\/ameliorer-image-de-marque\/","title":{"rendered":"7 astuces pour am\u00e9liorer l&#8217;image de marque de votre entreprise"},"content":{"rendered":"\n<p>L&#8217;<strong>image de marque<\/strong>, ou branding, repr\u00e9sente l&#8217;ensemble des perceptions que vos clients (potentiels ou existants) ont de votre entreprise. Cette perception repose sur plusieurs crit\u00e8res&nbsp;: la qualit\u00e9 de vos produits ou services, les avis de vos clients, ainsi que la r\u00e9putation de votre marque en tant qu&#8217;employeur.<\/p>\n\n\n\n<p>L&#8217;image de marque est un pilier essentiel pour se d\u00e9marquer et conqu\u00e9rir de nouveaux march\u00e9s. Une image de marque soign\u00e9e vous permettra non seulement de capter l&#8217;attention de vos cibles, mais aussi de cultiver leur fid\u00e9lit\u00e9. Alors, comment am\u00e9liorer et entretenir cette image de marque&nbsp;? Voici 7 strat\u00e9gies efficaces \u00e0 mettre en place.<\/p>\n\n\n\n<h2 class=\"wp-block-heading\">Cr\u00e9ez une identit\u00e9 visuelle m\u00e9morable pour votre image de marque<\/h2>\n\n\n\n<p>L&#8217;identit\u00e9 visuelle est souvent le<strong> premier contact<\/strong> avec vos clients. Votre logo, votre slogan et votre charte graphique doivent refl\u00e9ter l&#8217;ADN de votre entreprise et rester coh\u00e9rents sur tous vos supports.<\/p>\n\n\n\n<p>Pour une identit\u00e9 visuelle efficace, faites appel \u00e0 un <a href=\"https:\/\/graphiste.com\">graphiste professionnel<\/a> pour cr\u00e9er une charte graphique et appliquez-la sur votre site, vos r\u00e9seaux sociaux et vos documents commerciaux.<\/p>\n\n\n\n<p>Une identit\u00e9 forte rend votre marque imm\u00e9diatement reconnaissable et professionnelle.<\/p>\n\n\n\n<h2 class=\"wp-block-heading\">Suscitez l&#8217;\u00e9motion avec du <a href=\"https:\/\/www.redacteur.com\/blog\/storytelling-histoire-de-marque\/\">storytelling<\/a><\/h2>\n\n\n\n<p>Les histoires touchent et restent en m\u00e9moire. Raconter l&#8217;histoire de votre entreprise ou celle de vos clients cr\u00e9e un <strong>lien \u00e9motionnel<\/strong> et favorise l&#8217;engagement.<\/p>\n\n\n\n<p>Prenez exemple sur des marques comme Apple ou Mastercard, qui utilisent des histoires humaines et inspirantes pour se connecter \u00e0 leur audience. L\u2019\u00e9motion est un vecteur puissant pour renforcer l&#8217;image de marque et cr\u00e9er un attachement profond de la part de vos clients.<\/p>\n\n\n\n<p>L&#8217;\u00e9motion transforme une simple marque en exp\u00e9rience m\u00e9morable. \u00c0 vous de jouer&nbsp;: partagez une r\u00e9ussite client ou l\u2019origine de votre projet via une vid\u00e9o ou un post sur LinkedIn.<\/p>\n\n\n\n<h2 class=\"wp-block-heading\">Incarnez des valeurs fortes pour une image de marque authentique<\/h2>\n\n\n\n<p>Vos valeurs donnent du sens \u00e0 votre entreprise. Elles doivent \u00eatre claires et visibles. <br>Que ce soit l\u2019innovation, l\u2019\u00e9thique ou la durabilit\u00e9, vos valeurs influencent la perception de votre marque. Une entreprise qui vit ses valeurs inspire confiance et fid\u00e9lit\u00e9.<\/p>\n\n\n\n<p>Cela commence souvent par le <a href=\"https:\/\/www.facture.net\/blog\/personal-branding-dirigeant\/\">personal branding du dirigeant<\/a> d&#8217;entreprise lui-m\u00eame. Il joue un r\u00f4le cl\u00e9 en tant qu&#8217;ambassadeur de ces valeurs.<\/p>\n\n\n\n<p>Concr\u00e8tement, identifiez 1 \u00e0 2 valeurs et assurez-vous qu&#8217;elles soient visibles dans vos communications et d\u00e9cisions.<\/p>\n\n\n\n<h2 class=\"wp-block-heading\">Rendez votre entreprise visible<\/h2>\n\n\n\n<p>L&#8217;<strong>image de marque<\/strong>, m\u00eame parfaite, est inutile si personne ne conna\u00eet votre entreprise. Pour <a href=\"https:\/\/www.facture.net\/blog\/lancement-activite-astuces-presence-en-ligne\/\">optimiser votre visibilit\u00e9<\/a>&nbsp;:<\/p>\n\n\n\n<ul class=\"wp-block-list\">\n<li>Cr\u00e9ez un site web professionnel<\/li>\n\n\n\n<li>Publiez du contenu pertinent pour votre audience (adaptez votre message selon la plateforme)<\/li>\n\n\n\n<li>Soyez pr\u00e9sent sur les r\u00e9seaux sociaux adapt\u00e9s<\/li>\n\n\n\n<li>Participez \u00e0 des \u00e9v\u00e9nements ou salons<\/li>\n<\/ul>\n\n\n\n<p>N\u2019oubliez pas que chaque point de contact contribue \u00e0 renforcer votre image de marque, \u00e0 condition que vos messages soient coh\u00e9rents et impactants.<\/p>\n\n\n\n<h2 class=\"wp-block-heading\">Soignez les apparences pour renforcer votre image de marque<\/h2>\n\n\n\n<p>Les apparences jouent un r\u00f4le cl\u00e9 dans la perception de votre entreprise. Un accueil chaleureux, des locaux propres et bien am\u00e9nag\u00e9s, ainsi qu\u2019une pr\u00e9sentation soign\u00e9e de vos collaborateurs contribuent \u00e0 <strong>v\u00e9hiculer une image professionnelle <\/strong>et de confiance. <\/p>\n\n\n\n<p>En ligne, l&#8217;attention aux <strong>d\u00e9tails<\/strong> est tout aussi importante. Une navigation fluide, des interfaces bien pens\u00e9es et un design coh\u00e9rent avec votre charte graphique d\u00e9montrent votre s\u00e9rieux et votre engagement \u00e0 offrir une exp\u00e9rience de qualit\u00e9.<\/p>\n\n\n\n<p>Chaque point de contact, physique ou num\u00e9rique, est une opportunit\u00e9 de renforcer votre image de marque et de marquer positivement vos clients&nbsp;!<\/p>\n\n\n\n<h2 class=\"wp-block-heading\">Placez le client au centre de vos actions<\/h2>\n\n\n\n<p>Les entreprises qui mettent leurs clients au centre de leurs pr\u00e9occupations, adoptant une strat\u00e9gie dite &#8220;customer centric&#8221;, construisent une <strong>image de marque solide <\/strong>et engageante. En \u00e9coutant les retours des clients, en am\u00e9liorant leur exp\u00e9rience et en r\u00e9pondant rapidement \u00e0 leurs besoins, vous tissez une relation de confiance durable.<\/p>\n\n\n\n<p>Des marques comme Leroy Merlin ou Norauto illustrent parfaitement cette approche. Elles s&#8217;efforcent d\u2019anticiper les attentes de leurs clients et de leur offrir une exp\u00e9rience personnalis\u00e9e, ce qui renforce leur cr\u00e9dibilit\u00e9 et fid\u00e9lise leur audience. Ces pratiques exemplaires montrent que la <a href=\"https:\/\/www.facture.net\/blog\/enquete-satisfaction-client\/\">satisfaction client<\/a> est un vecteur cl\u00e9 pour cultiver une image de marque positive et diff\u00e9renciante.<\/p>\n\n\n\n<h2 class=\"wp-block-heading\">Montrez votre efficacit\u00e9 op\u00e9rationnelle<\/h2>\n\n\n\n<p>L\u2019efficacit\u00e9 de vos \u00e9quipes et de vos processus refl\u00e8te directement la qualit\u00e9 de votre entreprise, et par cons\u00e9quent, impacte fortement votre image de marque. Qu&#8217;il s&#8217;agisse de votre <a href=\"https:\/\/www.facture.net\/blog\/les-kpis-a-suivre-pour-optimiser-votre-service-client\/\">service client<\/a>, de vos \u00e9quipes commerciales ou de votre SAV, \u00eatre proactif et attentif aux besoins de vos clients est essentiel pour b\u00e2tir une r\u00e9putation solide.<\/p>\n\n\n\n<p>Un client qui per\u00e7oit votre entreprise comme efficace et fiable sera plus enclin \u00e0 partager son exp\u00e9rience positive autour de lui, g\u00e9n\u00e9rant un bouche-\u00e0-oreille b\u00e9n\u00e9fique. Ce levier contribue non seulement \u00e0 <a href=\"https:\/\/www.facture.net\/blog\/trouver-nouveaux-clients\/\">trouver de nouveaux clients<\/a>, mais aussi \u00e0 consolider votre image de marque sur le long terme.<\/p>\n\n\n\n<p>Mettez en place des processus simples, rapides et transparents, tout en valorisant la satisfaction client. En devenant une r\u00e9f\u00e9rence en mati\u00e8re d\u2019efficacit\u00e9, vous instaurez une image de marque synonyme de qualit\u00e9 et de confiance.<\/p>\n\n\n\n<h2 class=\"wp-block-heading\">Cultivez votre image de marque pour un succ\u00e8s durable<\/h2>\n\n\n\n<p>Votre image de marque ne se r\u00e9sume pas \u00e0 un logo ou \u00e0 une belle charte graphique. Elle se construit dans chaque interaction, chaque d\u00e9cision et chaque d\u00e9tail de votre entreprise. Ce n\u2019est pas ce que vous dites qui compte, mais <strong>ce que vos clients retiennent de leur exp\u00e9rience<\/strong> avec vous.<\/p>\n","protected":false},"excerpt":{"rendered":"<p>L&#8217;image de marque, ou branding, repr\u00e9sente l&#8217;ensemble des perceptions que vos clients (potentiels ou existants) ont de votre entreprise. Cette perception repose sur plusieurs crit\u00e8res&nbsp;: la qualit\u00e9 de vos produits ou services, les avis de vos clients, ainsi que la r\u00e9putation de votre marque en tant qu&#8217;employeur. L&#8217;image de marque est un pilier essentiel pour [&hellip;]<\/p>\n","protected":false},"author":1,"featured_media":9926,"comment_status":"open","ping_status":"open","sticky":false,"template":"","format":"standard","meta":{"_acf_changed":false,"inline_featured_image":false,"footnotes":""},"categories":[30],"tags":[],"class_list":["post-784","post","type-post","status-publish","format-standard","has-post-thumbnail","hentry","category-marketing"],"acf":[],"yoast_head":"<!-- This site is optimized with the Yoast SEO plugin v25.9 - https:\/\/yoast.com\/wordpress\/plugins\/seo\/ -->\n<title>7 astuces pour am\u00e9liorer l&#039;image de marque de votre entreprise<\/title>\n<meta name=\"description\" content=\"Am\u00e9liorez l\u2019image de marque de votre entreprise gr\u00e2ce \u00e0 7 strat\u00e9gies concr\u00e8tes : identit\u00e9 visuelle, valeurs, visibilit\u00e9, exp\u00e9rience client...\" \/>\n<meta name=\"robots\" content=\"index, follow, max-snippet:-1, max-image-preview:large, max-video-preview:-1\" \/>\n<link rel=\"canonical\" href=\"https:\/\/www.facture.net\/blog\/ameliorer-image-de-marque\/\" \/>\n<meta property=\"og:locale\" content=\"fr_FR\" \/>\n<meta property=\"og:type\" content=\"article\" \/>\n<meta property=\"og:title\" content=\"7 astuces pour am\u00e9liorer l&#039;image de marque de votre entreprise\" \/>\n<meta property=\"og:description\" content=\"Am\u00e9liorez l\u2019image de marque de votre entreprise gr\u00e2ce \u00e0 7 strat\u00e9gies concr\u00e8tes : identit\u00e9 visuelle, valeurs, visibilit\u00e9, exp\u00e9rience client...\" \/>\n<meta property=\"og:url\" content=\"https:\/\/www.facture.net\/blog\/ameliorer-image-de-marque\/\" \/>\n<meta property=\"og:site_name\" content=\"Facture.net\" \/>\n<meta property=\"article:published_time\" content=\"2026-01-19T13:10:00+00:00\" \/>\n<meta property=\"article:modified_time\" content=\"2026-01-19T13:17:29+00:00\" \/>\n<meta property=\"og:image\" content=\"https:\/\/www.facture.net\/blog\/wp-content\/uploads\/sites\/3\/2019\/06\/image-de-marque-1.jpg\" \/>\n\t<meta property=\"og:image:width\" content=\"1200\" \/>\n\t<meta property=\"og:image:height\" content=\"675\" \/>\n\t<meta property=\"og:image:type\" content=\"image\/jpeg\" \/>\n<meta name=\"author\" content=\"Laura Michaud\" \/>\n<meta name=\"twitter:card\" content=\"summary_large_image\" \/>\n<meta name=\"twitter:label1\" content=\"\u00c9crit par\" \/>\n\t<meta name=\"twitter:data1\" content=\"Laura Michaud\" \/>\n\t<meta name=\"twitter:label2\" content=\"Dur\u00e9e de lecture estim\u00e9e\" \/>\n\t<meta name=\"twitter:data2\" content=\"5 minutes\" \/>\n<script type=\"application\/ld+json\" class=\"yoast-schema-graph\">{\"@context\":\"https:\/\/schema.org\",\"@graph\":[{\"@type\":\"Article\",\"@id\":\"https:\/\/www.facture.net\/blog\/ameliorer-image-de-marque\/#article\",\"isPartOf\":{\"@id\":\"https:\/\/www.facture.net\/blog\/ameliorer-image-de-marque\/\"},\"author\":{\"name\":\"Laura Michaud\",\"@id\":\"https:\/\/www.facture.net\/blog\/#\/schema\/person\/33c0ef04707fbe50a096f282050bb5f2\"},\"headline\":\"7 astuces pour am\u00e9liorer l&#8217;image de marque de votre entreprise\",\"datePublished\":\"2026-01-19T13:10:00+00:00\",\"dateModified\":\"2026-01-19T13:17:29+00:00\",\"mainEntityOfPage\":{\"@id\":\"https:\/\/www.facture.net\/blog\/ameliorer-image-de-marque\/\"},\"wordCount\":960,\"commentCount\":0,\"publisher\":{\"@id\":\"https:\/\/www.facture.net\/blog\/#organization\"},\"image\":{\"@id\":\"https:\/\/www.facture.net\/blog\/ameliorer-image-de-marque\/#primaryimage\"},\"thumbnailUrl\":\"https:\/\/www.facture.net\/blog\/wp-content\/uploads\/sites\/3\/2019\/06\/image-de-marque-1.jpg\",\"articleSection\":[\"Marketing\"],\"inLanguage\":\"fr-FR\",\"potentialAction\":[{\"@type\":\"CommentAction\",\"name\":\"Comment\",\"target\":[\"https:\/\/www.facture.net\/blog\/ameliorer-image-de-marque\/#respond\"]}]},{\"@type\":\"WebPage\",\"@id\":\"https:\/\/www.facture.net\/blog\/ameliorer-image-de-marque\/\",\"url\":\"https:\/\/www.facture.net\/blog\/ameliorer-image-de-marque\/\",\"name\":\"7 astuces pour am\u00e9liorer l'image de marque de votre entreprise\",\"isPartOf\":{\"@id\":\"https:\/\/www.facture.net\/blog\/#website\"},\"primaryImageOfPage\":{\"@id\":\"https:\/\/www.facture.net\/blog\/ameliorer-image-de-marque\/#primaryimage\"},\"image\":{\"@id\":\"https:\/\/www.facture.net\/blog\/ameliorer-image-de-marque\/#primaryimage\"},\"thumbnailUrl\":\"https:\/\/www.facture.net\/blog\/wp-content\/uploads\/sites\/3\/2019\/06\/image-de-marque-1.jpg\",\"datePublished\":\"2026-01-19T13:10:00+00:00\",\"dateModified\":\"2026-01-19T13:17:29+00:00\",\"description\":\"Am\u00e9liorez l\u2019image de marque de votre entreprise gr\u00e2ce \u00e0 7 strat\u00e9gies concr\u00e8tes : identit\u00e9 visuelle, valeurs, visibilit\u00e9, exp\u00e9rience client...\",\"breadcrumb\":{\"@id\":\"https:\/\/www.facture.net\/blog\/ameliorer-image-de-marque\/#breadcrumb\"},\"inLanguage\":\"fr-FR\",\"potentialAction\":[{\"@type\":\"ReadAction\",\"target\":[\"https:\/\/www.facture.net\/blog\/ameliorer-image-de-marque\/\"]}]},{\"@type\":\"ImageObject\",\"inLanguage\":\"fr-FR\",\"@id\":\"https:\/\/www.facture.net\/blog\/ameliorer-image-de-marque\/#primaryimage\",\"url\":\"https:\/\/www.facture.net\/blog\/wp-content\/uploads\/sites\/3\/2019\/06\/image-de-marque-1.jpg\",\"contentUrl\":\"https:\/\/www.facture.net\/blog\/wp-content\/uploads\/sites\/3\/2019\/06\/image-de-marque-1.jpg\",\"width\":1200,\"height\":675,\"caption\":\"image de marque entreprise\"},{\"@type\":\"BreadcrumbList\",\"@id\":\"https:\/\/www.facture.net\/blog\/ameliorer-image-de-marque\/#breadcrumb\",\"itemListElement\":[{\"@type\":\"ListItem\",\"position\":1,\"name\":\"Blog\",\"item\":\"https:\/\/www.facture.net\/blog\/\"},{\"@type\":\"ListItem\",\"position\":2,\"name\":\"Ventes\",\"item\":\"https:\/\/www.facture.net\/blog\/ventes\/\"},{\"@type\":\"ListItem\",\"position\":3,\"name\":\"Marketing\",\"item\":\"https:\/\/www.facture.net\/blog\/ventes\/marketing\/\"},{\"@type\":\"ListItem\",\"position\":4,\"name\":\"7 astuces pour am\u00e9liorer l&#8217;image de marque de votre entreprise\"}]},{\"@type\":\"WebSite\",\"@id\":\"https:\/\/www.facture.net\/blog\/#website\",\"url\":\"https:\/\/www.facture.net\/blog\/\",\"name\":\"Facture.net\",\"description\":\"facture\",\"publisher\":{\"@id\":\"https:\/\/www.facture.net\/blog\/#organization\"},\"potentialAction\":[{\"@type\":\"SearchAction\",\"target\":{\"@type\":\"EntryPoint\",\"urlTemplate\":\"https:\/\/www.facture.net\/blog\/?s={search_term_string}\"},\"query-input\":{\"@type\":\"PropertyValueSpecification\",\"valueRequired\":true,\"valueName\":\"search_term_string\"}}],\"inLanguage\":\"fr-FR\"},{\"@type\":\"Organization\",\"@id\":\"https:\/\/www.facture.net\/blog\/#organization\",\"name\":\"Facture.net\",\"url\":\"https:\/\/www.facture.net\/blog\/\",\"logo\":{\"@type\":\"ImageObject\",\"inLanguage\":\"fr-FR\",\"@id\":\"https:\/\/www.facture.net\/blog\/#\/schema\/logo\/image\/\",\"url\":\"https:\/\/www.facture.net\/blog\/wp-content\/uploads\/sites\/3\/2022\/07\/logo-facture.svg\",\"contentUrl\":\"https:\/\/www.facture.net\/blog\/wp-content\/uploads\/sites\/3\/2022\/07\/logo-facture.svg\",\"width\":1,\"height\":1,\"caption\":\"Facture.net\"},\"image\":{\"@id\":\"https:\/\/www.facture.net\/blog\/#\/schema\/logo\/image\/\"}},{\"@type\":\"Person\",\"@id\":\"https:\/\/www.facture.net\/blog\/#\/schema\/person\/33c0ef04707fbe50a096f282050bb5f2\",\"name\":\"Laura Michaud\",\"image\":{\"@type\":\"ImageObject\",\"inLanguage\":\"fr-FR\",\"@id\":\"https:\/\/www.facture.net\/blog\/#\/schema\/person\/image\/\",\"url\":\"https:\/\/secure.gravatar.com\/avatar\/c3328cc0c887f98cec6b2979af3311ab6333fc7cc2d4847514cfec6a56fa08a7?s=96&d=mm&r=g\",\"contentUrl\":\"https:\/\/secure.gravatar.com\/avatar\/c3328cc0c887f98cec6b2979af3311ab6333fc7cc2d4847514cfec6a56fa08a7?s=96&d=mm&r=g\",\"caption\":\"Laura Michaud\"},\"description\":\"Laura connait tous les meilleurs outils pour g\u00e9rer des projets et une entreprise. Cr\u00e9ative, c'est aussi une sp\u00e9cialiste des outils de cr\u00e9ation graphique pour faire briller une entreprise.\",\"sameAs\":[\"https:\/\/www.linkedin.com\/in\/michaudlaura\/\"],\"url\":\"https:\/\/www.facture.net\/blog\/author\/laura\/\"}]}<\/script>\n<!-- \/ Yoast SEO plugin. -->","yoast_head_json":{"title":"7 astuces pour am\u00e9liorer l'image de marque de votre entreprise","description":"Am\u00e9liorez l\u2019image de marque de votre entreprise gr\u00e2ce \u00e0 7 strat\u00e9gies concr\u00e8tes : identit\u00e9 visuelle, valeurs, visibilit\u00e9, exp\u00e9rience client...","robots":{"index":"index","follow":"follow","max-snippet":"max-snippet:-1","max-image-preview":"max-image-preview:large","max-video-preview":"max-video-preview:-1"},"canonical":"https:\/\/www.facture.net\/blog\/ameliorer-image-de-marque\/","og_locale":"fr_FR","og_type":"article","og_title":"7 astuces pour am\u00e9liorer l'image de marque de votre entreprise","og_description":"Am\u00e9liorez l\u2019image de marque de votre entreprise gr\u00e2ce \u00e0 7 strat\u00e9gies concr\u00e8tes : identit\u00e9 visuelle, valeurs, visibilit\u00e9, exp\u00e9rience client...","og_url":"https:\/\/www.facture.net\/blog\/ameliorer-image-de-marque\/","og_site_name":"Facture.net","article_published_time":"2026-01-19T13:10:00+00:00","article_modified_time":"2026-01-19T13:17:29+00:00","og_image":[{"width":1200,"height":675,"url":"https:\/\/www.facture.net\/blog\/wp-content\/uploads\/sites\/3\/2019\/06\/image-de-marque-1.jpg","type":"image\/jpeg"}],"author":"Laura Michaud","twitter_card":"summary_large_image","twitter_misc":{"\u00c9crit par":"Laura Michaud","Dur\u00e9e de lecture estim\u00e9e":"5 minutes"},"schema":{"@context":"https:\/\/schema.org","@graph":[{"@type":"Article","@id":"https:\/\/www.facture.net\/blog\/ameliorer-image-de-marque\/#article","isPartOf":{"@id":"https:\/\/www.facture.net\/blog\/ameliorer-image-de-marque\/"},"author":{"name":"Laura Michaud","@id":"https:\/\/www.facture.net\/blog\/#\/schema\/person\/33c0ef04707fbe50a096f282050bb5f2"},"headline":"7 astuces pour am\u00e9liorer l&#8217;image de marque de votre entreprise","datePublished":"2026-01-19T13:10:00+00:00","dateModified":"2026-01-19T13:17:29+00:00","mainEntityOfPage":{"@id":"https:\/\/www.facture.net\/blog\/ameliorer-image-de-marque\/"},"wordCount":960,"commentCount":0,"publisher":{"@id":"https:\/\/www.facture.net\/blog\/#organization"},"image":{"@id":"https:\/\/www.facture.net\/blog\/ameliorer-image-de-marque\/#primaryimage"},"thumbnailUrl":"https:\/\/www.facture.net\/blog\/wp-content\/uploads\/sites\/3\/2019\/06\/image-de-marque-1.jpg","articleSection":["Marketing"],"inLanguage":"fr-FR","potentialAction":[{"@type":"CommentAction","name":"Comment","target":["https:\/\/www.facture.net\/blog\/ameliorer-image-de-marque\/#respond"]}]},{"@type":"WebPage","@id":"https:\/\/www.facture.net\/blog\/ameliorer-image-de-marque\/","url":"https:\/\/www.facture.net\/blog\/ameliorer-image-de-marque\/","name":"7 astuces pour am\u00e9liorer l'image de marque de votre entreprise","isPartOf":{"@id":"https:\/\/www.facture.net\/blog\/#website"},"primaryImageOfPage":{"@id":"https:\/\/www.facture.net\/blog\/ameliorer-image-de-marque\/#primaryimage"},"image":{"@id":"https:\/\/www.facture.net\/blog\/ameliorer-image-de-marque\/#primaryimage"},"thumbnailUrl":"https:\/\/www.facture.net\/blog\/wp-content\/uploads\/sites\/3\/2019\/06\/image-de-marque-1.jpg","datePublished":"2026-01-19T13:10:00+00:00","dateModified":"2026-01-19T13:17:29+00:00","description":"Am\u00e9liorez l\u2019image de marque de votre entreprise gr\u00e2ce \u00e0 7 strat\u00e9gies concr\u00e8tes : identit\u00e9 visuelle, valeurs, visibilit\u00e9, exp\u00e9rience client...","breadcrumb":{"@id":"https:\/\/www.facture.net\/blog\/ameliorer-image-de-marque\/#breadcrumb"},"inLanguage":"fr-FR","potentialAction":[{"@type":"ReadAction","target":["https:\/\/www.facture.net\/blog\/ameliorer-image-de-marque\/"]}]},{"@type":"ImageObject","inLanguage":"fr-FR","@id":"https:\/\/www.facture.net\/blog\/ameliorer-image-de-marque\/#primaryimage","url":"https:\/\/www.facture.net\/blog\/wp-content\/uploads\/sites\/3\/2019\/06\/image-de-marque-1.jpg","contentUrl":"https:\/\/www.facture.net\/blog\/wp-content\/uploads\/sites\/3\/2019\/06\/image-de-marque-1.jpg","width":1200,"height":675,"caption":"image de marque entreprise"},{"@type":"BreadcrumbList","@id":"https:\/\/www.facture.net\/blog\/ameliorer-image-de-marque\/#breadcrumb","itemListElement":[{"@type":"ListItem","position":1,"name":"Blog","item":"https:\/\/www.facture.net\/blog\/"},{"@type":"ListItem","position":2,"name":"Ventes","item":"https:\/\/www.facture.net\/blog\/ventes\/"},{"@type":"ListItem","position":3,"name":"Marketing","item":"https:\/\/www.facture.net\/blog\/ventes\/marketing\/"},{"@type":"ListItem","position":4,"name":"7 astuces pour am\u00e9liorer l&#8217;image de marque de votre entreprise"}]},{"@type":"WebSite","@id":"https:\/\/www.facture.net\/blog\/#website","url":"https:\/\/www.facture.net\/blog\/","name":"Facture.net","description":"facture","publisher":{"@id":"https:\/\/www.facture.net\/blog\/#organization"},"potentialAction":[{"@type":"SearchAction","target":{"@type":"EntryPoint","urlTemplate":"https:\/\/www.facture.net\/blog\/?s={search_term_string}"},"query-input":{"@type":"PropertyValueSpecification","valueRequired":true,"valueName":"search_term_string"}}],"inLanguage":"fr-FR"},{"@type":"Organization","@id":"https:\/\/www.facture.net\/blog\/#organization","name":"Facture.net","url":"https:\/\/www.facture.net\/blog\/","logo":{"@type":"ImageObject","inLanguage":"fr-FR","@id":"https:\/\/www.facture.net\/blog\/#\/schema\/logo\/image\/","url":"https:\/\/www.facture.net\/blog\/wp-content\/uploads\/sites\/3\/2022\/07\/logo-facture.svg","contentUrl":"https:\/\/www.facture.net\/blog\/wp-content\/uploads\/sites\/3\/2022\/07\/logo-facture.svg","width":1,"height":1,"caption":"Facture.net"},"image":{"@id":"https:\/\/www.facture.net\/blog\/#\/schema\/logo\/image\/"}},{"@type":"Person","@id":"https:\/\/www.facture.net\/blog\/#\/schema\/person\/33c0ef04707fbe50a096f282050bb5f2","name":"Laura Michaud","image":{"@type":"ImageObject","inLanguage":"fr-FR","@id":"https:\/\/www.facture.net\/blog\/#\/schema\/person\/image\/","url":"https:\/\/secure.gravatar.com\/avatar\/c3328cc0c887f98cec6b2979af3311ab6333fc7cc2d4847514cfec6a56fa08a7?s=96&d=mm&r=g","contentUrl":"https:\/\/secure.gravatar.com\/avatar\/c3328cc0c887f98cec6b2979af3311ab6333fc7cc2d4847514cfec6a56fa08a7?s=96&d=mm&r=g","caption":"Laura Michaud"},"description":"Laura connait tous les meilleurs outils pour g\u00e9rer des projets et une entreprise. Cr\u00e9ative, c'est aussi une sp\u00e9cialiste des outils de cr\u00e9ation graphique pour faire briller une entreprise.","sameAs":["https:\/\/www.linkedin.com\/in\/michaudlaura\/"],"url":"https:\/\/www.facture.net\/blog\/author\/laura\/"}]}},"_links":{"self":[{"href":"https:\/\/www.facture.net\/blog\/wp-json\/wp\/v2\/posts\/784","targetHints":{"allow":["GET"]}}],"collection":[{"href":"https:\/\/www.facture.net\/blog\/wp-json\/wp\/v2\/posts"}],"about":[{"href":"https:\/\/www.facture.net\/blog\/wp-json\/wp\/v2\/types\/post"}],"author":[{"embeddable":true,"href":"https:\/\/www.facture.net\/blog\/wp-json\/wp\/v2\/users\/1"}],"replies":[{"embeddable":true,"href":"https:\/\/www.facture.net\/blog\/wp-json\/wp\/v2\/comments?post=784"}],"version-history":[{"count":0,"href":"https:\/\/www.facture.net\/blog\/wp-json\/wp\/v2\/posts\/784\/revisions"}],"wp:featuredmedia":[{"embeddable":true,"href":"https:\/\/www.facture.net\/blog\/wp-json\/wp\/v2\/media\/9926"}],"wp:attachment":[{"href":"https:\/\/www.facture.net\/blog\/wp-json\/wp\/v2\/media?parent=784"}],"wp:term":[{"taxonomy":"category","embeddable":true,"href":"https:\/\/www.facture.net\/blog\/wp-json\/wp\/v2\/categories?post=784"},{"taxonomy":"post_tag","embeddable":true,"href":"https:\/\/www.facture.net\/blog\/wp-json\/wp\/v2\/tags?post=784"}],"curies":[{"name":"wp","href":"https:\/\/api.w.org\/{rel}","templated":true}]}}