{"id":6913,"date":"2025-08-25T10:00:00","date_gmt":"2025-08-25T08:00:00","guid":{"rendered":"https:\/\/www.facture.net\/blog\/?p=6913"},"modified":"2025-08-25T10:00:00","modified_gmt":"2025-08-25T08:00:00","slug":"facture-association-tva","status":"publish","type":"post","link":"https:\/\/www.facture.net\/blog\/facture-association-tva\/","title":{"rendered":"Une facture d&#8217;association doit-elle inclure la TVA&nbsp;?"},"content":{"rendered":"\n<p>La question de la TVA pour les associations revient souvent, notamment lorsqu&#8217;elles commencent \u00e0 d\u00e9velopper des activit\u00e9s g\u00e9n\u00e9ratrices de revenus. Doivent-elles appliquer la TVA sur leurs factures&nbsp;? Quelles sont les r\u00e8gles \u00e0 conna\u00eetre pour \u00e9viter les erreurs fiscales&nbsp;?<\/p>\n\n\n\n<p>Dans cet article, nous faisons le point sur les obligations des associations en mati\u00e8re de TVA, en fonction de la nature de leurs activit\u00e9s et de leur statut fiscal, pour aider votre association avec la <a href=\"https:\/\/www.facture.net\/blog\/facture-association\/\" target=\"_blank\" rel=\"noreferrer noopener\">facturation<\/a>.<\/p>\n\n\n\n<h2 class=\"wp-block-heading\">Est-ce qu&#8217;une association doit inclure la TVA dans sa facture&nbsp;? <\/h2>\n\n\n\n<p>En principe, les associations, qu&#8217;elles soient \u00e0 caract\u00e8re social, culturel, sportif ou autres, ne sont pas soumises \u00e0 la TVA lorsqu&#8217;elles m\u00e8nent des actions non lucratives. Cependant, lorsqu&#8217;elles effectuent des op\u00e9rations \u00e0 caract\u00e8re \u00e9conomique, elles sont susceptibles de devenir redevables de cette taxe.<\/p>\n\n\n\n<p>La notion d&#8217;activit\u00e9 \u00e9conomique est donc centrale pour d\u00e9terminer l&#8217;imposition \u00e0 la TVA. Si une association vend des biens ou des services pour un prix, elle est consid\u00e9r\u00e9e comme participant \u00e0 une activit\u00e9 \u00e9conomique, que ces op\u00e9rations soient r\u00e9alis\u00e9es de mani\u00e8re r\u00e9guli\u00e8re ou occasionnelle. Par cons\u00e9quent, si une <a href=\"https:\/\/www.facture.net\/blog\/association-emettre-facture\/\" target=\"_blank\" rel=\"noreferrer noopener\">association fournit des services<\/a> ou vend des produits \u00e0 un prix qui d\u00e9passe les co\u00fbts, elle <strong>doit alors inclure la TVA<\/strong> dans sa facturation.<\/p>\n\n\n\n<p>En revanche, si l&#8217;association r\u00e9alise des actions sans but lucratif en ad\u00e9quation avec son objet social et qui ne concurrence pas les entreprises du secteur marchand, <strong>elle n&#8217;est pas assujettie \u00e0 la TVA<\/strong>. Il s&#8217;agit, par exemple, des cotisations des membres ou des dons.<\/p>\n\n\n\n<h2 class=\"wp-block-heading\">L&#8217;association peut \u00eatre exempt\u00e9e de TVA ou la r\u00e9cup\u00e9rer<\/h2>\n\n\n\n<p>Il faut aussi noter que m\u00eame si une association est en principe assujettie \u00e0 la TVA, elle peut \u00eatre exempt\u00e9e si elle ne d\u00e9passe pas un certain seuil de chiffre d&#8217;affaires. Ce seuil varie selon les pays et il est essentiel de consulter la loi fiscale en vigueur dans votre pays pour en conna\u00eetre les d\u00e9tails.<\/p>\n\n\n\n<p>Enfin, m\u00eame si la TVA peut repr\u00e9senter un fardeau financier pour une association, il est important de rappeler qu&#8217;elle est en partie r\u00e9cup\u00e9rable. En effet, une association qui paie la TVA sur ses achats peut, sous certaines conditions, d\u00e9duire cette TVA lorsqu&#8217;elle \u00e9tablit ses factures.<\/p>\n\n\n\n<h2 class=\"wp-block-heading\">Ce qu\u2019il faut retenir sur la TVA pour les associations<\/h2>\n\n\n\n<ul class=\"wp-block-list\">\n<li>Une association n\u2019inclut pas la TVA si elle exerce uniquement des activit\u00e9s non lucratives.<\/li>\n\n\n\n<li>En cas d\u2019activit\u00e9 \u00e9conomique, elle peut devenir redevable de la TVA et doit alors la facturer.<\/li>\n\n\n\n<li>Elle peut \u00eatre exon\u00e9r\u00e9e de TVA si elle ne d\u00e9passe pas certains seuils de chiffre d\u2019affaires.<\/li>\n\n\n\n<li>Si elle est assujettie, elle peut parfois r\u00e9cup\u00e9rer la TVA sur ses d\u00e9penses.<\/li>\n<\/ul>\n","protected":false},"excerpt":{"rendered":"<p>La question de la TVA pour les associations revient souvent, notamment lorsqu&#8217;elles commencent \u00e0 d\u00e9velopper des activit\u00e9s g\u00e9n\u00e9ratrices de revenus. Doivent-elles appliquer la TVA sur leurs factures&nbsp;? Quelles sont les r\u00e8gles \u00e0 conna\u00eetre pour \u00e9viter les erreurs fiscales&nbsp;? Dans cet article, nous faisons le point sur les obligations des associations en mati\u00e8re de TVA, en [&hellip;]<\/p>\n","protected":false},"author":1,"featured_media":10912,"comment_status":"closed","ping_status":"closed","sticky":false,"template":"","format":"standard","meta":{"_acf_changed":false,"inline_featured_image":false,"footnotes":""},"categories":[4],"tags":[],"class_list":["post-6913","post","type-post","status-publish","format-standard","has-post-thumbnail","hentry","category-facturation"],"acf":[],"yoast_head":"<!-- This site is optimized with the Yoast SEO plugin v25.9 - https:\/\/yoast.com\/wordpress\/plugins\/seo\/ -->\n<title>Une facture d&#039;association doit-elle inclure la TVA ?<\/title>\n<meta name=\"description\" content=\"La question de la TVA pour les associations revient souvent, notamment lorsqu&#039;elles commencent \u00e0 d\u00e9velopper des activit\u00e9s g\u00e9n\u00e9ratrices de revenus.\" \/>\n<meta name=\"robots\" content=\"index, follow, max-snippet:-1, max-image-preview:large, max-video-preview:-1\" \/>\n<link rel=\"canonical\" href=\"https:\/\/www.facture.net\/blog\/facture-association-tva\/\" \/>\n<meta property=\"og:locale\" content=\"fr_FR\" \/>\n<meta property=\"og:type\" content=\"article\" \/>\n<meta property=\"og:title\" content=\"Une facture d&#039;association doit-elle inclure la TVA ?\" \/>\n<meta property=\"og:description\" content=\"La question de la TVA pour les associations revient souvent, notamment lorsqu&#039;elles commencent \u00e0 d\u00e9velopper des activit\u00e9s g\u00e9n\u00e9ratrices de revenus.\" \/>\n<meta property=\"og:url\" content=\"https:\/\/www.facture.net\/blog\/facture-association-tva\/\" \/>\n<meta property=\"og:site_name\" content=\"Facture.net\" \/>\n<meta property=\"article:published_time\" content=\"2025-08-25T08:00:00+00:00\" \/>\n<meta property=\"og:image\" content=\"https:\/\/www.facture.net\/blog\/wp-content\/uploads\/sites\/3\/2024\/03\/tva-association.jpg\" \/>\n\t<meta property=\"og:image:width\" content=\"1200\" \/>\n\t<meta property=\"og:image:height\" content=\"675\" \/>\n\t<meta property=\"og:image:type\" content=\"image\/jpeg\" \/>\n<meta name=\"author\" content=\"Laura Michaud\" \/>\n<meta name=\"twitter:card\" content=\"summary_large_image\" \/>\n<meta name=\"twitter:label1\" content=\"\u00c9crit par\" \/>\n\t<meta name=\"twitter:data1\" content=\"Laura Michaud\" \/>\n\t<meta name=\"twitter:label2\" content=\"Dur\u00e9e de lecture estim\u00e9e\" \/>\n\t<meta name=\"twitter:data2\" content=\"3 minutes\" \/>\n<script type=\"application\/ld+json\" class=\"yoast-schema-graph\">{\"@context\":\"https:\/\/schema.org\",\"@graph\":[{\"@type\":\"Article\",\"@id\":\"https:\/\/www.facture.net\/blog\/facture-association-tva\/#article\",\"isPartOf\":{\"@id\":\"https:\/\/www.facture.net\/blog\/facture-association-tva\/\"},\"author\":{\"name\":\"Laura Michaud\",\"@id\":\"https:\/\/www.facture.net\/blog\/#\/schema\/person\/33c0ef04707fbe50a096f282050bb5f2\"},\"headline\":\"Une facture d&#8217;association doit-elle inclure la TVA&nbsp;?\",\"datePublished\":\"2025-08-25T08:00:00+00:00\",\"mainEntityOfPage\":{\"@id\":\"https:\/\/www.facture.net\/blog\/facture-association-tva\/\"},\"wordCount\":484,\"publisher\":{\"@id\":\"https:\/\/www.facture.net\/blog\/#organization\"},\"image\":{\"@id\":\"https:\/\/www.facture.net\/blog\/facture-association-tva\/#primaryimage\"},\"thumbnailUrl\":\"https:\/\/www.facture.net\/blog\/wp-content\/uploads\/sites\/3\/2024\/03\/tva-association.jpg\",\"articleSection\":[\"Facturation\"],\"inLanguage\":\"fr-FR\"},{\"@type\":\"WebPage\",\"@id\":\"https:\/\/www.facture.net\/blog\/facture-association-tva\/\",\"url\":\"https:\/\/www.facture.net\/blog\/facture-association-tva\/\",\"name\":\"Une facture d'association doit-elle inclure la TVA ?\",\"isPartOf\":{\"@id\":\"https:\/\/www.facture.net\/blog\/#website\"},\"primaryImageOfPage\":{\"@id\":\"https:\/\/www.facture.net\/blog\/facture-association-tva\/#primaryimage\"},\"image\":{\"@id\":\"https:\/\/www.facture.net\/blog\/facture-association-tva\/#primaryimage\"},\"thumbnailUrl\":\"https:\/\/www.facture.net\/blog\/wp-content\/uploads\/sites\/3\/2024\/03\/tva-association.jpg\",\"datePublished\":\"2025-08-25T08:00:00+00:00\",\"description\":\"La question de la TVA pour les associations revient souvent, notamment lorsqu'elles commencent \u00e0 d\u00e9velopper des activit\u00e9s g\u00e9n\u00e9ratrices de revenus.\",\"breadcrumb\":{\"@id\":\"https:\/\/www.facture.net\/blog\/facture-association-tva\/#breadcrumb\"},\"inLanguage\":\"fr-FR\",\"potentialAction\":[{\"@type\":\"ReadAction\",\"target\":[\"https:\/\/www.facture.net\/blog\/facture-association-tva\/\"]}]},{\"@type\":\"ImageObject\",\"inLanguage\":\"fr-FR\",\"@id\":\"https:\/\/www.facture.net\/blog\/facture-association-tva\/#primaryimage\",\"url\":\"https:\/\/www.facture.net\/blog\/wp-content\/uploads\/sites\/3\/2024\/03\/tva-association.jpg\",\"contentUrl\":\"https:\/\/www.facture.net\/blog\/wp-content\/uploads\/sites\/3\/2024\/03\/tva-association.jpg\",\"width\":1200,\"height\":675,\"caption\":\"association tva\"},{\"@type\":\"BreadcrumbList\",\"@id\":\"https:\/\/www.facture.net\/blog\/facture-association-tva\/#breadcrumb\",\"itemListElement\":[{\"@type\":\"ListItem\",\"position\":1,\"name\":\"Blog\",\"item\":\"https:\/\/www.facture.net\/blog\/\"},{\"@type\":\"ListItem\",\"position\":2,\"name\":\"Comptabilit\u00e9\",\"item\":\"https:\/\/www.facture.net\/blog\/comptabilite\/\"},{\"@type\":\"ListItem\",\"position\":3,\"name\":\"Facturation\",\"item\":\"https:\/\/www.facture.net\/blog\/comptabilite\/facturation\/\"},{\"@type\":\"ListItem\",\"position\":4,\"name\":\"Une facture d&#8217;association doit-elle inclure la TVA&nbsp;?\"}]},{\"@type\":\"WebSite\",\"@id\":\"https:\/\/www.facture.net\/blog\/#website\",\"url\":\"https:\/\/www.facture.net\/blog\/\",\"name\":\"Facture.net\",\"description\":\"facture\",\"publisher\":{\"@id\":\"https:\/\/www.facture.net\/blog\/#organization\"},\"potentialAction\":[{\"@type\":\"SearchAction\",\"target\":{\"@type\":\"EntryPoint\",\"urlTemplate\":\"https:\/\/www.facture.net\/blog\/?s={search_term_string}\"},\"query-input\":{\"@type\":\"PropertyValueSpecification\",\"valueRequired\":true,\"valueName\":\"search_term_string\"}}],\"inLanguage\":\"fr-FR\"},{\"@type\":\"Organization\",\"@id\":\"https:\/\/www.facture.net\/blog\/#organization\",\"name\":\"Facture.net\",\"url\":\"https:\/\/www.facture.net\/blog\/\",\"logo\":{\"@type\":\"ImageObject\",\"inLanguage\":\"fr-FR\",\"@id\":\"https:\/\/www.facture.net\/blog\/#\/schema\/logo\/image\/\",\"url\":\"https:\/\/www.facture.net\/blog\/wp-content\/uploads\/sites\/3\/2022\/07\/logo-facture.svg\",\"contentUrl\":\"https:\/\/www.facture.net\/blog\/wp-content\/uploads\/sites\/3\/2022\/07\/logo-facture.svg\",\"width\":1,\"height\":1,\"caption\":\"Facture.net\"},\"image\":{\"@id\":\"https:\/\/www.facture.net\/blog\/#\/schema\/logo\/image\/\"}},{\"@type\":\"Person\",\"@id\":\"https:\/\/www.facture.net\/blog\/#\/schema\/person\/33c0ef04707fbe50a096f282050bb5f2\",\"name\":\"Laura Michaud\",\"image\":{\"@type\":\"ImageObject\",\"inLanguage\":\"fr-FR\",\"@id\":\"https:\/\/www.facture.net\/blog\/#\/schema\/person\/image\/\",\"url\":\"https:\/\/secure.gravatar.com\/avatar\/c3328cc0c887f98cec6b2979af3311ab6333fc7cc2d4847514cfec6a56fa08a7?s=96&d=mm&r=g\",\"contentUrl\":\"https:\/\/secure.gravatar.com\/avatar\/c3328cc0c887f98cec6b2979af3311ab6333fc7cc2d4847514cfec6a56fa08a7?s=96&d=mm&r=g\",\"caption\":\"Laura Michaud\"},\"description\":\"Laura connait tous les meilleurs outils pour g\u00e9rer des projets et une entreprise. Cr\u00e9ative, c'est aussi une sp\u00e9cialiste des outils de cr\u00e9ation graphique pour faire briller une entreprise.\",\"sameAs\":[\"https:\/\/www.linkedin.com\/in\/michaudlaura\/\"],\"url\":\"https:\/\/www.facture.net\/blog\/author\/laura\/\"}]}<\/script>\n<!-- \/ Yoast SEO plugin. -->","yoast_head_json":{"title":"Une facture d'association doit-elle inclure la TVA ?","description":"La question de la TVA pour les associations revient souvent, notamment lorsqu'elles commencent \u00e0 d\u00e9velopper des activit\u00e9s g\u00e9n\u00e9ratrices de revenus.","robots":{"index":"index","follow":"follow","max-snippet":"max-snippet:-1","max-image-preview":"max-image-preview:large","max-video-preview":"max-video-preview:-1"},"canonical":"https:\/\/www.facture.net\/blog\/facture-association-tva\/","og_locale":"fr_FR","og_type":"article","og_title":"Une facture d'association doit-elle inclure la TVA ?","og_description":"La question de la TVA pour les associations revient souvent, notamment lorsqu'elles commencent \u00e0 d\u00e9velopper des activit\u00e9s g\u00e9n\u00e9ratrices de revenus.","og_url":"https:\/\/www.facture.net\/blog\/facture-association-tva\/","og_site_name":"Facture.net","article_published_time":"2025-08-25T08:00:00+00:00","og_image":[{"width":1200,"height":675,"url":"https:\/\/www.facture.net\/blog\/wp-content\/uploads\/sites\/3\/2024\/03\/tva-association.jpg","type":"image\/jpeg"}],"author":"Laura Michaud","twitter_card":"summary_large_image","twitter_misc":{"\u00c9crit par":"Laura Michaud","Dur\u00e9e de lecture estim\u00e9e":"3 minutes"},"schema":{"@context":"https:\/\/schema.org","@graph":[{"@type":"Article","@id":"https:\/\/www.facture.net\/blog\/facture-association-tva\/#article","isPartOf":{"@id":"https:\/\/www.facture.net\/blog\/facture-association-tva\/"},"author":{"name":"Laura Michaud","@id":"https:\/\/www.facture.net\/blog\/#\/schema\/person\/33c0ef04707fbe50a096f282050bb5f2"},"headline":"Une facture d&#8217;association doit-elle inclure la TVA&nbsp;?","datePublished":"2025-08-25T08:00:00+00:00","mainEntityOfPage":{"@id":"https:\/\/www.facture.net\/blog\/facture-association-tva\/"},"wordCount":484,"publisher":{"@id":"https:\/\/www.facture.net\/blog\/#organization"},"image":{"@id":"https:\/\/www.facture.net\/blog\/facture-association-tva\/#primaryimage"},"thumbnailUrl":"https:\/\/www.facture.net\/blog\/wp-content\/uploads\/sites\/3\/2024\/03\/tva-association.jpg","articleSection":["Facturation"],"inLanguage":"fr-FR"},{"@type":"WebPage","@id":"https:\/\/www.facture.net\/blog\/facture-association-tva\/","url":"https:\/\/www.facture.net\/blog\/facture-association-tva\/","name":"Une facture d'association doit-elle inclure la TVA ?","isPartOf":{"@id":"https:\/\/www.facture.net\/blog\/#website"},"primaryImageOfPage":{"@id":"https:\/\/www.facture.net\/blog\/facture-association-tva\/#primaryimage"},"image":{"@id":"https:\/\/www.facture.net\/blog\/facture-association-tva\/#primaryimage"},"thumbnailUrl":"https:\/\/www.facture.net\/blog\/wp-content\/uploads\/sites\/3\/2024\/03\/tva-association.jpg","datePublished":"2025-08-25T08:00:00+00:00","description":"La question de la TVA pour les associations revient souvent, notamment lorsqu'elles commencent \u00e0 d\u00e9velopper des activit\u00e9s g\u00e9n\u00e9ratrices de revenus.","breadcrumb":{"@id":"https:\/\/www.facture.net\/blog\/facture-association-tva\/#breadcrumb"},"inLanguage":"fr-FR","potentialAction":[{"@type":"ReadAction","target":["https:\/\/www.facture.net\/blog\/facture-association-tva\/"]}]},{"@type":"ImageObject","inLanguage":"fr-FR","@id":"https:\/\/www.facture.net\/blog\/facture-association-tva\/#primaryimage","url":"https:\/\/www.facture.net\/blog\/wp-content\/uploads\/sites\/3\/2024\/03\/tva-association.jpg","contentUrl":"https:\/\/www.facture.net\/blog\/wp-content\/uploads\/sites\/3\/2024\/03\/tva-association.jpg","width":1200,"height":675,"caption":"association tva"},{"@type":"BreadcrumbList","@id":"https:\/\/www.facture.net\/blog\/facture-association-tva\/#breadcrumb","itemListElement":[{"@type":"ListItem","position":1,"name":"Blog","item":"https:\/\/www.facture.net\/blog\/"},{"@type":"ListItem","position":2,"name":"Comptabilit\u00e9","item":"https:\/\/www.facture.net\/blog\/comptabilite\/"},{"@type":"ListItem","position":3,"name":"Facturation","item":"https:\/\/www.facture.net\/blog\/comptabilite\/facturation\/"},{"@type":"ListItem","position":4,"name":"Une facture d&#8217;association doit-elle inclure la TVA&nbsp;?"}]},{"@type":"WebSite","@id":"https:\/\/www.facture.net\/blog\/#website","url":"https:\/\/www.facture.net\/blog\/","name":"Facture.net","description":"facture","publisher":{"@id":"https:\/\/www.facture.net\/blog\/#organization"},"potentialAction":[{"@type":"SearchAction","target":{"@type":"EntryPoint","urlTemplate":"https:\/\/www.facture.net\/blog\/?s={search_term_string}"},"query-input":{"@type":"PropertyValueSpecification","valueRequired":true,"valueName":"search_term_string"}}],"inLanguage":"fr-FR"},{"@type":"Organization","@id":"https:\/\/www.facture.net\/blog\/#organization","name":"Facture.net","url":"https:\/\/www.facture.net\/blog\/","logo":{"@type":"ImageObject","inLanguage":"fr-FR","@id":"https:\/\/www.facture.net\/blog\/#\/schema\/logo\/image\/","url":"https:\/\/www.facture.net\/blog\/wp-content\/uploads\/sites\/3\/2022\/07\/logo-facture.svg","contentUrl":"https:\/\/www.facture.net\/blog\/wp-content\/uploads\/sites\/3\/2022\/07\/logo-facture.svg","width":1,"height":1,"caption":"Facture.net"},"image":{"@id":"https:\/\/www.facture.net\/blog\/#\/schema\/logo\/image\/"}},{"@type":"Person","@id":"https:\/\/www.facture.net\/blog\/#\/schema\/person\/33c0ef04707fbe50a096f282050bb5f2","name":"Laura Michaud","image":{"@type":"ImageObject","inLanguage":"fr-FR","@id":"https:\/\/www.facture.net\/blog\/#\/schema\/person\/image\/","url":"https:\/\/secure.gravatar.com\/avatar\/c3328cc0c887f98cec6b2979af3311ab6333fc7cc2d4847514cfec6a56fa08a7?s=96&d=mm&r=g","contentUrl":"https:\/\/secure.gravatar.com\/avatar\/c3328cc0c887f98cec6b2979af3311ab6333fc7cc2d4847514cfec6a56fa08a7?s=96&d=mm&r=g","caption":"Laura Michaud"},"description":"Laura connait tous les meilleurs outils pour g\u00e9rer des projets et une entreprise. Cr\u00e9ative, c'est aussi une sp\u00e9cialiste des outils de cr\u00e9ation graphique pour faire briller une entreprise.","sameAs":["https:\/\/www.linkedin.com\/in\/michaudlaura\/"],"url":"https:\/\/www.facture.net\/blog\/author\/laura\/"}]}},"_links":{"self":[{"href":"https:\/\/www.facture.net\/blog\/wp-json\/wp\/v2\/posts\/6913","targetHints":{"allow":["GET"]}}],"collection":[{"href":"https:\/\/www.facture.net\/blog\/wp-json\/wp\/v2\/posts"}],"about":[{"href":"https:\/\/www.facture.net\/blog\/wp-json\/wp\/v2\/types\/post"}],"author":[{"embeddable":true,"href":"https:\/\/www.facture.net\/blog\/wp-json\/wp\/v2\/users\/1"}],"replies":[{"embeddable":true,"href":"https:\/\/www.facture.net\/blog\/wp-json\/wp\/v2\/comments?post=6913"}],"version-history":[{"count":0,"href":"https:\/\/www.facture.net\/blog\/wp-json\/wp\/v2\/posts\/6913\/revisions"}],"wp:featuredmedia":[{"embeddable":true,"href":"https:\/\/www.facture.net\/blog\/wp-json\/wp\/v2\/media\/10912"}],"wp:attachment":[{"href":"https:\/\/www.facture.net\/blog\/wp-json\/wp\/v2\/media?parent=6913"}],"wp:term":[{"taxonomy":"category","embeddable":true,"href":"https:\/\/www.facture.net\/blog\/wp-json\/wp\/v2\/categories?post=6913"},{"taxonomy":"post_tag","embeddable":true,"href":"https:\/\/www.facture.net\/blog\/wp-json\/wp\/v2\/tags?post=6913"}],"curies":[{"name":"wp","href":"https:\/\/api.w.org\/{rel}","templated":true}]}}