{"id":6908,"date":"2025-08-18T10:00:00","date_gmt":"2025-08-18T08:00:00","guid":{"rendered":"https:\/\/www.facture.net\/blog\/?p=6908"},"modified":"2026-02-09T14:34:55","modified_gmt":"2026-02-09T13:34:55","slug":"facture-micro-entrepreneur","status":"publish","type":"post","link":"https:\/\/www.facture.net\/blog\/facture-micro-entrepreneur\/","title":{"rendered":"La facturation en micro-entreprise"},"content":{"rendered":"\n<p>Naviguer dans le monde de l&#8217;entreprenariat peut parfois s&#8217;apparenter \u00e0 une v\u00e9ritable aventure, notamment quand il s&#8217;agit de la <strong>facturation en micro-entreprise<\/strong>. <\/p>\n\n\n\n<p>Pour tout micro-entrepreneur, comprendre et ma\u00eetriser le processus de facturation est essentiel pour garantir le bon fonctionnement de leur activit\u00e9.<\/p>\n\n\n\n<p>Que vous veniez de lancer votre micro-entreprise ou que vous cherchiez \u00e0 perfectionner vos pratiques actuelles, d\u00e9couvrons ensemble les r\u00e8gles et bonnes pratiques pour une <strong>facturation micro entreprise<\/strong> simple, efficace et conforme \u00e0 la loi.<\/p>\n\n\n\n<figure class=\"wp-block-image size-large\"><a href=\"#guide-facturation\"><img decoding=\"async\" width=\"1024\" height=\"238\" src=\"https:\/\/www.facture.net\/blog\/wp-content\/uploads\/sites\/3\/2025\/12\/F-banniere-guide-facturation-2026-1024x238.png\" alt=\"guide facturation\" class=\"wp-image-12084\" srcset=\"https:\/\/www.facture.net\/blog\/wp-content\/uploads\/sites\/3\/2025\/12\/F-banniere-guide-facturation-2026-1024x238.png 1024w, https:\/\/www.facture.net\/blog\/wp-content\/uploads\/sites\/3\/2025\/12\/F-banniere-guide-facturation-2026-300x70.png 300w, https:\/\/www.facture.net\/blog\/wp-content\/uploads\/sites\/3\/2025\/12\/F-banniere-guide-facturation-2026-768x179.png 768w, https:\/\/www.facture.net\/blog\/wp-content\/uploads\/sites\/3\/2025\/12\/F-banniere-guide-facturation-2026-60x14.png 60w, https:\/\/www.facture.net\/blog\/wp-content\/uploads\/sites\/3\/2025\/12\/F-banniere-guide-facturation-2026-370x86.png 370w, https:\/\/www.facture.net\/blog\/wp-content\/uploads\/sites\/3\/2025\/12\/F-banniere-guide-facturation-2026-270x63.png 270w, https:\/\/www.facture.net\/blog\/wp-content\/uploads\/sites\/3\/2025\/12\/F-banniere-guide-facturation-2026-570x133.png 570w, https:\/\/www.facture.net\/blog\/wp-content\/uploads\/sites\/3\/2025\/12\/F-banniere-guide-facturation-2026-740x172.png 740w, https:\/\/www.facture.net\/blog\/wp-content\/uploads\/sites\/3\/2025\/12\/F-banniere-guide-facturation-2026.png 1380w\" sizes=\"(max-width: 1024px) 100vw, 1024px\" \/><\/a><\/figure>\n\n\n\n<h2 class=\"wp-block-heading\">L&#8217;importance de la facturation en micro-entreprise<\/h2>\n\n\n\n<p>La facturation en micro-entreprise est un \u00e9l\u00e9ment essentiel \u00e0 la fois de votre relation avec vos clients et de votre gestion financi\u00e8re. Concr\u00e8tement, chaque prestation de service ou vente de bien doit \u00eatre accompagn\u00e9e d&#8217;une facture, servant de justificatif comptable pour vous comme pour votre client.<\/p>\n\n\n\n<p>La facture doit comporter des <a href=\"https:\/\/www.facture.net\/blog\/mentions-obligatoires-facture\/\">mentions obligatoires<\/a>, telles que vos coordonn\u00e9es et celles du client, la date, le descriptif d\u00e9taill\u00e9 de la prestation ou du produit, le prix unitaire, la quantit\u00e9, le total \u00e0 payer hors taxe et le total toutes taxes comprises, etc.<\/p>\n\n\n\n<figure class=\"wp-block-image size-large\"><img decoding=\"async\" width=\"1024\" height=\"683\" src=\"https:\/\/www.facture.net\/blog\/wp-content\/uploads\/sites\/3\/2024\/03\/small-business-self-employment-micro-entrepreneu-2023-11-27-05-25-49-utc-1-1024x683.jpg\" alt=\"facturation micro entreprise\" class=\"wp-image-6910\" srcset=\"https:\/\/www.facture.net\/blog\/wp-content\/uploads\/sites\/3\/2024\/03\/small-business-self-employment-micro-entrepreneu-2023-11-27-05-25-49-utc-1-1024x683.jpg 1024w, https:\/\/www.facture.net\/blog\/wp-content\/uploads\/sites\/3\/2024\/03\/small-business-self-employment-micro-entrepreneu-2023-11-27-05-25-49-utc-1-300x200.jpg 300w, https:\/\/www.facture.net\/blog\/wp-content\/uploads\/sites\/3\/2024\/03\/small-business-self-employment-micro-entrepreneu-2023-11-27-05-25-49-utc-1-768x512.jpg 768w, https:\/\/www.facture.net\/blog\/wp-content\/uploads\/sites\/3\/2024\/03\/small-business-self-employment-micro-entrepreneu-2023-11-27-05-25-49-utc-1-60x40.jpg 60w, https:\/\/www.facture.net\/blog\/wp-content\/uploads\/sites\/3\/2024\/03\/small-business-self-employment-micro-entrepreneu-2023-11-27-05-25-49-utc-1-370x247.jpg 370w, https:\/\/www.facture.net\/blog\/wp-content\/uploads\/sites\/3\/2024\/03\/small-business-self-employment-micro-entrepreneu-2023-11-27-05-25-49-utc-1-270x180.jpg 270w, https:\/\/www.facture.net\/blog\/wp-content\/uploads\/sites\/3\/2024\/03\/small-business-self-employment-micro-entrepreneu-2023-11-27-05-25-49-utc-1-570x380.jpg 570w, https:\/\/www.facture.net\/blog\/wp-content\/uploads\/sites\/3\/2024\/03\/small-business-self-employment-micro-entrepreneu-2023-11-27-05-25-49-utc-1-740x494.jpg 740w, https:\/\/www.facture.net\/blog\/wp-content\/uploads\/sites\/3\/2024\/03\/small-business-self-employment-micro-entrepreneu-2023-11-27-05-25-49-utc-1.jpg 1240w\" sizes=\"(max-width: 1024px) 100vw, 1024px\" \/><\/figure>\n\n\n\n<h2 class=\"wp-block-heading\">Les formats de facturation pour une micro-entreprise<\/h2>\n\n\n\n<p>L&#8217;envoi de factures est une obligation l\u00e9gale que chaque micro-entrepreneur doit respecter. Ces factures, sont g\u00e9n\u00e9ralement adress\u00e9es aux clients d\u00e8s la r\u00e9alisation d&#8217;une prestation ou la vente d&#8217;un produit.<\/p>\n\n\n\n<ol class=\"wp-block-list\">\n<li><strong>Factures papier<\/strong>&nbsp;: C&#8217;\u00e9tait le format historique et le plus couramment utilis\u00e9. Chaque facture doit \u00eatre imprim\u00e9e en deux exemplaires&nbsp;: un pour le client et un pour l&#8217;entrepreneur.<\/li>\n\n\n\n<li><strong>Factures \u00e9lectroniques<\/strong>&nbsp;: De plus en plus populaires, elles sont plus \u00e9cologiques et plus faciles \u00e0 g\u00e9rer pour le micro-entrepreneur. Elles peuvent \u00eatre cr\u00e9\u00e9es avec des logiciels de facturation, souvent en ligne, qui permettent aussi le suivi du paiement. Leur validit\u00e9 est la m\u00eame que celle des factures papier, \u00e0 condition qu&#8217;elles soient en format PDF et sign\u00e9es \u00e9lectroniquement.<\/li>\n<\/ol>\n\n\n\n<p>\u00c0 partir de 2027, <strong>la facturation \u00e9lectronique deviendra obligatoire<\/strong> pour tous les micro-entrepreneurs, conform\u00e9ment aux nouvelles r\u00e9gulations gouvernementales visant \u00e0 moderniser et simplifier les \u00e9changes commerciaux. Cela signifie que toutes les factures devront \u00eatre transmises de mani\u00e8re \u00e9lectronique via un format standardis\u00e9 et s\u00e9curis\u00e9. Cette transition vise \u00e0 r\u00e9duire la fraude fiscale, \u00e0 am\u00e9liorer la tra\u00e7abilit\u00e9 des transactions et \u00e0 simplifier les obligations comptables.<\/p>\n\n\n\n<p>Pour se pr\u00e9parer, les micro-entrepreneurs devront utiliser des logiciels de facturation pour micr-entreprise conformes aux normes l\u00e9gales, capables de g\u00e9n\u00e9rer des factures \u00e9lectroniques au format structur\u00e9, comme le XML. Ces logiciels permettront \u00e9galement de transmettre les factures directement aux clients via une plateforme agr\u00e9\u00e9e par l\u2019\u00c9tat. Cette \u00e9volution rendra obsol\u00e8tes les factures papier et contribuera \u00e0 une gestion administrative plus efficace. Il est donc recommand\u00e9 de se familiariser d\u00e8s maintenant avec les outils num\u00e9riques pour anticiper cette transition et respecter les nouvelles exigences.<\/p>\n\n\n\n<h2 class=\"wp-block-heading\">Est-ce que le micro-entrepreneur est soumis \u00e0 la TVA&nbsp;? <\/h2>\n\n\n\n<p>Dans le cadre du r\u00e9gime de la micro-entreprise, le principe g\u00e9n\u00e9ral est que le micro-entrepreneur n&#8217;est pas soumis \u00e0 la TVA). C&#8217;est ce qu&#8217;on appelle &#8220;la franchise en base de TVA&#8221;. Concr\u00e8tement, cela signifie que le micro-entrepreneur ne facture pas de TVA \u00e0 ses clients et ne r\u00e9cup\u00e8re pas la TVA sur ses achats professionnels.<\/p>\n\n\n\n<p>Toutefois, cette r\u00e8gle comporte quelques exceptions. En effet, le micro-entrepreneur devient redevable de la TVA lorsque son chiffre d&#8217;affaires d\u00e9passe deux seuils&nbsp;: <strong>101 000<\/strong> euros pour une activit\u00e9 de vente ou fourniture de logement, et <strong><strong>39 100<\/strong><\/strong> euros pour les prestations de service.<\/p>\n\n\n\n<p>Du point de vue l\u00e9gislatif, ces dispositions sont pr\u00e9vues par l&#8217;article 293B du Code g\u00e9n\u00e9ral des imp\u00f4ts. Il est important de noter que lorsqu&#8217;un micro-entrepreneur devient assujetti \u00e0 la TVA, il doit le mentionner explicitement sur ses factures. Il r\u00e9cup\u00e8re alors la TVA sur ses achats professionnels et la reverse \u00e0 l&#8217;Etat.<\/p>\n\n\n\n<h2 class=\"wp-block-heading\">Comment simplifier la facturation en micro-entreprise&nbsp;?<\/h2>\n\n\n\n<p>Bien s\u00fbr, le statut de micro-entrepreneur offre une facilit\u00e9 non n\u00e9gligeable au niveau de la gestion comptable et fiscale, et cela s\u00e9duit un bon nombre d&#8217;entrepreneurs. Le r\u00e9gime de franchise en base de TVA est un bon exemple de cette simplicit\u00e9 et pr\u00e9sente un avantage majeur pour qui commence une activit\u00e9. Cependant, la facturation en micro entreprise reste une \u00e9tape cl\u00e9 \u00e0 bien ma\u00eetriser.<\/p>\n\n\n\n<p>Il est aussi primordial de garder un \u0153il sur son chiffre d&#8217;affaires pour ne pas d\u00e9passer les seuils mis en place par la loi. Ainsi, au besoin, l&#8217;entrepreneur saura r\u00e9agir face \u00e0 de nouvelles obligations concernant la TVA. Tout est une question de compr\u00e9hension des r\u00e8gles entourant le statut de micro-entrepreneur, qui devient un v\u00e9ritable tremplin pour lancer son activit\u00e9.<\/p>\n\n\n\n<p>Vous pouvez utiliser un <a href=\"https:\/\/www.facture.net\/blog\/outil-facturation-auto-entrepreneur\/\">logiciel de facturation gratuit pour micro-entreprise<\/a> comme Facture.net pour simplifier votre facturation au quotidien.<\/p>\n\n\n\n<h2 class=\"wp-block-heading\" id=\"guide-facturation\">Votre guide sur la facturation<\/h2>\n\n\n\n<figure class=\"wp-block-image size-large\"><img decoding=\"async\" width=\"1024\" height=\"645\" src=\"https:\/\/www.facture.net\/blog\/wp-content\/uploads\/sites\/3\/2025\/12\/Guide-facturation-2026-Facture-1024x645.png\" alt=\"guide facturation\" class=\"wp-image-12082\" srcset=\"https:\/\/www.facture.net\/blog\/wp-content\/uploads\/sites\/3\/2025\/12\/Guide-facturation-2026-Facture-1024x645.png 1024w, https:\/\/www.facture.net\/blog\/wp-content\/uploads\/sites\/3\/2025\/12\/Guide-facturation-2026-Facture-300x189.png 300w, https:\/\/www.facture.net\/blog\/wp-content\/uploads\/sites\/3\/2025\/12\/Guide-facturation-2026-Facture-768x484.png 768w, https:\/\/www.facture.net\/blog\/wp-content\/uploads\/sites\/3\/2025\/12\/Guide-facturation-2026-Facture-60x38.png 60w, https:\/\/www.facture.net\/blog\/wp-content\/uploads\/sites\/3\/2025\/12\/Guide-facturation-2026-Facture-370x233.png 370w, https:\/\/www.facture.net\/blog\/wp-content\/uploads\/sites\/3\/2025\/12\/Guide-facturation-2026-Facture-270x170.png 270w, https:\/\/www.facture.net\/blog\/wp-content\/uploads\/sites\/3\/2025\/12\/Guide-facturation-2026-Facture-570x359.png 570w, https:\/\/www.facture.net\/blog\/wp-content\/uploads\/sites\/3\/2025\/12\/Guide-facturation-2026-Facture-740x466.png 740w, https:\/\/www.facture.net\/blog\/wp-content\/uploads\/sites\/3\/2025\/12\/Guide-facturation-2026-Facture.png 1200w\" sizes=\"(max-width: 1024px) 100vw, 1024px\" \/><\/figure>\n\n\n\n<div class=\"side-all newsletter_box\">\n<p class=\"h4 widget-title\" style=\"margin-top: 0;\">Recevez gratuitement votre guide sur la facturation<\/p>\n        <form action=\"https:\/\/newsletter.codeur.com\/sendy\/subscribe\" method=\"POST\" accept-charset=\"utf-8\" target=\"_blank\" class=\"subscription\">\n                                                        <input type=\"email\" name=\"email\" id=\"email\" autocomplete=\"on\" placeholder=\"Votre adresse email\" class=\"email form-control\">\n                                                        <input type=\"hidden\" name=\"list\" value=\"ozRhdpf2BoXnmjGcNTdKyQ\">\n                                                        <input type=\"hidden\" name=\"subform\" value=\"yes\">\n<button class=\"mks_button mks_button_medium button_side_all rounded\" type=\"submit\" aria-label=\"Inscription\" style=\"background-color: #4e46e5; color: #fff;\">Recevoir le guide\n<\/button>\n<\/form><p class=\"small\">Vous consentez \u00e0 recevoir les communications de Codeur SAS, \u00e9diteur de Facture.net, par email. Consultez la <a href=\"https:\/\/www.codeur.com\/pages\/politique-de-confidentialite\" target=\"_blank\">Politique de Confidentialit\u00e9<\/a>.\n        <\/p><\/div>\n","protected":false},"excerpt":{"rendered":"<p>Naviguer dans le monde de l&#8217;entreprenariat peut parfois s&#8217;apparenter \u00e0 une v\u00e9ritable aventure, notamment quand il s&#8217;agit de la facturation en micro-entreprise. Pour tout micro-entrepreneur, comprendre et ma\u00eetriser le processus de facturation est essentiel pour garantir le bon fonctionnement de leur activit\u00e9. Que vous veniez de lancer votre micro-entreprise ou que vous cherchiez \u00e0 perfectionner [&hellip;]<\/p>\n","protected":false},"author":1,"featured_media":9909,"comment_status":"closed","ping_status":"closed","sticky":false,"template":"","format":"standard","meta":{"_acf_changed":false,"inline_featured_image":false,"footnotes":""},"categories":[4],"tags":[],"class_list":["post-6908","post","type-post","status-publish","format-standard","has-post-thumbnail","hentry","category-facturation"],"acf":[],"yoast_head":"<!-- This site is optimized with the Yoast SEO plugin v25.9 - https:\/\/yoast.com\/wordpress\/plugins\/seo\/ -->\n<title>La facturation en micro-entreprise<\/title>\n<meta name=\"description\" content=\"Tout savoir sur la facturation micro entreprise : mentions obligatoires, TVA, formats et logiciels pour simplifier votre activit\u00e9.\" \/>\n<meta name=\"robots\" content=\"index, follow, max-snippet:-1, max-image-preview:large, max-video-preview:-1\" \/>\n<link rel=\"canonical\" href=\"https:\/\/www.facture.net\/blog\/facture-micro-entrepreneur\/\" \/>\n<meta property=\"og:locale\" content=\"fr_FR\" \/>\n<meta property=\"og:type\" content=\"article\" \/>\n<meta property=\"og:title\" content=\"La facturation en micro-entreprise\" \/>\n<meta property=\"og:description\" content=\"Tout savoir sur la facturation micro entreprise : mentions obligatoires, TVA, formats et logiciels pour simplifier votre activit\u00e9.\" \/>\n<meta property=\"og:url\" content=\"https:\/\/www.facture.net\/blog\/facture-micro-entrepreneur\/\" \/>\n<meta property=\"og:site_name\" content=\"Facture.net\" \/>\n<meta property=\"article:published_time\" content=\"2025-08-18T08:00:00+00:00\" \/>\n<meta property=\"article:modified_time\" content=\"2026-02-09T13:34:55+00:00\" \/>\n<meta property=\"og:image\" content=\"https:\/\/www.facture.net\/blog\/wp-content\/uploads\/sites\/3\/2024\/03\/facturation-microentreprise.jpg\" \/>\n\t<meta property=\"og:image:width\" content=\"1200\" \/>\n\t<meta property=\"og:image:height\" content=\"675\" \/>\n\t<meta property=\"og:image:type\" content=\"image\/jpeg\" \/>\n<meta name=\"author\" content=\"Laura Michaud\" \/>\n<meta name=\"twitter:card\" content=\"summary_large_image\" \/>\n<meta name=\"twitter:label1\" content=\"\u00c9crit par\" \/>\n\t<meta name=\"twitter:data1\" content=\"Laura Michaud\" \/>\n\t<meta name=\"twitter:label2\" content=\"Dur\u00e9e de lecture estim\u00e9e\" \/>\n\t<meta name=\"twitter:data2\" content=\"5 minutes\" \/>\n<script type=\"application\/ld+json\" class=\"yoast-schema-graph\">{\"@context\":\"https:\/\/schema.org\",\"@graph\":[{\"@type\":\"Article\",\"@id\":\"https:\/\/www.facture.net\/blog\/facture-micro-entrepreneur\/#article\",\"isPartOf\":{\"@id\":\"https:\/\/www.facture.net\/blog\/facture-micro-entrepreneur\/\"},\"author\":{\"name\":\"Laura Michaud\",\"@id\":\"https:\/\/www.facture.net\/blog\/#\/schema\/person\/33c0ef04707fbe50a096f282050bb5f2\"},\"headline\":\"La facturation en micro-entreprise\",\"datePublished\":\"2025-08-18T08:00:00+00:00\",\"dateModified\":\"2026-02-09T13:34:55+00:00\",\"mainEntityOfPage\":{\"@id\":\"https:\/\/www.facture.net\/blog\/facture-micro-entrepreneur\/\"},\"wordCount\":848,\"publisher\":{\"@id\":\"https:\/\/www.facture.net\/blog\/#organization\"},\"image\":{\"@id\":\"https:\/\/www.facture.net\/blog\/facture-micro-entrepreneur\/#primaryimage\"},\"thumbnailUrl\":\"https:\/\/www.facture.net\/blog\/wp-content\/uploads\/sites\/3\/2024\/03\/facturation-microentreprise.jpg\",\"articleSection\":[\"Facturation\"],\"inLanguage\":\"fr-FR\"},{\"@type\":\"WebPage\",\"@id\":\"https:\/\/www.facture.net\/blog\/facture-micro-entrepreneur\/\",\"url\":\"https:\/\/www.facture.net\/blog\/facture-micro-entrepreneur\/\",\"name\":\"La facturation en micro-entreprise\",\"isPartOf\":{\"@id\":\"https:\/\/www.facture.net\/blog\/#website\"},\"primaryImageOfPage\":{\"@id\":\"https:\/\/www.facture.net\/blog\/facture-micro-entrepreneur\/#primaryimage\"},\"image\":{\"@id\":\"https:\/\/www.facture.net\/blog\/facture-micro-entrepreneur\/#primaryimage\"},\"thumbnailUrl\":\"https:\/\/www.facture.net\/blog\/wp-content\/uploads\/sites\/3\/2024\/03\/facturation-microentreprise.jpg\",\"datePublished\":\"2025-08-18T08:00:00+00:00\",\"dateModified\":\"2026-02-09T13:34:55+00:00\",\"description\":\"Tout savoir sur la facturation micro entreprise : mentions obligatoires, TVA, formats et logiciels pour simplifier votre activit\u00e9.\",\"breadcrumb\":{\"@id\":\"https:\/\/www.facture.net\/blog\/facture-micro-entrepreneur\/#breadcrumb\"},\"inLanguage\":\"fr-FR\",\"potentialAction\":[{\"@type\":\"ReadAction\",\"target\":[\"https:\/\/www.facture.net\/blog\/facture-micro-entrepreneur\/\"]}]},{\"@type\":\"ImageObject\",\"inLanguage\":\"fr-FR\",\"@id\":\"https:\/\/www.facture.net\/blog\/facture-micro-entrepreneur\/#primaryimage\",\"url\":\"https:\/\/www.facture.net\/blog\/wp-content\/uploads\/sites\/3\/2024\/03\/facturation-microentreprise.jpg\",\"contentUrl\":\"https:\/\/www.facture.net\/blog\/wp-content\/uploads\/sites\/3\/2024\/03\/facturation-microentreprise.jpg\",\"width\":1200,\"height\":675,\"caption\":\"facturation micro entreprise\"},{\"@type\":\"BreadcrumbList\",\"@id\":\"https:\/\/www.facture.net\/blog\/facture-micro-entrepreneur\/#breadcrumb\",\"itemListElement\":[{\"@type\":\"ListItem\",\"position\":1,\"name\":\"Blog\",\"item\":\"https:\/\/www.facture.net\/blog\/\"},{\"@type\":\"ListItem\",\"position\":2,\"name\":\"Comptabilit\u00e9\",\"item\":\"https:\/\/www.facture.net\/blog\/comptabilite\/\"},{\"@type\":\"ListItem\",\"position\":3,\"name\":\"Facturation\",\"item\":\"https:\/\/www.facture.net\/blog\/comptabilite\/facturation\/\"},{\"@type\":\"ListItem\",\"position\":4,\"name\":\"La facturation en micro-entreprise\"}]},{\"@type\":\"WebSite\",\"@id\":\"https:\/\/www.facture.net\/blog\/#website\",\"url\":\"https:\/\/www.facture.net\/blog\/\",\"name\":\"Facture.net\",\"description\":\"facture\",\"publisher\":{\"@id\":\"https:\/\/www.facture.net\/blog\/#organization\"},\"potentialAction\":[{\"@type\":\"SearchAction\",\"target\":{\"@type\":\"EntryPoint\",\"urlTemplate\":\"https:\/\/www.facture.net\/blog\/?s={search_term_string}\"},\"query-input\":{\"@type\":\"PropertyValueSpecification\",\"valueRequired\":true,\"valueName\":\"search_term_string\"}}],\"inLanguage\":\"fr-FR\"},{\"@type\":\"Organization\",\"@id\":\"https:\/\/www.facture.net\/blog\/#organization\",\"name\":\"Facture.net\",\"url\":\"https:\/\/www.facture.net\/blog\/\",\"logo\":{\"@type\":\"ImageObject\",\"inLanguage\":\"fr-FR\",\"@id\":\"https:\/\/www.facture.net\/blog\/#\/schema\/logo\/image\/\",\"url\":\"https:\/\/www.facture.net\/blog\/wp-content\/uploads\/sites\/3\/2022\/07\/logo-facture.svg\",\"contentUrl\":\"https:\/\/www.facture.net\/blog\/wp-content\/uploads\/sites\/3\/2022\/07\/logo-facture.svg\",\"width\":1,\"height\":1,\"caption\":\"Facture.net\"},\"image\":{\"@id\":\"https:\/\/www.facture.net\/blog\/#\/schema\/logo\/image\/\"}},{\"@type\":\"Person\",\"@id\":\"https:\/\/www.facture.net\/blog\/#\/schema\/person\/33c0ef04707fbe50a096f282050bb5f2\",\"name\":\"Laura Michaud\",\"image\":{\"@type\":\"ImageObject\",\"inLanguage\":\"fr-FR\",\"@id\":\"https:\/\/www.facture.net\/blog\/#\/schema\/person\/image\/\",\"url\":\"https:\/\/secure.gravatar.com\/avatar\/c3328cc0c887f98cec6b2979af3311ab6333fc7cc2d4847514cfec6a56fa08a7?s=96&d=mm&r=g\",\"contentUrl\":\"https:\/\/secure.gravatar.com\/avatar\/c3328cc0c887f98cec6b2979af3311ab6333fc7cc2d4847514cfec6a56fa08a7?s=96&d=mm&r=g\",\"caption\":\"Laura Michaud\"},\"description\":\"Laura connait tous les meilleurs outils pour g\u00e9rer des projets et une entreprise. Cr\u00e9ative, c'est aussi une sp\u00e9cialiste des outils de cr\u00e9ation graphique pour faire briller une entreprise.\",\"sameAs\":[\"https:\/\/www.linkedin.com\/in\/michaudlaura\/\"],\"url\":\"https:\/\/www.facture.net\/blog\/author\/laura\/\"}]}<\/script>\n<!-- \/ Yoast SEO plugin. -->","yoast_head_json":{"title":"La facturation en micro-entreprise","description":"Tout savoir sur la facturation micro entreprise : mentions obligatoires, TVA, formats et logiciels pour simplifier votre activit\u00e9.","robots":{"index":"index","follow":"follow","max-snippet":"max-snippet:-1","max-image-preview":"max-image-preview:large","max-video-preview":"max-video-preview:-1"},"canonical":"https:\/\/www.facture.net\/blog\/facture-micro-entrepreneur\/","og_locale":"fr_FR","og_type":"article","og_title":"La facturation en micro-entreprise","og_description":"Tout savoir sur la facturation micro entreprise : mentions obligatoires, TVA, formats et logiciels pour simplifier votre activit\u00e9.","og_url":"https:\/\/www.facture.net\/blog\/facture-micro-entrepreneur\/","og_site_name":"Facture.net","article_published_time":"2025-08-18T08:00:00+00:00","article_modified_time":"2026-02-09T13:34:55+00:00","og_image":[{"width":1200,"height":675,"url":"https:\/\/www.facture.net\/blog\/wp-content\/uploads\/sites\/3\/2024\/03\/facturation-microentreprise.jpg","type":"image\/jpeg"}],"author":"Laura Michaud","twitter_card":"summary_large_image","twitter_misc":{"\u00c9crit par":"Laura Michaud","Dur\u00e9e de lecture estim\u00e9e":"5 minutes"},"schema":{"@context":"https:\/\/schema.org","@graph":[{"@type":"Article","@id":"https:\/\/www.facture.net\/blog\/facture-micro-entrepreneur\/#article","isPartOf":{"@id":"https:\/\/www.facture.net\/blog\/facture-micro-entrepreneur\/"},"author":{"name":"Laura Michaud","@id":"https:\/\/www.facture.net\/blog\/#\/schema\/person\/33c0ef04707fbe50a096f282050bb5f2"},"headline":"La facturation en micro-entreprise","datePublished":"2025-08-18T08:00:00+00:00","dateModified":"2026-02-09T13:34:55+00:00","mainEntityOfPage":{"@id":"https:\/\/www.facture.net\/blog\/facture-micro-entrepreneur\/"},"wordCount":848,"publisher":{"@id":"https:\/\/www.facture.net\/blog\/#organization"},"image":{"@id":"https:\/\/www.facture.net\/blog\/facture-micro-entrepreneur\/#primaryimage"},"thumbnailUrl":"https:\/\/www.facture.net\/blog\/wp-content\/uploads\/sites\/3\/2024\/03\/facturation-microentreprise.jpg","articleSection":["Facturation"],"inLanguage":"fr-FR"},{"@type":"WebPage","@id":"https:\/\/www.facture.net\/blog\/facture-micro-entrepreneur\/","url":"https:\/\/www.facture.net\/blog\/facture-micro-entrepreneur\/","name":"La facturation en micro-entreprise","isPartOf":{"@id":"https:\/\/www.facture.net\/blog\/#website"},"primaryImageOfPage":{"@id":"https:\/\/www.facture.net\/blog\/facture-micro-entrepreneur\/#primaryimage"},"image":{"@id":"https:\/\/www.facture.net\/blog\/facture-micro-entrepreneur\/#primaryimage"},"thumbnailUrl":"https:\/\/www.facture.net\/blog\/wp-content\/uploads\/sites\/3\/2024\/03\/facturation-microentreprise.jpg","datePublished":"2025-08-18T08:00:00+00:00","dateModified":"2026-02-09T13:34:55+00:00","description":"Tout savoir sur la facturation micro entreprise : mentions obligatoires, TVA, formats et logiciels pour simplifier votre activit\u00e9.","breadcrumb":{"@id":"https:\/\/www.facture.net\/blog\/facture-micro-entrepreneur\/#breadcrumb"},"inLanguage":"fr-FR","potentialAction":[{"@type":"ReadAction","target":["https:\/\/www.facture.net\/blog\/facture-micro-entrepreneur\/"]}]},{"@type":"ImageObject","inLanguage":"fr-FR","@id":"https:\/\/www.facture.net\/blog\/facture-micro-entrepreneur\/#primaryimage","url":"https:\/\/www.facture.net\/blog\/wp-content\/uploads\/sites\/3\/2024\/03\/facturation-microentreprise.jpg","contentUrl":"https:\/\/www.facture.net\/blog\/wp-content\/uploads\/sites\/3\/2024\/03\/facturation-microentreprise.jpg","width":1200,"height":675,"caption":"facturation micro entreprise"},{"@type":"BreadcrumbList","@id":"https:\/\/www.facture.net\/blog\/facture-micro-entrepreneur\/#breadcrumb","itemListElement":[{"@type":"ListItem","position":1,"name":"Blog","item":"https:\/\/www.facture.net\/blog\/"},{"@type":"ListItem","position":2,"name":"Comptabilit\u00e9","item":"https:\/\/www.facture.net\/blog\/comptabilite\/"},{"@type":"ListItem","position":3,"name":"Facturation","item":"https:\/\/www.facture.net\/blog\/comptabilite\/facturation\/"},{"@type":"ListItem","position":4,"name":"La facturation en micro-entreprise"}]},{"@type":"WebSite","@id":"https:\/\/www.facture.net\/blog\/#website","url":"https:\/\/www.facture.net\/blog\/","name":"Facture.net","description":"facture","publisher":{"@id":"https:\/\/www.facture.net\/blog\/#organization"},"potentialAction":[{"@type":"SearchAction","target":{"@type":"EntryPoint","urlTemplate":"https:\/\/www.facture.net\/blog\/?s={search_term_string}"},"query-input":{"@type":"PropertyValueSpecification","valueRequired":true,"valueName":"search_term_string"}}],"inLanguage":"fr-FR"},{"@type":"Organization","@id":"https:\/\/www.facture.net\/blog\/#organization","name":"Facture.net","url":"https:\/\/www.facture.net\/blog\/","logo":{"@type":"ImageObject","inLanguage":"fr-FR","@id":"https:\/\/www.facture.net\/blog\/#\/schema\/logo\/image\/","url":"https:\/\/www.facture.net\/blog\/wp-content\/uploads\/sites\/3\/2022\/07\/logo-facture.svg","contentUrl":"https:\/\/www.facture.net\/blog\/wp-content\/uploads\/sites\/3\/2022\/07\/logo-facture.svg","width":1,"height":1,"caption":"Facture.net"},"image":{"@id":"https:\/\/www.facture.net\/blog\/#\/schema\/logo\/image\/"}},{"@type":"Person","@id":"https:\/\/www.facture.net\/blog\/#\/schema\/person\/33c0ef04707fbe50a096f282050bb5f2","name":"Laura Michaud","image":{"@type":"ImageObject","inLanguage":"fr-FR","@id":"https:\/\/www.facture.net\/blog\/#\/schema\/person\/image\/","url":"https:\/\/secure.gravatar.com\/avatar\/c3328cc0c887f98cec6b2979af3311ab6333fc7cc2d4847514cfec6a56fa08a7?s=96&d=mm&r=g","contentUrl":"https:\/\/secure.gravatar.com\/avatar\/c3328cc0c887f98cec6b2979af3311ab6333fc7cc2d4847514cfec6a56fa08a7?s=96&d=mm&r=g","caption":"Laura Michaud"},"description":"Laura connait tous les meilleurs outils pour g\u00e9rer des projets et une entreprise. Cr\u00e9ative, c'est aussi une sp\u00e9cialiste des outils de cr\u00e9ation graphique pour faire briller une entreprise.","sameAs":["https:\/\/www.linkedin.com\/in\/michaudlaura\/"],"url":"https:\/\/www.facture.net\/blog\/author\/laura\/"}]}},"_links":{"self":[{"href":"https:\/\/www.facture.net\/blog\/wp-json\/wp\/v2\/posts\/6908","targetHints":{"allow":["GET"]}}],"collection":[{"href":"https:\/\/www.facture.net\/blog\/wp-json\/wp\/v2\/posts"}],"about":[{"href":"https:\/\/www.facture.net\/blog\/wp-json\/wp\/v2\/types\/post"}],"author":[{"embeddable":true,"href":"https:\/\/www.facture.net\/blog\/wp-json\/wp\/v2\/users\/1"}],"replies":[{"embeddable":true,"href":"https:\/\/www.facture.net\/blog\/wp-json\/wp\/v2\/comments?post=6908"}],"version-history":[{"count":0,"href":"https:\/\/www.facture.net\/blog\/wp-json\/wp\/v2\/posts\/6908\/revisions"}],"wp:featuredmedia":[{"embeddable":true,"href":"https:\/\/www.facture.net\/blog\/wp-json\/wp\/v2\/media\/9909"}],"wp:attachment":[{"href":"https:\/\/www.facture.net\/blog\/wp-json\/wp\/v2\/media?parent=6908"}],"wp:term":[{"taxonomy":"category","embeddable":true,"href":"https:\/\/www.facture.net\/blog\/wp-json\/wp\/v2\/categories?post=6908"},{"taxonomy":"post_tag","embeddable":true,"href":"https:\/\/www.facture.net\/blog\/wp-json\/wp\/v2\/tags?post=6908"}],"curies":[{"name":"wp","href":"https:\/\/api.w.org\/{rel}","templated":true}]}}