{"id":5884,"date":"2023-05-11T08:30:00","date_gmt":"2023-05-11T06:30:00","guid":{"rendered":"https:\/\/www.facture.net\/blog\/?p=5884"},"modified":"2024-09-06T10:59:36","modified_gmt":"2024-09-06T08:59:36","slug":"demissionner-creer-entreprise","status":"publish","type":"post","link":"https:\/\/www.facture.net\/blog\/demissionner-creer-entreprise\/","title":{"rendered":"D\u00e9missionner pour cr\u00e9er son entreprise&nbsp;: la marche \u00e0 suivre"},"content":{"rendered":"\n<p>En qu\u00eate d\u2019ind\u00e9pendance, d\u2019une reconversion ou de changement de style de vie, l&#8217;entrepreneuriat tente de plus en plus de salari\u00e9s pr\u00eats \u00e0 rompre leurs contrats de travail pour partir vers de nouveaux projets professionnels.<\/p>\n\n\n\n<p>D\u00e9couvrez dans quels cas la d\u00e9mission pour cr\u00e9ation d\u2019entreprise permet d\u2019obtenir l\u2019ARE, s\u2019il est pr\u00e9f\u00e9rable de demander une rupture conventionnelle pour cr\u00e9er son entreprise, quelles d\u00e9marches effectuer pour cr\u00e9er son entreprise post d\u00e9mission ainsi que nos conseils pour d\u00e9marrer votre entreprise en toute s\u00e9r\u00e9nit\u00e9. <\/p>\n\n\n\n<h2 class=\"wp-block-heading\">Dans quels cas la d\u00e9mission pour cr\u00e9ation d&#8217;entreprise permet d&#8217;obtenir une allocation ch\u00f4mage&nbsp;?<\/h2>\n\n\n\n<p>Avant toute chose, \u00e9vitez toute pr\u00e9cipitation et prenez le temps de vous renseigner avant d&#8217;entamer les d\u00e9marches aupr\u00e8s de votre employeur pour quitter votre emploi. <\/p>\n\n\n\n<p>Si <strong>la d\u00e9mission pour cr\u00e9ation d\u2019entreprise<\/strong> ouvre des droits dans certains cas, v\u00e9rifiez bien que vous remplissez au pr\u00e9alable tous les crit\u00e8res afin d\u2019\u00e9viter les d\u00e9convenues et \u00eatre serein dans votre nouvelle vie d\u2019entrepreneur. N\u2019h\u00e9sitez pas \u00e0 vous tourner vers des professionnels de diff\u00e9rents organismes comme la Chambre de Commerce et d\u2019Artisanat (CMA), la Chambre de Commerce et d\u2019Industrie (CCI) et P\u00f4le Emploi.  <\/p>\n\n\n\n<p>L\u2019obtention de l\u2019ARE lors d\u2019une d\u00e9mission n\u2019est pas syst\u00e9matique, m\u00eame dans le cas d\u2019un projet de cr\u00e9ation d\u2019entreprise. Voici l&#8217;ensemble des d\u00e9marches pour pouvoir pr\u00e9tendre toucher les allocations de retour \u00e0 l\u2019emploi. <\/p>\n\n\n\n<h3 class=\"wp-block-heading\">Conditions pr\u00e9alables pour obtenir l\u2019ARE<\/h3>\n\n\n\n<p>Tout d\u2019abord, vous ne pourrez pr\u00e9tendre \u00e0 l\u2019ARE que si vous mettez fin \u00e0 un contrat de travail en CDI.<\/p>\n\n\n\n<p>Dans le cas d\u2019un emploi du domaine priv\u00e9, il faudra, en plus, que vous ayez exerc\u00e9 une activit\u00e9 salari\u00e9e pendant au moins 5 ans, soit 1300 jours chez un ou plusieurs employeurs durant la p\u00e9riode pr\u00e9c\u00e9dant votre d\u00e9mission.<\/p>\n\n\n\n<p>Pour les salari\u00e9s de la sph\u00e8re publique, la rupture d\u2019un contrat salari\u00e9 ne donnera droit aux allocations ch\u00f4mage que si le motif est consid\u00e9r\u00e9 comme l\u00e9gitime, comme un changement de lieu de r\u00e9sidence suite \u00e0 un mariage ou pour suivre votre conjoint qui change d\u2019emploi. <\/p>\n\n\n\n<p>Sinon, il faudra attendre 121 jours suite \u00e0 votre inscription aupr\u00e8s de P\u00f4le Emploi pour demander un r\u00e9examen de votre situation aupr\u00e8s de l\u2019instance paritaire r\u00e9gionale (IPR). <\/p>\n\n\n\n<h3 class=\"wp-block-heading\">Cr\u00e9er son entreprise avec P\u00f4le Emploi<\/h3>\n\n\n\n<p>Pour cr\u00e9er votre entreprise avec P\u00f4le Emploi, il faudra prouver que vous poursuivez un projet de cr\u00e9ation d\u2019entreprise s\u00e9rieux, en r\u00e9alisant une demande de Conseil en \u00c9volution Professionnelle (CEP) aupr\u00e8s de l&#8217;op\u00e9rateur d\u00e9sign\u00e9 dans votre r\u00e9gion par France Comp\u00e9tence avant de d\u00e9missionner. Celui-ci vous d\u00e9livrera une attestation absolument n\u00e9cessaire pour concr\u00e9tiser votre d\u00e9marche confirmant le caract\u00e8re r\u00e9el et s\u00e9rieux de votre projet. <\/p>\n\n\n\n<p>Ensuite, votre dossier devra passer devant une commission paritaire interprofessionnelle disposant d\u2019un d\u00e9lai de 2 mois pour se prononcer sur la solidit\u00e9 de votre projet, en \u00e9tudiant la pr\u00e9paration de celui-ci. <\/p>\n\n\n\n<p>Votre dossier devra prouver que vous avez correctement pr\u00e9par\u00e9 votre projet de cr\u00e9ation d\u2019entreprise en d\u00e9taillant le business plan de votre future entreprise, son statut juridique, s\u2019il s\u2019agit d\u2019une ouverture de franchise, vos comp\u00e9tences et celles de vos futurs collaborateurs entrepreneurs ou salari\u00e9s, mais aussi sa viabilit\u00e9 financi\u00e8re.<\/p>\n\n\n\n<p>Vous pouvez quitter votre emploi avant d\u2019avoir la d\u00e9cision de la commission, mais cela est fortement d\u00e9conseill\u00e9. Une fois le verdict positif rendu, vous disposez de 6 mois pour vous inscrire en temps de demandeur d\u2019emploi et faire une demande d\u2019indemnisation ch\u00f4mage.<\/p>\n\n\n\n<h3 class=\"wp-block-heading\">Les aides \u00e0 la cr\u00e9ation d\u2019entreprise<\/h3>\n\n\n\n<figure class=\"wp-block-image size-full\"><img decoding=\"async\" width=\"700\" height=\"381\" src=\"https:\/\/www.facture.net\/blog\/wp-content\/uploads\/sites\/3\/2023\/04\/demissionner-creer-entreprise-2.webp\" alt=\"\" class=\"wp-image-5891\" srcset=\"https:\/\/www.facture.net\/blog\/wp-content\/uploads\/sites\/3\/2023\/04\/demissionner-creer-entreprise-2.webp 700w, https:\/\/www.facture.net\/blog\/wp-content\/uploads\/sites\/3\/2023\/04\/demissionner-creer-entreprise-2-300x163.webp 300w, https:\/\/www.facture.net\/blog\/wp-content\/uploads\/sites\/3\/2023\/04\/demissionner-creer-entreprise-2-60x33.webp 60w, https:\/\/www.facture.net\/blog\/wp-content\/uploads\/sites\/3\/2023\/04\/demissionner-creer-entreprise-2-370x201.webp 370w, https:\/\/www.facture.net\/blog\/wp-content\/uploads\/sites\/3\/2023\/04\/demissionner-creer-entreprise-2-270x147.webp 270w, https:\/\/www.facture.net\/blog\/wp-content\/uploads\/sites\/3\/2023\/04\/demissionner-creer-entreprise-2-570x310.webp 570w\" sizes=\"(max-width: 700px) 100vw, 700px\" \/><\/figure>\n\n\n\n<p>Une fois vos droits \u00e0 l\u2019ARE ouverts, vous pouvez \u00e9galement b\u00e9n\u00e9ficier de nombreuses aides pour vous permettre de mener votre projet \u00e0 bien.<\/p>\n\n\n\n<p>Elles peuvent prendre la forme de formations, de pr\u00eats \u00e0 taux bonifi\u00e9s, d\u2019accompagnement dans l\u2019\u00e9laboration ou l\u2019installation du projet, comme le Nacre, ou d\u2019aides au d\u00e9marrage de votre activit\u00e9 d\u2019entrepreneur comme l\u2019Acre ou l\u2019Arce.<\/p>\n\n\n\n<p>Le Nouvel accompagnement pour la cr\u00e9ation ou la reprise d\u2019entreprise (Nacre) permet de signer un contrat d\u2019engagement avec un organisme conventionn\u00e9 qui accompagnera l\u2019entrepreneur durant 3 ans. Ce dispositif permet de travailler tout ou partie des points suivants&nbsp;: montage, structuration financi\u00e8re, d\u00e9marrage et d\u00e9veloppement de l\u2019entreprise. Outre l\u2019int\u00e9r\u00eat de ne pas \u00eatre seul, le Nacre permet \u00e9galement de gagner un temps pr\u00e9cieux et de mise en relation.<\/p>\n\n\n\n<p>L\u2019 Aide \u00e0 la cr\u00e9ation ou \u00e0 la reprise d\u2019une entreprise (Acre) permet quant \u00e0 elle de b\u00e9n\u00e9ficier d\u2019une exon\u00e9ration partielle de charges sociales cumulable au Nacre.<\/p>\n\n\n\n<p>Quant \u00e0 l\u2019Aide \u00e0 la reprise ou \u00e0 la cr\u00e9ation d\u2019entreprise (Arce), elle permet au cr\u00e9ateur ou au repreneur d\u2019entreprise de percevoir 45 % de ses droits \u00e0 l\u2019ARE restant en 2 versements, le premier, lors de la cr\u00e9ation de son entreprise et le second, 6 mois plus tard. Les 55 % de l\u2019ARE non vers\u00e9s par P\u00f4le Emploi sont immobilis\u00e9s dans le cas o\u00f9 l\u2019entrepreneur viendrait \u00e0 cesser son activit\u00e9. Ce dispositif peut-\u00eatre int\u00e9ressant en cas de besoin de tr\u00e9sorerie par exemple. Pour l\u2019obtenir, il faut en faire la demande aupr\u00e8s de P\u00f4le Emploi, apr\u00e8s avoir obtenu l\u2019Acre.<\/p>\n\n\n\n<h2 class=\"wp-block-heading\">Est-il pr\u00e9f\u00e9rable de demander une rupture conventionnelle pour cr\u00e9er son entreprise&nbsp;?<\/h2>\n\n\n\n<p>Pour mener \u00e0 bien vos projets d\u2019entreprise, il est \u00e9galement possible de rompre votre contrat de travail en accord avec votre employeur.<\/p>\n\n\n\n<h3 class=\"wp-block-heading\">Les avantages<\/h3>\n\n\n\n<p>La rupture conventionnelle, r\u00e9gie par l\u2019article 1237-11 du Code du Travail, all\u00e8ge consid\u00e9rablement les conditions d\u2019acc\u00e8s \u00e0 l\u2019ARE. En effet, vous n\u2019aurez besoin que de 4 mois d\u2019activit\u00e9 professionnelle pour pr\u00e9tendre toucher vos allocations ch\u00f4mage et n\u2019avez pas l\u2019obligation de passer devant le CEP. <\/p>\n\n\n\n<p>De plus, vous pouvez b\u00e9n\u00e9ficier d\u2019une indemnit\u00e9 de rupture conventionnelle, parfois consid\u00e9rable lorsque votre cr\u00e9ation d\u2019entreprise n\u00e9cessite des fonds, calcul\u00e9e en fonction de votre anciennet\u00e9. Pour autant, vous n\u2019\u00eates pas oblig\u00e9 d\u2019\u00e9voquer votre projet de cr\u00e9ation d\u2019entreprise avec votre employeur. <\/p>\n\n\n\n<h3 class=\"wp-block-heading\">Les inconv\u00e9nients<\/h3>\n\n\n\n<p>Contrairement \u00e0 la d\u00e9mission, la rupture conventionnelle n\u2019est pas une d\u00e9cision unilat\u00e9rale. Il faudra que votre employeur soit d\u2019accord pour rompre votre contrat de travail par ce biais. Certains employeurs peuvent se montrer r\u00e9ticents \u00e0 voir partir leur employ\u00e9 et lui verser une indemnit\u00e9 qui sera inexistante dans le cas d\u2019une d\u00e9mission.<\/p>\n\n\n\n<p>\u00c0 vous de faire valoir vos arguments pour le convaincre lors d\u2019un entretien. Vous pouvez par exemple mettre en avant les avantages de votre d\u00e9part (embauche de personnel plus sp\u00e9cialis\u00e9 ou exp\u00e9riment\u00e9). <\/p>\n\n\n\n<p>Il n\u2019est pas n\u00e9cessaire d\u2019effectuer de pr\u00e9avis lors d\u2019une rupture conventionnelle, vous pouvez \u00e9galement n\u00e9gocier votre date de d\u00e9part afin que votre employeur trouve plus facilement votre successeur ou le former. Enfin, n\u2019h\u00e9sitez pas \u00e0 \u00e9voquer l\u2019indemnit\u00e9, en prouvant \u00e0 votre employeur que vous garder dans l\u2019entreprise lui serait moins profitable financi\u00e8rement.<\/p>\n\n\n\n<p>En cas de refus, vous pouvez toujours r\u00e9it\u00e9rer votre demande.<\/p>\n\n\n\n<h2 class=\"wp-block-heading\">Quelles sont les d\u00e9marches pour cr\u00e9er son entreprise apr\u00e8s une d\u00e9mission&nbsp;?<\/h2>\n\n\n\n<p>Si apr\u00e8s vous \u00eatre suffisamment renseign\u00e9, vous <strong>souhaitez d\u00e9missionner<\/strong>, voici les 3 \u00e9tapes \u00e0 suivre.<\/p>\n\n\n\n<h3 class=\"wp-block-heading\">D\u00e9missionner<\/h3>\n\n\n\n<figure class=\"wp-block-image size-full\"><img decoding=\"async\" width=\"700\" height=\"381\" src=\"https:\/\/www.facture.net\/blog\/wp-content\/uploads\/sites\/3\/2023\/04\/demissionner-creer-entreprise-3.webp\" alt=\"\" class=\"wp-image-5892\" srcset=\"https:\/\/www.facture.net\/blog\/wp-content\/uploads\/sites\/3\/2023\/04\/demissionner-creer-entreprise-3.webp 700w, https:\/\/www.facture.net\/blog\/wp-content\/uploads\/sites\/3\/2023\/04\/demissionner-creer-entreprise-3-300x163.webp 300w, https:\/\/www.facture.net\/blog\/wp-content\/uploads\/sites\/3\/2023\/04\/demissionner-creer-entreprise-3-60x33.webp 60w, https:\/\/www.facture.net\/blog\/wp-content\/uploads\/sites\/3\/2023\/04\/demissionner-creer-entreprise-3-370x201.webp 370w, https:\/\/www.facture.net\/blog\/wp-content\/uploads\/sites\/3\/2023\/04\/demissionner-creer-entreprise-3-270x147.webp 270w, https:\/\/www.facture.net\/blog\/wp-content\/uploads\/sites\/3\/2023\/04\/demissionner-creer-entreprise-3-570x310.webp 570w\" sizes=\"(max-width: 700px) 100vw, 700px\" \/><\/figure>\n\n\n\n<p>Vous \u00eates seul d\u00e9cideur lors d\u2019une d\u00e9mission. En effet, votre employeur ne pourra pas aller \u00e0 l\u2019encontre de votre d\u00e9cision qui sera alors irr\u00e9versible. Pour cela, il faudra faire conna\u00eetre votre volont\u00e9 par lettre recommand\u00e9e avec accus\u00e9 de r\u00e9ception ou courrier remis en main propre contre une preuve de d\u00e9p\u00f4t. Une d\u00e9mission peut-\u00eatre pos\u00e9e m\u00eame durant un cong\u00e9. <\/p>\n\n\n\n<p>Si vous entretenez de bons rapports avec votre employeur, vous pouvez \u00e9galement en discuter avec lui en amont, afin que votre d\u00e9part ne soit pas mal interpr\u00e9t\u00e9. Il n\u2019est pas n\u00e9cessaire d\u2019indiquer le motif de votre d\u00e9part, cependant, vous \u00eates tenu d\u2019effectuer votre pr\u00e9avis.<\/p>\n\n\n\n<p>Avant d&#8217;entamer votre d\u00e9marche, v\u00e9rifiez tr\u00e8s attentivement votre contrat de travail, afin de d\u00e9celer une \u00e9ventuelle clause de non-concurrence, qui pourrait mettre \u00e0 mal votre projet ou le retarder. Dans ce cas, vous pouvez demander \u00e0 votre employeur s\u2019il est pr\u00eat \u00e0 renoncer \u00e0 cette clause, mais il n\u2019est pas tenu d\u2019accepter. <\/p>\n\n\n\n<h3 class=\"wp-block-heading\">Effectuer son pr\u00e9avis <\/h3>\n\n\n\n<p>Celui-ci est g\u00e9n\u00e9ralement d\u20191 mois pour les salari\u00e9s non-cadres et de 3 mois pour les cadres, mais peut varier en fonction de la convention collective et les usages de certaines professions. Vous restez \u00e0 la disposition de votre employeur m\u00eame si une p\u00e9riode d\u2019une semaine vous est allou\u00e9e afin de rechercher un nouvel emploi. <\/p>\n\n\n\n<p>Vous pouvez \u00e9galement refuser d&#8217;ex\u00e9cuter la p\u00e9riode de pr\u00e9avis, mais serez redevable d\u2019une indemnit\u00e9 compensatrice \u00e0 votre employeur. Si vous ne souhaitez ni effectuer de pr\u00e9avis pour quelque raison que ce soit, ni r\u00e9gler une indemnit\u00e9 compensatrice \u00e0 votre employeur, il existe 3 autres solutions&nbsp;:<\/p>\n\n\n\n<p>En premier lieu, il est possible de poser ses cong\u00e9s pay\u00e9s durant la p\u00e9riode de pr\u00e9avis en accord avec l\u2019employeur. Si ceux-ci ont \u00e9t\u00e9 fix\u00e9s avant la d\u00e9mission et tombent durant la p\u00e9riode de pr\u00e9avis, celui-ci est report\u00e9 d\u2019autant.<\/p>\n\n\n\n<p>La seconde, risqu\u00e9e, est l\u2019abandon de poste. Dans ce cas, l&#8217;absence de pr\u00e9avis et l\u2019unilat\u00e9ralit\u00e9 de la d\u00e9cision sont en votre faveur, et vous pourriez m\u00eame toucher l\u2019ARE s\u2019il y a requalification en licenciement. Cependant, la r\u00e9putation du salari\u00e9 peut-\u00eatre mise \u00e0 mal, ce qui n&#8217;est pas id\u00e9al si l\u2019on souhaite d\u00e9velopper son entreprise dans la branche que l\u2019on quitte.<\/p>\n\n\n\n<p>En troisi\u00e8me point, la prise d\u2019acte, \u00e0 mettre en \u0153uvre uniquement dans le cas o\u00f9 l\u2019on quitte l\u2019entreprise suite \u00e0 une faute av\u00e9r\u00e9e de l&#8217;employeur (discrimination, harc\u00e8lement, non-paiement des salaires, modification unilat\u00e9rale du contrat de travail). La rupture du contrat est imm\u00e9diate et consid\u00e9r\u00e9e comme une d\u00e9mission tant qu\u2019un conseil de Prud\u2019hommes, devant rendre sa d\u00e9cision dans le mois apr\u00e8s avoir \u00e9t\u00e9 saisi, ne la requalifie pas en licenciement.<\/p>\n\n\n\n<p>Quelle que soit la mani\u00e8re de proc\u00e9der, il est possible de s\u2019inscrire comme demandeur d\u2019emploi non indemnis\u00e9 et demander le r\u00e9examen du dossier 121 jours plus tard par l\u2019IPR. <\/p>\n\n\n\n<h3 class=\"wp-block-heading\">Cr\u00e9er son entreprise<\/h3>\n\n\n\n<figure class=\"wp-block-image size-full\"><img decoding=\"async\" width=\"700\" height=\"381\" src=\"https:\/\/www.facture.net\/blog\/wp-content\/uploads\/sites\/3\/2023\/04\/demissionner-creer-entreprise.webp\" alt=\"\" class=\"wp-image-5889\" srcset=\"https:\/\/www.facture.net\/blog\/wp-content\/uploads\/sites\/3\/2023\/04\/demissionner-creer-entreprise.webp 700w, https:\/\/www.facture.net\/blog\/wp-content\/uploads\/sites\/3\/2023\/04\/demissionner-creer-entreprise-300x163.webp 300w, https:\/\/www.facture.net\/blog\/wp-content\/uploads\/sites\/3\/2023\/04\/demissionner-creer-entreprise-60x33.webp 60w, https:\/\/www.facture.net\/blog\/wp-content\/uploads\/sites\/3\/2023\/04\/demissionner-creer-entreprise-370x201.webp 370w, https:\/\/www.facture.net\/blog\/wp-content\/uploads\/sites\/3\/2023\/04\/demissionner-creer-entreprise-270x147.webp 270w, https:\/\/www.facture.net\/blog\/wp-content\/uploads\/sites\/3\/2023\/04\/demissionner-creer-entreprise-570x310.webp 570w\" sizes=\"(max-width: 700px) 100vw, 700px\" \/><\/figure>\n\n\n\n<p>Bien qu\u2019il soit possible de d\u00e9marrer votre entreprise durant la p\u00e9riode de pr\u00e9avis, il est fortement conseill\u00e9 d\u2019attendre d\u2019avoir en main l\u2019attestation du CEP, l\u2019avis positif de la commission paritaire interprofessionnelle ainsi que l\u2019assurance de pouvoir toucher ses allocations ch\u00f4mage.<\/p>\n\n\n\n<p>Vous pouvez \u00e9galement d\u00e9marrer votre activit\u00e9 avant que la soci\u00e9t\u00e9 soit immatricul\u00e9e, du moment qu\u2019il est bien indiqu\u00e9 sur les documents la mention \u201cSoci\u00e9t\u00e9 en cours de formation\u201d. N\u00e9anmoins, la demande d\u2019immatriculation devra \u00eatre r\u00e9alis\u00e9e dans les 30 jours afin d\u2019\u00eatre en r\u00e8gle.<\/p>\n\n\n\n<p>Depuis le 1er juillet 2023, les formalit\u00e9s li\u00e9es aux entreprises (cr\u00e9ation, modification et cessation) doivent \u00eatre r\u00e9alis\u00e9es en ligne sur le <a href=\"https:\/\/www.facture.net\/blog\/guichet-unique-formalites-des-entreprises\/\" target=\"_blank\" rel=\"noreferrer noopener\">guichet des formalit\u00e9s des entreprises<\/a> par le chef d\u2019entreprise qu\u2019il soit micro-entrepreneur ou dirigeant. Il sera alors n\u00e9cessaire de cr\u00e9er un compte et de fournir un certain nombre de pi\u00e8ces d\u00e9mat\u00e9rialis\u00e9es en fonction de votre situation. Cette op\u00e9ration peut \u00e9galement \u00eatre r\u00e9alis\u00e9e par un mandataire.<\/p>\n\n\n\n<p>Dans le cas de la cr\u00e9ation d\u2019une soci\u00e9t\u00e9, vous devrez \u00e9galement publier un avis de cr\u00e9ation dans un journal d\u2019annonces l\u00e9gales.<\/p>\n\n\n\n<p>Certaines activit\u00e9s r\u00e9glement\u00e9es, comme le secteur alimentaire, de la beaut\u00e9, m\u00e9dical ou immobilier n\u00e9cessitent des d\u00e9marches suppl\u00e9mentaires \u00e0 effectuer en amont de l\u2019immatriculation ou au plus tard dans les 15 jours suivants.<\/p>\n\n\n\n<h2 class=\"wp-block-heading\">Notre astuce pour cr\u00e9er son entreprise<\/h2>\n\n\n\n<p><strong>Chaque projet de cr\u00e9ation d\u2019entreprise est unique<\/strong>, aussi, n\u2019h\u00e9sitez pas \u00e0 vous entourer de professionnels pour vous accompagner dans votre d\u00e9marche avant de quitter votre emploi.<\/p>\n\n\n\n<p>Quels que soient le statut et le domaine d\u2019activit\u00e9 de votre business, vous pouvez utiliser Facture.net, notre <strong><a href=\"https:\/\/www.facture.net\/\">solution de facturation gratuite<\/a><\/strong> pour vous aider dans la gestion quotidienne de la facturation de votre nouvelle activit\u00e9. <\/p>\n","protected":false},"excerpt":{"rendered":"<p>En qu\u00eate d\u2019ind\u00e9pendance, d\u2019une reconversion ou de changement de style de vie, l&#8217;entrepreneuriat tente de plus en plus de salari\u00e9s pr\u00eats \u00e0 rompre leurs contrats de travail pour partir vers de nouveaux projets professionnels. D\u00e9couvrez dans quels cas la d\u00e9mission pour cr\u00e9ation d\u2019entreprise permet d\u2019obtenir l\u2019ARE, s\u2019il est pr\u00e9f\u00e9rable de demander une rupture conventionnelle pour [&hellip;]<\/p>\n","protected":false},"author":1,"featured_media":5886,"comment_status":"closed","ping_status":"closed","sticky":false,"template":"","format":"standard","meta":{"_acf_changed":false,"inline_featured_image":false,"footnotes":""},"categories":[20],"tags":[],"class_list":["post-5884","post","type-post","status-publish","format-standard","has-post-thumbnail","hentry","category-creation-entreprise"],"acf":[],"yoast_head":"<!-- This site is optimized with the Yoast SEO plugin v25.9 - https:\/\/yoast.com\/wordpress\/plugins\/seo\/ -->\n<title>D\u00e9missionner pour cr\u00e9er son entreprise&nbsp;: la marche \u00e0 suivre<\/title>\n<meta name=\"description\" content=\"En qu\u00eate d\u2019ind\u00e9pendance, d\u2019une reconversion ou de changement de style de vie, l&#039;entrepreneuriat tente de plus en plus de salari\u00e9s pr\u00eats \u00e0 rompre leurs\" \/>\n<meta name=\"robots\" content=\"index, follow, max-snippet:-1, max-image-preview:large, max-video-preview:-1\" \/>\n<link rel=\"canonical\" href=\"https:\/\/www.facture.net\/blog\/demissionner-creer-entreprise\/\" \/>\n<meta property=\"og:locale\" content=\"fr_FR\" \/>\n<meta property=\"og:type\" content=\"article\" \/>\n<meta property=\"og:title\" content=\"D\u00e9missionner pour cr\u00e9er son entreprise&nbsp;: la marche \u00e0 suivre\" \/>\n<meta property=\"og:description\" content=\"En qu\u00eate d\u2019ind\u00e9pendance, d\u2019une reconversion ou de changement de style de vie, l&#039;entrepreneuriat tente de plus en plus de salari\u00e9s pr\u00eats \u00e0 rompre leurs\" \/>\n<meta property=\"og:url\" content=\"https:\/\/www.facture.net\/blog\/demissionner-creer-entreprise\/\" \/>\n<meta property=\"og:site_name\" content=\"Facture.net\" \/>\n<meta property=\"article:published_time\" content=\"2023-05-11T06:30:00+00:00\" \/>\n<meta property=\"article:modified_time\" content=\"2024-09-06T08:59:36+00:00\" \/>\n<meta property=\"og:image\" content=\"https:\/\/www.facture.net\/blog\/wp-content\/uploads\/sites\/3\/2023\/04\/demissionner-creer-entreprise.jpg\" \/>\n\t<meta property=\"og:image:width\" content=\"1024\" \/>\n\t<meta property=\"og:image:height\" content=\"618\" \/>\n\t<meta property=\"og:image:type\" content=\"image\/jpeg\" \/>\n<meta name=\"author\" content=\"Laura Michaud\" \/>\n<meta name=\"twitter:card\" content=\"summary_large_image\" \/>\n<meta name=\"twitter:label1\" content=\"\u00c9crit par\" \/>\n\t<meta name=\"twitter:data1\" content=\"Laura Michaud\" \/>\n\t<meta name=\"twitter:label2\" content=\"Dur\u00e9e de lecture estim\u00e9e\" \/>\n\t<meta name=\"twitter:data2\" content=\"11 minutes\" \/>\n<script type=\"application\/ld+json\" class=\"yoast-schema-graph\">{\"@context\":\"https:\/\/schema.org\",\"@graph\":[{\"@type\":\"Article\",\"@id\":\"https:\/\/www.facture.net\/blog\/demissionner-creer-entreprise\/#article\",\"isPartOf\":{\"@id\":\"https:\/\/www.facture.net\/blog\/demissionner-creer-entreprise\/\"},\"author\":{\"name\":\"Laura Michaud\",\"@id\":\"https:\/\/www.facture.net\/blog\/#\/schema\/person\/33c0ef04707fbe50a096f282050bb5f2\"},\"headline\":\"D\u00e9missionner pour cr\u00e9er son entreprise&nbsp;: la marche \u00e0 suivre\",\"datePublished\":\"2023-05-11T06:30:00+00:00\",\"dateModified\":\"2024-09-06T08:59:36+00:00\",\"mainEntityOfPage\":{\"@id\":\"https:\/\/www.facture.net\/blog\/demissionner-creer-entreprise\/\"},\"wordCount\":2165,\"publisher\":{\"@id\":\"https:\/\/www.facture.net\/blog\/#organization\"},\"image\":{\"@id\":\"https:\/\/www.facture.net\/blog\/demissionner-creer-entreprise\/#primaryimage\"},\"thumbnailUrl\":\"https:\/\/www.facture.net\/blog\/wp-content\/uploads\/sites\/3\/2023\/04\/demissionner-creer-entreprise.jpg\",\"articleSection\":[\"Cr\u00e9ation d'entreprise\"],\"inLanguage\":\"fr-FR\"},{\"@type\":\"WebPage\",\"@id\":\"https:\/\/www.facture.net\/blog\/demissionner-creer-entreprise\/\",\"url\":\"https:\/\/www.facture.net\/blog\/demissionner-creer-entreprise\/\",\"name\":\"D\u00e9missionner pour cr\u00e9er son entreprise&nbsp;: la marche \u00e0 suivre\",\"isPartOf\":{\"@id\":\"https:\/\/www.facture.net\/blog\/#website\"},\"primaryImageOfPage\":{\"@id\":\"https:\/\/www.facture.net\/blog\/demissionner-creer-entreprise\/#primaryimage\"},\"image\":{\"@id\":\"https:\/\/www.facture.net\/blog\/demissionner-creer-entreprise\/#primaryimage\"},\"thumbnailUrl\":\"https:\/\/www.facture.net\/blog\/wp-content\/uploads\/sites\/3\/2023\/04\/demissionner-creer-entreprise.jpg\",\"datePublished\":\"2023-05-11T06:30:00+00:00\",\"dateModified\":\"2024-09-06T08:59:36+00:00\",\"description\":\"En qu\u00eate d\u2019ind\u00e9pendance, d\u2019une reconversion ou de changement de style de vie, l'entrepreneuriat tente de plus en plus de salari\u00e9s pr\u00eats \u00e0 rompre leurs\",\"breadcrumb\":{\"@id\":\"https:\/\/www.facture.net\/blog\/demissionner-creer-entreprise\/#breadcrumb\"},\"inLanguage\":\"fr-FR\",\"potentialAction\":[{\"@type\":\"ReadAction\",\"target\":[\"https:\/\/www.facture.net\/blog\/demissionner-creer-entreprise\/\"]}]},{\"@type\":\"ImageObject\",\"inLanguage\":\"fr-FR\",\"@id\":\"https:\/\/www.facture.net\/blog\/demissionner-creer-entreprise\/#primaryimage\",\"url\":\"https:\/\/www.facture.net\/blog\/wp-content\/uploads\/sites\/3\/2023\/04\/demissionner-creer-entreprise.jpg\",\"contentUrl\":\"https:\/\/www.facture.net\/blog\/wp-content\/uploads\/sites\/3\/2023\/04\/demissionner-creer-entreprise.jpg\",\"width\":1024,\"height\":618,\"caption\":\"demissionner-creer-entreprise\"},{\"@type\":\"BreadcrumbList\",\"@id\":\"https:\/\/www.facture.net\/blog\/demissionner-creer-entreprise\/#breadcrumb\",\"itemListElement\":[{\"@type\":\"ListItem\",\"position\":1,\"name\":\"Blog\",\"item\":\"https:\/\/www.facture.net\/blog\/\"},{\"@type\":\"ListItem\",\"position\":2,\"name\":\"Entrepreneuriat\",\"item\":\"https:\/\/www.facture.net\/blog\/entrepreneuriat\/\"},{\"@type\":\"ListItem\",\"position\":3,\"name\":\"Cr\u00e9ation d'entreprise\",\"item\":\"https:\/\/www.facture.net\/blog\/entrepreneuriat\/creation-entreprise\/\"},{\"@type\":\"ListItem\",\"position\":4,\"name\":\"D\u00e9missionner pour cr\u00e9er son entreprise&nbsp;: la marche \u00e0 suivre\"}]},{\"@type\":\"WebSite\",\"@id\":\"https:\/\/www.facture.net\/blog\/#website\",\"url\":\"https:\/\/www.facture.net\/blog\/\",\"name\":\"Facture.net\",\"description\":\"facture\",\"publisher\":{\"@id\":\"https:\/\/www.facture.net\/blog\/#organization\"},\"potentialAction\":[{\"@type\":\"SearchAction\",\"target\":{\"@type\":\"EntryPoint\",\"urlTemplate\":\"https:\/\/www.facture.net\/blog\/?s={search_term_string}\"},\"query-input\":{\"@type\":\"PropertyValueSpecification\",\"valueRequired\":true,\"valueName\":\"search_term_string\"}}],\"inLanguage\":\"fr-FR\"},{\"@type\":\"Organization\",\"@id\":\"https:\/\/www.facture.net\/blog\/#organization\",\"name\":\"Facture.net\",\"url\":\"https:\/\/www.facture.net\/blog\/\",\"logo\":{\"@type\":\"ImageObject\",\"inLanguage\":\"fr-FR\",\"@id\":\"https:\/\/www.facture.net\/blog\/#\/schema\/logo\/image\/\",\"url\":\"https:\/\/www.facture.net\/blog\/wp-content\/uploads\/sites\/3\/2022\/07\/logo-facture.svg\",\"contentUrl\":\"https:\/\/www.facture.net\/blog\/wp-content\/uploads\/sites\/3\/2022\/07\/logo-facture.svg\",\"width\":1,\"height\":1,\"caption\":\"Facture.net\"},\"image\":{\"@id\":\"https:\/\/www.facture.net\/blog\/#\/schema\/logo\/image\/\"}},{\"@type\":\"Person\",\"@id\":\"https:\/\/www.facture.net\/blog\/#\/schema\/person\/33c0ef04707fbe50a096f282050bb5f2\",\"name\":\"Laura Michaud\",\"image\":{\"@type\":\"ImageObject\",\"inLanguage\":\"fr-FR\",\"@id\":\"https:\/\/www.facture.net\/blog\/#\/schema\/person\/image\/\",\"url\":\"https:\/\/secure.gravatar.com\/avatar\/c3328cc0c887f98cec6b2979af3311ab6333fc7cc2d4847514cfec6a56fa08a7?s=96&d=mm&r=g\",\"contentUrl\":\"https:\/\/secure.gravatar.com\/avatar\/c3328cc0c887f98cec6b2979af3311ab6333fc7cc2d4847514cfec6a56fa08a7?s=96&d=mm&r=g\",\"caption\":\"Laura Michaud\"},\"description\":\"Laura connait tous les meilleurs outils pour g\u00e9rer des projets et une entreprise. Cr\u00e9ative, c'est aussi une sp\u00e9cialiste des outils de cr\u00e9ation graphique pour faire briller une entreprise.\",\"sameAs\":[\"https:\/\/www.linkedin.com\/in\/michaudlaura\/\"],\"url\":\"https:\/\/www.facture.net\/blog\/author\/laura\/\"}]}<\/script>\n<!-- \/ Yoast SEO plugin. -->","yoast_head_json":{"title":"D\u00e9missionner pour cr\u00e9er son entreprise&nbsp;: la marche \u00e0 suivre","description":"En qu\u00eate d\u2019ind\u00e9pendance, d\u2019une reconversion ou de changement de style de vie, l'entrepreneuriat tente de plus en plus de salari\u00e9s pr\u00eats \u00e0 rompre leurs","robots":{"index":"index","follow":"follow","max-snippet":"max-snippet:-1","max-image-preview":"max-image-preview:large","max-video-preview":"max-video-preview:-1"},"canonical":"https:\/\/www.facture.net\/blog\/demissionner-creer-entreprise\/","og_locale":"fr_FR","og_type":"article","og_title":"D\u00e9missionner pour cr\u00e9er son entreprise&nbsp;: la marche \u00e0 suivre","og_description":"En qu\u00eate d\u2019ind\u00e9pendance, d\u2019une reconversion ou de changement de style de vie, l'entrepreneuriat tente de plus en plus de salari\u00e9s pr\u00eats \u00e0 rompre leurs","og_url":"https:\/\/www.facture.net\/blog\/demissionner-creer-entreprise\/","og_site_name":"Facture.net","article_published_time":"2023-05-11T06:30:00+00:00","article_modified_time":"2024-09-06T08:59:36+00:00","og_image":[{"width":1024,"height":618,"url":"https:\/\/www.facture.net\/blog\/wp-content\/uploads\/sites\/3\/2023\/04\/demissionner-creer-entreprise.jpg","type":"image\/jpeg"}],"author":"Laura Michaud","twitter_card":"summary_large_image","twitter_misc":{"\u00c9crit par":"Laura Michaud","Dur\u00e9e de lecture estim\u00e9e":"11 minutes"},"schema":{"@context":"https:\/\/schema.org","@graph":[{"@type":"Article","@id":"https:\/\/www.facture.net\/blog\/demissionner-creer-entreprise\/#article","isPartOf":{"@id":"https:\/\/www.facture.net\/blog\/demissionner-creer-entreprise\/"},"author":{"name":"Laura Michaud","@id":"https:\/\/www.facture.net\/blog\/#\/schema\/person\/33c0ef04707fbe50a096f282050bb5f2"},"headline":"D\u00e9missionner pour cr\u00e9er son entreprise&nbsp;: la marche \u00e0 suivre","datePublished":"2023-05-11T06:30:00+00:00","dateModified":"2024-09-06T08:59:36+00:00","mainEntityOfPage":{"@id":"https:\/\/www.facture.net\/blog\/demissionner-creer-entreprise\/"},"wordCount":2165,"publisher":{"@id":"https:\/\/www.facture.net\/blog\/#organization"},"image":{"@id":"https:\/\/www.facture.net\/blog\/demissionner-creer-entreprise\/#primaryimage"},"thumbnailUrl":"https:\/\/www.facture.net\/blog\/wp-content\/uploads\/sites\/3\/2023\/04\/demissionner-creer-entreprise.jpg","articleSection":["Cr\u00e9ation d'entreprise"],"inLanguage":"fr-FR"},{"@type":"WebPage","@id":"https:\/\/www.facture.net\/blog\/demissionner-creer-entreprise\/","url":"https:\/\/www.facture.net\/blog\/demissionner-creer-entreprise\/","name":"D\u00e9missionner pour cr\u00e9er son entreprise&nbsp;: la marche \u00e0 suivre","isPartOf":{"@id":"https:\/\/www.facture.net\/blog\/#website"},"primaryImageOfPage":{"@id":"https:\/\/www.facture.net\/blog\/demissionner-creer-entreprise\/#primaryimage"},"image":{"@id":"https:\/\/www.facture.net\/blog\/demissionner-creer-entreprise\/#primaryimage"},"thumbnailUrl":"https:\/\/www.facture.net\/blog\/wp-content\/uploads\/sites\/3\/2023\/04\/demissionner-creer-entreprise.jpg","datePublished":"2023-05-11T06:30:00+00:00","dateModified":"2024-09-06T08:59:36+00:00","description":"En qu\u00eate d\u2019ind\u00e9pendance, d\u2019une reconversion ou de changement de style de vie, l'entrepreneuriat tente de plus en plus de salari\u00e9s pr\u00eats \u00e0 rompre leurs","breadcrumb":{"@id":"https:\/\/www.facture.net\/blog\/demissionner-creer-entreprise\/#breadcrumb"},"inLanguage":"fr-FR","potentialAction":[{"@type":"ReadAction","target":["https:\/\/www.facture.net\/blog\/demissionner-creer-entreprise\/"]}]},{"@type":"ImageObject","inLanguage":"fr-FR","@id":"https:\/\/www.facture.net\/blog\/demissionner-creer-entreprise\/#primaryimage","url":"https:\/\/www.facture.net\/blog\/wp-content\/uploads\/sites\/3\/2023\/04\/demissionner-creer-entreprise.jpg","contentUrl":"https:\/\/www.facture.net\/blog\/wp-content\/uploads\/sites\/3\/2023\/04\/demissionner-creer-entreprise.jpg","width":1024,"height":618,"caption":"demissionner-creer-entreprise"},{"@type":"BreadcrumbList","@id":"https:\/\/www.facture.net\/blog\/demissionner-creer-entreprise\/#breadcrumb","itemListElement":[{"@type":"ListItem","position":1,"name":"Blog","item":"https:\/\/www.facture.net\/blog\/"},{"@type":"ListItem","position":2,"name":"Entrepreneuriat","item":"https:\/\/www.facture.net\/blog\/entrepreneuriat\/"},{"@type":"ListItem","position":3,"name":"Cr\u00e9ation d'entreprise","item":"https:\/\/www.facture.net\/blog\/entrepreneuriat\/creation-entreprise\/"},{"@type":"ListItem","position":4,"name":"D\u00e9missionner pour cr\u00e9er son entreprise&nbsp;: la marche \u00e0 suivre"}]},{"@type":"WebSite","@id":"https:\/\/www.facture.net\/blog\/#website","url":"https:\/\/www.facture.net\/blog\/","name":"Facture.net","description":"facture","publisher":{"@id":"https:\/\/www.facture.net\/blog\/#organization"},"potentialAction":[{"@type":"SearchAction","target":{"@type":"EntryPoint","urlTemplate":"https:\/\/www.facture.net\/blog\/?s={search_term_string}"},"query-input":{"@type":"PropertyValueSpecification","valueRequired":true,"valueName":"search_term_string"}}],"inLanguage":"fr-FR"},{"@type":"Organization","@id":"https:\/\/www.facture.net\/blog\/#organization","name":"Facture.net","url":"https:\/\/www.facture.net\/blog\/","logo":{"@type":"ImageObject","inLanguage":"fr-FR","@id":"https:\/\/www.facture.net\/blog\/#\/schema\/logo\/image\/","url":"https:\/\/www.facture.net\/blog\/wp-content\/uploads\/sites\/3\/2022\/07\/logo-facture.svg","contentUrl":"https:\/\/www.facture.net\/blog\/wp-content\/uploads\/sites\/3\/2022\/07\/logo-facture.svg","width":1,"height":1,"caption":"Facture.net"},"image":{"@id":"https:\/\/www.facture.net\/blog\/#\/schema\/logo\/image\/"}},{"@type":"Person","@id":"https:\/\/www.facture.net\/blog\/#\/schema\/person\/33c0ef04707fbe50a096f282050bb5f2","name":"Laura Michaud","image":{"@type":"ImageObject","inLanguage":"fr-FR","@id":"https:\/\/www.facture.net\/blog\/#\/schema\/person\/image\/","url":"https:\/\/secure.gravatar.com\/avatar\/c3328cc0c887f98cec6b2979af3311ab6333fc7cc2d4847514cfec6a56fa08a7?s=96&d=mm&r=g","contentUrl":"https:\/\/secure.gravatar.com\/avatar\/c3328cc0c887f98cec6b2979af3311ab6333fc7cc2d4847514cfec6a56fa08a7?s=96&d=mm&r=g","caption":"Laura Michaud"},"description":"Laura connait tous les meilleurs outils pour g\u00e9rer des projets et une entreprise. Cr\u00e9ative, c'est aussi une sp\u00e9cialiste des outils de cr\u00e9ation graphique pour faire briller une entreprise.","sameAs":["https:\/\/www.linkedin.com\/in\/michaudlaura\/"],"url":"https:\/\/www.facture.net\/blog\/author\/laura\/"}]}},"_links":{"self":[{"href":"https:\/\/www.facture.net\/blog\/wp-json\/wp\/v2\/posts\/5884","targetHints":{"allow":["GET"]}}],"collection":[{"href":"https:\/\/www.facture.net\/blog\/wp-json\/wp\/v2\/posts"}],"about":[{"href":"https:\/\/www.facture.net\/blog\/wp-json\/wp\/v2\/types\/post"}],"author":[{"embeddable":true,"href":"https:\/\/www.facture.net\/blog\/wp-json\/wp\/v2\/users\/1"}],"replies":[{"embeddable":true,"href":"https:\/\/www.facture.net\/blog\/wp-json\/wp\/v2\/comments?post=5884"}],"version-history":[{"count":0,"href":"https:\/\/www.facture.net\/blog\/wp-json\/wp\/v2\/posts\/5884\/revisions"}],"wp:featuredmedia":[{"embeddable":true,"href":"https:\/\/www.facture.net\/blog\/wp-json\/wp\/v2\/media\/5886"}],"wp:attachment":[{"href":"https:\/\/www.facture.net\/blog\/wp-json\/wp\/v2\/media?parent=5884"}],"wp:term":[{"taxonomy":"category","embeddable":true,"href":"https:\/\/www.facture.net\/blog\/wp-json\/wp\/v2\/categories?post=5884"},{"taxonomy":"post_tag","embeddable":true,"href":"https:\/\/www.facture.net\/blog\/wp-json\/wp\/v2\/tags?post=5884"}],"curies":[{"name":"wp","href":"https:\/\/api.w.org\/{rel}","templated":true}]}}