{"id":588,"date":"2019-01-17T10:30:14","date_gmt":"2019-01-17T09:30:14","guid":{"rendered":"https:\/\/www.facture.net\/blog\/?p=588"},"modified":"2025-08-21T09:42:40","modified_gmt":"2025-08-21T07:42:40","slug":"freelance-3-facons-de-fixer-vos-tarifs","status":"publish","type":"post","link":"https:\/\/www.facture.net\/blog\/freelance-3-facons-de-fixer-vos-tarifs\/","title":{"rendered":"Freelance&nbsp;: 3 fa\u00e7ons de fixer vos tarifs"},"content":{"rendered":"<p>Certains (beaucoup&nbsp;?) pensent que fixer ses tarifs quand on est freelance est une science exacte. Entre les adeptes du <a href=\"https:\/\/tauxhoraire.com\/\" target=\"_blank\" rel=\"noopener noreferrer\">taux horaire<\/a> ou les accros au prix forfaitaire, une guerre des id\u00e9es semble faire rage.<\/p>\n<p>Pourtant, peu importe le calcul, l&#8217;important est bien de gagner sa vie d\u00e9cemment.<\/p>\n<p>Voici ce \u00e0 quoi vous devez penser afin de calculer vos tarifs de freelance.<\/p>\n<h2>1. Facturer au taux horaire quand on est freelance<\/h2>\n<p>Choisir de facturer en utilisant comme r\u00e9f\u00e9rentiel l&#8217;heure de travail effective est rassurant pour le <a href=\"https:\/\/www.facture.net\/blog\/comment-devenir-freelance\/\">freelance<\/a>. \u00c7a l&#8217;est moins pour le client qui risque d&#8217;avoir du mal \u00e0 estimer le prix final du projet.<\/p>\n<p>Si vous optez pour un tarif \u00e0 l&#8217;heure, pensez \u00e0 donner une estimation du temps pour la prestation \u00e0 votre client.<\/p>\n<p>M\u00e9thode pour calculer le taux horaire de freelance&nbsp;:<\/p>\n<ol>\n<li>Conna\u00eetre le bar\u00e8me des salaires dans votre m\u00e9tier<\/li>\n<li><a href=\"https:\/\/www.facture.net\/blog\/calcul-salaire-freelance\/\">D\u00e9finir le salaire net souhait\u00e9<\/a><\/li>\n<li>Ajouter ses charges&nbsp;: cotisations sociales, imp\u00f4ts, <a href=\"https:\/\/www.facture.net\/blog\/cotisation-fonciere-entreprises\/\">CFE<\/a>\u2026<\/li>\n<li>Ajouter les frais&nbsp;: loyer, fournitures\u2026<\/li>\n<\/ol>\n<p>Imaginons que vous souhaitiez un salaire de 3 000 \u20ac net, que vous avez 500 \u20ac de frais mensuels et que vous preniez 5 semaines de vacances par an&nbsp;:<\/p>\n<p style=\"text-align: center;\">6000 + 600 (10 % de vacances) + 500 (frais) = 7 100 \u20ac<\/p>\n<p><strong>Important<\/strong>&nbsp;: 30 % de votre temps va servir \u00e0 des t\u00e2ches annexes&nbsp;: prospection, facturation\u2026<\/p>\n<p>Vous devez donc calculer votre nombre de jours de travail effectif.<\/p>\n<p>Calcul du nombre de jours de travail effectif&nbsp;:<br \/>\n(22*30 %) =6.6 de travail non effectif<br \/>\n22-6.6 = 15.4 jours de travail effectif<\/p>\n<p>Divisez votre brut mensuel par le nombre de jours de travail effectif&nbsp;:<br \/>\nVotre tarif journalier est de&nbsp;: 7 100 \u20ac \/ 15.4 = 430 \u20ac<br \/>\nVotre taux horaire est donc de&nbsp;: 430 \u20ac \/ 8 = 53.75 \u20ac<\/p>\n<figure id=\"attachment_14945\" aria-describedby=\"caption-attachment-14945\" style=\"width: 1000px\" class=\"wp-caption aligncenter\"><a href=\"https:\/\/tauxhoraire.com?utm_source=facture&amp;utm_medium=link&amp;utm_campaign=linking\" target=\"_blank\" rel=\"noopener noreferrer\"><img decoding=\"async\" class=\"wp-image-14945 size-full\" src=\"https:\/\/www.codeur.com\/blog\/wp-content\/uploads\/2017\/07\/ban-taux-horaire-compressor.jpg\" alt=\"\" width=\"1000\" height=\"370\" \/><\/a><figcaption id=\"caption-attachment-14945\" class=\"wp-caption-text\">Utilisez notre simulateur pour <a href=\"https:\/\/tauxhoraire.com?utm_source=facture&amp;utm_medium=link&amp;utm_campaign=linking\" target=\"_blank\" rel=\"noopener noreferrer\">calculer votre taux horaire<\/a>\u00a0en quelques clics<\/figcaption><\/figure>\n<h2>2. Facturer au forfait<\/h2>\n<p>La facturation au forfait peut \u00eatre risqu\u00e9e. Un impr\u00e9vu et c&#8217;est votre marge b\u00e9n\u00e9ficiaire qui s&#8217;en trouve directement impact\u00e9e.<\/p>\n<p>Le forfait convient parfaitement pour des t\u00e2ches r\u00e9currentes ou des projets de base, sans personnalisation du service.<\/p>\n<p>Attention toutefois \u00e0 bien cadrer votre offre pour vous prot\u00e9ger des clients pour qui forfait rime avec all-inclusive.<\/p>\n<blockquote><p><strong>\u00c0 lire aussi&nbsp;:<\/strong><a title=\"Travail et jours f\u00e9ri\u00e9s&nbsp;: le guide\" href=\"https:\/\/www.facture.net\/blog\/travail-jours-feries\/\"> Travail et jours f\u00e9ri\u00e9s&nbsp;: le guide<\/a><\/p><\/blockquote>\n<h2>3. Facturer \u00e0 la valeur ajout\u00e9e de votre travail<\/h2>\n<p>Une approche moins conventionnelle mais, r\u00e9mun\u00e9ratrice, est la facturation aux r\u00e9sultats.<\/p>\n<p>Ici on ne parle plus de temps pass\u00e9, mais de ROI (Return on Investment).<\/p>\n<p>Plus votre travail apporte de b\u00e9n\u00e9fices \u00e0 votre client, plus vous le facturez cher. Le plus dur est d&#8217;obtenir un premier contrat, mais ensuite, vous avez une r\u00e9f\u00e9rence pour promouvoir ce service.<\/p>\n<p>Par exemple&nbsp;: ce service \u00e0 1 000 \u20ac a permis \u00e0 mon client de r\u00e9aliser 10 000 \u20ac de vente dans les 4 semaines apr\u00e8s la livraison.<\/p>\n<blockquote><p>\u00c0 lire aussi&nbsp;:\u00a0<a href=\"https:\/\/www.facture.net\/blog\/etudiant-freelance\/\">Comment travailler en freelance en \u00e9tant \u00e9tudiant\u00a0?<\/a><\/p><\/blockquote>\n<h2>Simulateurs de charge pour freelance<\/h2>\n<p>Utiliser un simulateur pour calculer le montant de vos charges&nbsp;:<\/p>\n<ul>\n<li>Vous \u00eates autoentrepreneur&nbsp;: <a href=\"https:\/\/www.afecreation.fr\/pid11436\/calculatrice-de-charges-ae.html\" target=\"_blank\" rel=\"noopener noreferrer\">simulateur de l&#8217;AFE<\/a> (Agence France Entrepreneur)<\/li>\n<li>Vous \u00eates en portage salarial&nbsp;: <a href=\"https:\/\/www.acpi.fr\/portage-salarial\/simulation-salaire-en-portage-salarial\">simulateur de l&#8217;ACPI<\/a><\/li>\n<\/ul>\n<p>Il ne vous reste plus qu&#8217;\u00e0 vous assurer que vous facturiez bien votre travail \u00e0 sa juste valeur&nbsp;!<\/p>\n<blockquote><p><strong>\u00c0 lire aussi&nbsp;:<\/strong><a href=\"https:\/\/www.facture.net\/blog\/cout-creation-entreprise\/\"> Combien co\u00fbte la cr\u00e9ation d\u2019une entreprise&nbsp;?<\/a><\/p><\/blockquote>\n","protected":false},"excerpt":{"rendered":"<p>Certains (beaucoup&nbsp;?) pensent que fixer ses tarifs quand on est freelance est une science exacte. Entre les adeptes du taux horaire ou les accros au prix forfaitaire, une guerre des id\u00e9es semble faire rage. Pourtant, peu importe le calcul, l&#8217;important est bien de gagner sa vie d\u00e9cemment. Voici ce \u00e0 quoi vous devez penser afin [&hellip;]<\/p>\n","protected":false},"author":1,"featured_media":2266,"comment_status":"open","ping_status":"open","sticky":false,"template":"","format":"standard","meta":{"_acf_changed":false,"inline_featured_image":false,"footnotes":""},"categories":[30],"tags":[],"class_list":["post-588","post","type-post","status-publish","format-standard","has-post-thumbnail","hentry","category-marketing"],"acf":[],"yoast_head":"<!-- This site is optimized with the Yoast SEO plugin v25.9 - https:\/\/yoast.com\/wordpress\/plugins\/seo\/ -->\n<title>Freelance : 3 fa\u00e7ons de fixer vos tarifs<\/title>\n<meta name=\"description\" content=\"Certains (beaucoup ?) pensent que fixer ses tarifs quand on est freelance est une science exacte. Entre les adeptes du taux horaire ou les accros au prix\" \/>\n<meta name=\"robots\" content=\"index, follow, max-snippet:-1, max-image-preview:large, max-video-preview:-1\" \/>\n<link rel=\"canonical\" href=\"https:\/\/www.facture.net\/blog\/freelance-3-facons-de-fixer-vos-tarifs\/\" \/>\n<meta property=\"og:locale\" content=\"fr_FR\" \/>\n<meta property=\"og:type\" content=\"article\" \/>\n<meta property=\"og:title\" content=\"Freelance : 3 fa\u00e7ons de fixer vos tarifs\" \/>\n<meta property=\"og:description\" content=\"Certains (beaucoup ?) pensent que fixer ses tarifs quand on est freelance est une science exacte. Entre les adeptes du taux horaire ou les accros au prix\" \/>\n<meta property=\"og:url\" content=\"https:\/\/www.facture.net\/blog\/freelance-3-facons-de-fixer-vos-tarifs\/\" \/>\n<meta property=\"og:site_name\" content=\"Facture.net\" \/>\n<meta property=\"article:published_time\" content=\"2019-01-17T09:30:14+00:00\" \/>\n<meta property=\"article:modified_time\" content=\"2025-08-21T07:42:40+00:00\" \/>\n<meta property=\"og:image\" content=\"https:\/\/www.facture.net\/blog\/wp-content\/uploads\/sites\/3\/2019\/01\/fixer-tarifs-1.jpg\" \/>\n\t<meta property=\"og:image:width\" content=\"1024\" \/>\n\t<meta property=\"og:image:height\" content=\"618\" \/>\n\t<meta property=\"og:image:type\" content=\"image\/jpeg\" \/>\n<meta name=\"author\" content=\"Laura Michaud\" \/>\n<meta name=\"twitter:card\" content=\"summary_large_image\" \/>\n<meta name=\"twitter:label1\" content=\"\u00c9crit par\" \/>\n\t<meta name=\"twitter:data1\" content=\"Laura Michaud\" \/>\n\t<meta name=\"twitter:label2\" content=\"Dur\u00e9e de lecture estim\u00e9e\" \/>\n\t<meta name=\"twitter:data2\" content=\"4 minutes\" \/>\n<script type=\"application\/ld+json\" class=\"yoast-schema-graph\">{\"@context\":\"https:\/\/schema.org\",\"@graph\":[{\"@type\":\"Article\",\"@id\":\"https:\/\/www.facture.net\/blog\/freelance-3-facons-de-fixer-vos-tarifs\/#article\",\"isPartOf\":{\"@id\":\"https:\/\/www.facture.net\/blog\/freelance-3-facons-de-fixer-vos-tarifs\/\"},\"author\":{\"name\":\"Laura Michaud\",\"@id\":\"https:\/\/www.facture.net\/blog\/#\/schema\/person\/33c0ef04707fbe50a096f282050bb5f2\"},\"headline\":\"Freelance&nbsp;: 3 fa\u00e7ons de fixer vos tarifs\",\"datePublished\":\"2019-01-17T09:30:14+00:00\",\"dateModified\":\"2025-08-21T07:42:40+00:00\",\"mainEntityOfPage\":{\"@id\":\"https:\/\/www.facture.net\/blog\/freelance-3-facons-de-fixer-vos-tarifs\/\"},\"wordCount\":520,\"commentCount\":0,\"publisher\":{\"@id\":\"https:\/\/www.facture.net\/blog\/#organization\"},\"image\":{\"@id\":\"https:\/\/www.facture.net\/blog\/freelance-3-facons-de-fixer-vos-tarifs\/#primaryimage\"},\"thumbnailUrl\":\"https:\/\/www.facture.net\/blog\/wp-content\/uploads\/sites\/3\/2019\/01\/fixer-tarifs-1.jpg\",\"articleSection\":[\"Marketing\"],\"inLanguage\":\"fr-FR\",\"potentialAction\":[{\"@type\":\"CommentAction\",\"name\":\"Comment\",\"target\":[\"https:\/\/www.facture.net\/blog\/freelance-3-facons-de-fixer-vos-tarifs\/#respond\"]}]},{\"@type\":\"WebPage\",\"@id\":\"https:\/\/www.facture.net\/blog\/freelance-3-facons-de-fixer-vos-tarifs\/\",\"url\":\"https:\/\/www.facture.net\/blog\/freelance-3-facons-de-fixer-vos-tarifs\/\",\"name\":\"Freelance : 3 fa\u00e7ons de fixer vos tarifs\",\"isPartOf\":{\"@id\":\"https:\/\/www.facture.net\/blog\/#website\"},\"primaryImageOfPage\":{\"@id\":\"https:\/\/www.facture.net\/blog\/freelance-3-facons-de-fixer-vos-tarifs\/#primaryimage\"},\"image\":{\"@id\":\"https:\/\/www.facture.net\/blog\/freelance-3-facons-de-fixer-vos-tarifs\/#primaryimage\"},\"thumbnailUrl\":\"https:\/\/www.facture.net\/blog\/wp-content\/uploads\/sites\/3\/2019\/01\/fixer-tarifs-1.jpg\",\"datePublished\":\"2019-01-17T09:30:14+00:00\",\"dateModified\":\"2025-08-21T07:42:40+00:00\",\"description\":\"Certains (beaucoup ?) pensent que fixer ses tarifs quand on est freelance est une science exacte. Entre les adeptes du taux horaire ou les accros au prix\",\"breadcrumb\":{\"@id\":\"https:\/\/www.facture.net\/blog\/freelance-3-facons-de-fixer-vos-tarifs\/#breadcrumb\"},\"inLanguage\":\"fr-FR\",\"potentialAction\":[{\"@type\":\"ReadAction\",\"target\":[\"https:\/\/www.facture.net\/blog\/freelance-3-facons-de-fixer-vos-tarifs\/\"]}]},{\"@type\":\"ImageObject\",\"inLanguage\":\"fr-FR\",\"@id\":\"https:\/\/www.facture.net\/blog\/freelance-3-facons-de-fixer-vos-tarifs\/#primaryimage\",\"url\":\"https:\/\/www.facture.net\/blog\/wp-content\/uploads\/sites\/3\/2019\/01\/fixer-tarifs-1.jpg\",\"contentUrl\":\"https:\/\/www.facture.net\/blog\/wp-content\/uploads\/sites\/3\/2019\/01\/fixer-tarifs-1.jpg\",\"width\":1024,\"height\":618,\"caption\":\"fixer ses tarifs en tant que freelance\"},{\"@type\":\"BreadcrumbList\",\"@id\":\"https:\/\/www.facture.net\/blog\/freelance-3-facons-de-fixer-vos-tarifs\/#breadcrumb\",\"itemListElement\":[{\"@type\":\"ListItem\",\"position\":1,\"name\":\"Blog\",\"item\":\"https:\/\/www.facture.net\/blog\/\"},{\"@type\":\"ListItem\",\"position\":2,\"name\":\"Ventes\",\"item\":\"https:\/\/www.facture.net\/blog\/ventes\/\"},{\"@type\":\"ListItem\",\"position\":3,\"name\":\"Marketing\",\"item\":\"https:\/\/www.facture.net\/blog\/ventes\/marketing\/\"},{\"@type\":\"ListItem\",\"position\":4,\"name\":\"Freelance&nbsp;: 3 fa\u00e7ons de fixer vos tarifs\"}]},{\"@type\":\"WebSite\",\"@id\":\"https:\/\/www.facture.net\/blog\/#website\",\"url\":\"https:\/\/www.facture.net\/blog\/\",\"name\":\"Facture.net\",\"description\":\"facture\",\"publisher\":{\"@id\":\"https:\/\/www.facture.net\/blog\/#organization\"},\"potentialAction\":[{\"@type\":\"SearchAction\",\"target\":{\"@type\":\"EntryPoint\",\"urlTemplate\":\"https:\/\/www.facture.net\/blog\/?s={search_term_string}\"},\"query-input\":{\"@type\":\"PropertyValueSpecification\",\"valueRequired\":true,\"valueName\":\"search_term_string\"}}],\"inLanguage\":\"fr-FR\"},{\"@type\":\"Organization\",\"@id\":\"https:\/\/www.facture.net\/blog\/#organization\",\"name\":\"Facture.net\",\"url\":\"https:\/\/www.facture.net\/blog\/\",\"logo\":{\"@type\":\"ImageObject\",\"inLanguage\":\"fr-FR\",\"@id\":\"https:\/\/www.facture.net\/blog\/#\/schema\/logo\/image\/\",\"url\":\"https:\/\/www.facture.net\/blog\/wp-content\/uploads\/sites\/3\/2022\/07\/logo-facture.svg\",\"contentUrl\":\"https:\/\/www.facture.net\/blog\/wp-content\/uploads\/sites\/3\/2022\/07\/logo-facture.svg\",\"width\":1,\"height\":1,\"caption\":\"Facture.net\"},\"image\":{\"@id\":\"https:\/\/www.facture.net\/blog\/#\/schema\/logo\/image\/\"}},{\"@type\":\"Person\",\"@id\":\"https:\/\/www.facture.net\/blog\/#\/schema\/person\/33c0ef04707fbe50a096f282050bb5f2\",\"name\":\"Laura Michaud\",\"image\":{\"@type\":\"ImageObject\",\"inLanguage\":\"fr-FR\",\"@id\":\"https:\/\/www.facture.net\/blog\/#\/schema\/person\/image\/\",\"url\":\"https:\/\/secure.gravatar.com\/avatar\/c3328cc0c887f98cec6b2979af3311ab6333fc7cc2d4847514cfec6a56fa08a7?s=96&d=mm&r=g\",\"contentUrl\":\"https:\/\/secure.gravatar.com\/avatar\/c3328cc0c887f98cec6b2979af3311ab6333fc7cc2d4847514cfec6a56fa08a7?s=96&d=mm&r=g\",\"caption\":\"Laura Michaud\"},\"description\":\"Laura connait tous les meilleurs outils pour g\u00e9rer des projets et une entreprise. Cr\u00e9ative, c'est aussi une sp\u00e9cialiste des outils de cr\u00e9ation graphique pour faire briller une entreprise.\",\"sameAs\":[\"https:\/\/www.linkedin.com\/in\/michaudlaura\/\"],\"url\":\"https:\/\/www.facture.net\/blog\/author\/laura\/\"}]}<\/script>\n<!-- \/ Yoast SEO plugin. -->","yoast_head_json":{"title":"Freelance : 3 fa\u00e7ons de fixer vos tarifs","description":"Certains (beaucoup ?) pensent que fixer ses tarifs quand on est freelance est une science exacte. Entre les adeptes du taux horaire ou les accros au prix","robots":{"index":"index","follow":"follow","max-snippet":"max-snippet:-1","max-image-preview":"max-image-preview:large","max-video-preview":"max-video-preview:-1"},"canonical":"https:\/\/www.facture.net\/blog\/freelance-3-facons-de-fixer-vos-tarifs\/","og_locale":"fr_FR","og_type":"article","og_title":"Freelance : 3 fa\u00e7ons de fixer vos tarifs","og_description":"Certains (beaucoup ?) pensent que fixer ses tarifs quand on est freelance est une science exacte. Entre les adeptes du taux horaire ou les accros au prix","og_url":"https:\/\/www.facture.net\/blog\/freelance-3-facons-de-fixer-vos-tarifs\/","og_site_name":"Facture.net","article_published_time":"2019-01-17T09:30:14+00:00","article_modified_time":"2025-08-21T07:42:40+00:00","og_image":[{"width":1024,"height":618,"url":"https:\/\/www.facture.net\/blog\/wp-content\/uploads\/sites\/3\/2019\/01\/fixer-tarifs-1.jpg","type":"image\/jpeg"}],"author":"Laura Michaud","twitter_card":"summary_large_image","twitter_misc":{"\u00c9crit par":"Laura Michaud","Dur\u00e9e de lecture estim\u00e9e":"4 minutes"},"schema":{"@context":"https:\/\/schema.org","@graph":[{"@type":"Article","@id":"https:\/\/www.facture.net\/blog\/freelance-3-facons-de-fixer-vos-tarifs\/#article","isPartOf":{"@id":"https:\/\/www.facture.net\/blog\/freelance-3-facons-de-fixer-vos-tarifs\/"},"author":{"name":"Laura Michaud","@id":"https:\/\/www.facture.net\/blog\/#\/schema\/person\/33c0ef04707fbe50a096f282050bb5f2"},"headline":"Freelance&nbsp;: 3 fa\u00e7ons de fixer vos tarifs","datePublished":"2019-01-17T09:30:14+00:00","dateModified":"2025-08-21T07:42:40+00:00","mainEntityOfPage":{"@id":"https:\/\/www.facture.net\/blog\/freelance-3-facons-de-fixer-vos-tarifs\/"},"wordCount":520,"commentCount":0,"publisher":{"@id":"https:\/\/www.facture.net\/blog\/#organization"},"image":{"@id":"https:\/\/www.facture.net\/blog\/freelance-3-facons-de-fixer-vos-tarifs\/#primaryimage"},"thumbnailUrl":"https:\/\/www.facture.net\/blog\/wp-content\/uploads\/sites\/3\/2019\/01\/fixer-tarifs-1.jpg","articleSection":["Marketing"],"inLanguage":"fr-FR","potentialAction":[{"@type":"CommentAction","name":"Comment","target":["https:\/\/www.facture.net\/blog\/freelance-3-facons-de-fixer-vos-tarifs\/#respond"]}]},{"@type":"WebPage","@id":"https:\/\/www.facture.net\/blog\/freelance-3-facons-de-fixer-vos-tarifs\/","url":"https:\/\/www.facture.net\/blog\/freelance-3-facons-de-fixer-vos-tarifs\/","name":"Freelance : 3 fa\u00e7ons de fixer vos tarifs","isPartOf":{"@id":"https:\/\/www.facture.net\/blog\/#website"},"primaryImageOfPage":{"@id":"https:\/\/www.facture.net\/blog\/freelance-3-facons-de-fixer-vos-tarifs\/#primaryimage"},"image":{"@id":"https:\/\/www.facture.net\/blog\/freelance-3-facons-de-fixer-vos-tarifs\/#primaryimage"},"thumbnailUrl":"https:\/\/www.facture.net\/blog\/wp-content\/uploads\/sites\/3\/2019\/01\/fixer-tarifs-1.jpg","datePublished":"2019-01-17T09:30:14+00:00","dateModified":"2025-08-21T07:42:40+00:00","description":"Certains (beaucoup ?) pensent que fixer ses tarifs quand on est freelance est une science exacte. Entre les adeptes du taux horaire ou les accros au prix","breadcrumb":{"@id":"https:\/\/www.facture.net\/blog\/freelance-3-facons-de-fixer-vos-tarifs\/#breadcrumb"},"inLanguage":"fr-FR","potentialAction":[{"@type":"ReadAction","target":["https:\/\/www.facture.net\/blog\/freelance-3-facons-de-fixer-vos-tarifs\/"]}]},{"@type":"ImageObject","inLanguage":"fr-FR","@id":"https:\/\/www.facture.net\/blog\/freelance-3-facons-de-fixer-vos-tarifs\/#primaryimage","url":"https:\/\/www.facture.net\/blog\/wp-content\/uploads\/sites\/3\/2019\/01\/fixer-tarifs-1.jpg","contentUrl":"https:\/\/www.facture.net\/blog\/wp-content\/uploads\/sites\/3\/2019\/01\/fixer-tarifs-1.jpg","width":1024,"height":618,"caption":"fixer ses tarifs en tant que freelance"},{"@type":"BreadcrumbList","@id":"https:\/\/www.facture.net\/blog\/freelance-3-facons-de-fixer-vos-tarifs\/#breadcrumb","itemListElement":[{"@type":"ListItem","position":1,"name":"Blog","item":"https:\/\/www.facture.net\/blog\/"},{"@type":"ListItem","position":2,"name":"Ventes","item":"https:\/\/www.facture.net\/blog\/ventes\/"},{"@type":"ListItem","position":3,"name":"Marketing","item":"https:\/\/www.facture.net\/blog\/ventes\/marketing\/"},{"@type":"ListItem","position":4,"name":"Freelance&nbsp;: 3 fa\u00e7ons de fixer vos tarifs"}]},{"@type":"WebSite","@id":"https:\/\/www.facture.net\/blog\/#website","url":"https:\/\/www.facture.net\/blog\/","name":"Facture.net","description":"facture","publisher":{"@id":"https:\/\/www.facture.net\/blog\/#organization"},"potentialAction":[{"@type":"SearchAction","target":{"@type":"EntryPoint","urlTemplate":"https:\/\/www.facture.net\/blog\/?s={search_term_string}"},"query-input":{"@type":"PropertyValueSpecification","valueRequired":true,"valueName":"search_term_string"}}],"inLanguage":"fr-FR"},{"@type":"Organization","@id":"https:\/\/www.facture.net\/blog\/#organization","name":"Facture.net","url":"https:\/\/www.facture.net\/blog\/","logo":{"@type":"ImageObject","inLanguage":"fr-FR","@id":"https:\/\/www.facture.net\/blog\/#\/schema\/logo\/image\/","url":"https:\/\/www.facture.net\/blog\/wp-content\/uploads\/sites\/3\/2022\/07\/logo-facture.svg","contentUrl":"https:\/\/www.facture.net\/blog\/wp-content\/uploads\/sites\/3\/2022\/07\/logo-facture.svg","width":1,"height":1,"caption":"Facture.net"},"image":{"@id":"https:\/\/www.facture.net\/blog\/#\/schema\/logo\/image\/"}},{"@type":"Person","@id":"https:\/\/www.facture.net\/blog\/#\/schema\/person\/33c0ef04707fbe50a096f282050bb5f2","name":"Laura Michaud","image":{"@type":"ImageObject","inLanguage":"fr-FR","@id":"https:\/\/www.facture.net\/blog\/#\/schema\/person\/image\/","url":"https:\/\/secure.gravatar.com\/avatar\/c3328cc0c887f98cec6b2979af3311ab6333fc7cc2d4847514cfec6a56fa08a7?s=96&d=mm&r=g","contentUrl":"https:\/\/secure.gravatar.com\/avatar\/c3328cc0c887f98cec6b2979af3311ab6333fc7cc2d4847514cfec6a56fa08a7?s=96&d=mm&r=g","caption":"Laura Michaud"},"description":"Laura connait tous les meilleurs outils pour g\u00e9rer des projets et une entreprise. Cr\u00e9ative, c'est aussi une sp\u00e9cialiste des outils de cr\u00e9ation graphique pour faire briller une entreprise.","sameAs":["https:\/\/www.linkedin.com\/in\/michaudlaura\/"],"url":"https:\/\/www.facture.net\/blog\/author\/laura\/"}]}},"_links":{"self":[{"href":"https:\/\/www.facture.net\/blog\/wp-json\/wp\/v2\/posts\/588","targetHints":{"allow":["GET"]}}],"collection":[{"href":"https:\/\/www.facture.net\/blog\/wp-json\/wp\/v2\/posts"}],"about":[{"href":"https:\/\/www.facture.net\/blog\/wp-json\/wp\/v2\/types\/post"}],"author":[{"embeddable":true,"href":"https:\/\/www.facture.net\/blog\/wp-json\/wp\/v2\/users\/1"}],"replies":[{"embeddable":true,"href":"https:\/\/www.facture.net\/blog\/wp-json\/wp\/v2\/comments?post=588"}],"version-history":[{"count":0,"href":"https:\/\/www.facture.net\/blog\/wp-json\/wp\/v2\/posts\/588\/revisions"}],"wp:featuredmedia":[{"embeddable":true,"href":"https:\/\/www.facture.net\/blog\/wp-json\/wp\/v2\/media\/2266"}],"wp:attachment":[{"href":"https:\/\/www.facture.net\/blog\/wp-json\/wp\/v2\/media?parent=588"}],"wp:term":[{"taxonomy":"category","embeddable":true,"href":"https:\/\/www.facture.net\/blog\/wp-json\/wp\/v2\/categories?post=588"},{"taxonomy":"post_tag","embeddable":true,"href":"https:\/\/www.facture.net\/blog\/wp-json\/wp\/v2\/tags?post=588"}],"curies":[{"name":"wp","href":"https:\/\/api.w.org\/{rel}","templated":true}]}}