{"id":5186,"date":"2026-03-17T10:30:00","date_gmt":"2026-03-17T09:30:00","guid":{"rendered":"https:\/\/www.facture.net\/blog\/?p=5186"},"modified":"2026-03-17T10:30:00","modified_gmt":"2026-03-17T09:30:00","slug":"auto-entreprise-comment-changer-la-periodicite-de-la-declaration","status":"publish","type":"post","link":"https:\/\/www.facture.net\/blog\/auto-entreprise-comment-changer-la-periodicite-de-la-declaration\/","title":{"rendered":"Auto-entreprise&nbsp;: comment changer la p\u00e9riodicit\u00e9 de la d\u00e9claration&nbsp;?"},"content":{"rendered":"\n<p>Lors de la cr\u00e9ation de votre micro-entreprise (anciennement auto-entreprise), vous avez s\u00e9lectionn\u00e9 une p\u00e9riodicit\u00e9 pour d\u00e9clarer votre chiffre d&#8217;affaires \u2013 mensuelle par d\u00e9faut, ou trimestrielle. Mais avec le temps, votre situation personnelle et professionnelle peut \u00e9voluer. Il est donc important de v\u00e9rifier si votre choix initial reste pertinent. Heureusement, il est tout \u00e0 fait possible de <strong>modifier la p\u00e9riodicit\u00e9 de votre <a href=\"https:\/\/www.facture.net\/blog\/declarer-chiffre-daffaires\/\">d\u00e9claration de chiffre d&#8217;affaires<\/a><\/strong>.<\/p>\n\n\n\n<h2 class=\"wp-block-heading\">Pourquoi changer la p\u00e9riodicit\u00e9 de d\u00e9claration en auto-entrepreneur&nbsp;?<\/h2>\n\n\n\n<p>Le choix de la p\u00e9riodicit\u00e9 doit \u00eatre adapt\u00e9 \u00e0 votre activit\u00e9 et \u00e0 vos besoins administratifs. Voici les principaux crit\u00e8res \u00e0 consid\u00e9rer&nbsp;:<\/p>\n\n\n\n<ul class=\"wp-block-list\">\n<li><strong>Aides sociales ou allocations<\/strong>&nbsp;: Si vous percevez des aides comme le RSA ou des allocations ch\u00f4mage, les organismes demandent des justificatifs mensuels. Une d\u00e9claration trimestrielle peut compliquer la transmission de ces informations.<\/li>\n\n\n\n<li><strong>Volume d&#8217;activit\u00e9<\/strong>&nbsp;: Une activit\u00e9 \u00e9lev\u00e9e avec de nombreuses factures peut n\u00e9cessiter un suivi mensuel pour lisser vos paiements et \u00e9viter les erreurs.<\/li>\n\n\n\n<li><strong>Charge administrative<\/strong>&nbsp;: Si votre activit\u00e9 est mod\u00e9r\u00e9e et que vous pr\u00e9f\u00e9rez consacrer moins de temps \u00e0 la comptabilit\u00e9, la d\u00e9claration trimestrielle peut \u00eatre plus adapt\u00e9e.<\/li>\n<\/ul>\n\n\n\n<h3 class=\"wp-block-heading\">La p\u00e9riodicit\u00e9 de d\u00e9claration mensuelle&nbsp;<\/h3>\n\n\n\n<p>Dans certains cas, il vous est vivement conseill\u00e9 d\u2019opter pour une p\u00e9riodicit\u00e9 de d\u00e9claration mensuelle&nbsp;:<\/p>\n\n\n\n<ul class=\"wp-block-list\">\n<li>Vous touchez des aides sociales ou des allocations ch\u00f4mage&nbsp;: les organismes vous demandent de justifier de votre situation par des attestations chaque mois. La d\u00e9claration trimestrielle risque de g\u00e9n\u00e9rer des erreurs (trop-per\u00e7u ou \u00e0 l\u2019inverse, non-paiement de prestations dues). En optant pour la d\u00e9claration mensuelle de l\u2019auto-entrepreneur, vous \u00eates assur\u00e9 de disposer des documents vous permettant de tenir \u00e0 jour votre situation. L\u2019Urssaf le conseille d\u2019ailleurs vivement.<\/li>\n\n\n\n<li>L\u2019activit\u00e9 de votre micro-entreprise est forte et vous \u00e9tablissez un nombre tr\u00e8s important de factures&nbsp;: pour ne pas vous perdre dans le suivi de vos finances, il peut \u00eatre pr\u00e9f\u00e9rable de passer \u00e0 une p\u00e9riodicit\u00e9 de d\u00e9claration mensuelle. Le suivi sera plus r\u00e9gulier, mais cela permet surtout de lisser le paiement des charges chaque mois, au lieu de payer une somme trop importante d\u2019un coup.<\/li>\n<\/ul>\n\n\n\n<p>Vous devrez alors <strong>d\u00e9clarer votre chiffre d\u2019affaires tous les mois<\/strong> et r\u00e9gler vos charges sociales \u00e0 l\u2019\u00e9ch\u00e9ance pr\u00e9vue par le calendrier de l\u2019Urssaf. Vous le trouverez sur votre compte auto-entrepreneur en ligne qui est remis \u00e0 jour chaque ann\u00e9e. Conservez-le \u00e0 port\u00e9e de main pour \u00eatre certain de ne pas vous tromper.<\/p>\n\n\n\n<h3 class=\"wp-block-heading\">La p\u00e9riodicit\u00e9 de d\u00e9claration trimestrielle<\/h3>\n\n\n\n<p>La d\u00e9claration trimestrielle sera int\u00e9ressante dans les cas suivants&nbsp;:<\/p>\n\n\n\n<ul class=\"wp-block-list\">\n<li>L\u2019activit\u00e9 de votre micro-entreprise est mod\u00e9r\u00e9e, et vous encaissez peu de chiffre d\u2019affaires.<\/li>\n\n\n\n<li>Vous ne suivez pas votre facturation au jour le jour.<\/li>\n\n\n\n<li>Vous avez des difficult\u00e9s \u00e0 d\u00e9gager du temps pour suivre votre comptabilit\u00e9 tous les mois.&nbsp;<\/li>\n<\/ul>\n\n\n\n<p>Avec une p\u00e9riodicit\u00e9 au trimestre, vous n\u2019aurez que <strong>quatre d\u00e9clarations par an<\/strong> \u00e0 saisir sur le site de l\u2019Urssaf. Cela vous laisse du temps pour mettre \u00e0 jour votre registre des recettes, et \u00e9ventuellement votre facturation.<\/p>\n\n\n\n<p>En optant pour la p\u00e9riodicit\u00e9 trimestrielle, le calendrier de votre d\u00e9claration s\u2019\u00e9tablira de la fa\u00e7on suivante&nbsp;:<\/p>\n\n\n\n<ul class=\"wp-block-list\">\n<li>31 janvier&nbsp;: vous d\u00e9clarez le CA des mois d\u2019octobre, novembre et d\u00e9cembre de l\u2019ann\u00e9e pr\u00e9c\u00e9dente.<\/li>\n\n\n\n<li>30 avril&nbsp;: pour le chiffre d\u2019affaires de janvier, f\u00e9vrier et mars.<\/li>\n\n\n\n<li>31 juillet&nbsp;: vous d\u00e9clarez le CA encaiss\u00e9 d\u2019avril, mai et juin.<\/li>\n\n\n\n<li>31 octobre&nbsp;: CA des mois de juillet, ao\u00fbt et septembre.<\/li>\n<\/ul>\n\n\n\n<p>Notez bien ces dates dans votre agenda. En optant pour cette p\u00e9riodicit\u00e9 trimestrielle, le risque d\u2019oubli augmente. L\u2019Urssaf vous transmet normalement des rappels, v\u00e9rifiez que vous les recevez.<\/p>\n\n\n\n<p>La p\u00e9riodicit\u00e9 trimestrielle ne vous affranchit pas d\u2019une gestion rigoureuse de votre comptabilit\u00e9&nbsp;: n\u2019oubliez pas que vous risquez une <strong>p\u00e9nalit\u00e9 financi\u00e8re<\/strong> si vous ne proc\u00e9dez pas aux d\u00e9clarations, et m\u00eame une radiation dans les cas les plus graves.<\/p>\n\n\n\n<h2 class=\"wp-block-heading\">Comment modifier la p\u00e9riodicit\u00e9 de votre d\u00e9claration d\u2019auto-entrepreneur&nbsp;?<\/h2>\n\n\n\n<p>Cette formalit\u00e9 est simple gr\u00e2ce aux d\u00e9marches en ligne 100 % digitales. Rendez-vous tout d\u2019abord sur votre compte micro-entrepreneur sur le site de l\u2019Urssaf et laissez-vous guider. Vous \u00eates allergique \u00e0 la moindre formalit\u00e9 administrative&nbsp;? Pas d\u2019inqui\u00e9tude, le processus est tr\u00e8s simple.<\/p>\n\n\n\n<h3 class=\"wp-block-heading\">Modification de la p\u00e9riodicit\u00e9 de d\u00e9claration de l\u2019auto-entrepreneur&nbsp;: le guide pas \u00e0 pas<\/h3>\n\n\n\n<p>Une fois connect\u00e9 sur votre compte, il vous suffit de vous rendre dans la messagerie et de cliquer sur \u00ab&nbsp;nouveau message&nbsp;\u00bb puis de suivre ces \u00e9tapes&nbsp;:<\/p>\n\n\n\n<ul class=\"wp-block-list\">\n<li>S\u00e9lectionnez le motif \u00ab&nbsp;Faire \u00e9voluer mon auto-entreprise&nbsp;\u00bb.<\/li>\n\n\n\n<li>Choisissez ensuite \u00ab&nbsp;Je souhaite modifier la p\u00e9riodicit\u00e9 de mes d\u00e9clarations et paiements&nbsp;\u00bb.<\/li>\n\n\n\n<li>Compl\u00e9tez le message en pr\u00e9cisant la p\u00e9riodicit\u00e9 sur laquelle vous souhaitez passer et envoyez-le.<\/li>\n<\/ul>\n\n\n\n<p>Votre demande est termin\u00e9e. Le site de l\u2019Urssaf vous propose m\u00eame un mod\u00e8le de message pr\u00eat \u00e0 l\u2019emploi&nbsp;pour vous faciliter la t\u00e2che&nbsp;! Vous pouvez acc\u00e9der \u00e0 ce service en ligne tous les jours, 24 heures sur 24. Vous pouvez r\u00e9aliser la d\u00e9marche sur Internet de chez vous, mais \u00e9galement depuis l\u2019application mobile d\u00e9di\u00e9e.<\/p>\n\n\n\n<p>Pour rappel, n\u2019oubliez jamais que quelle que soit la p\u00e9riodicit\u00e9 de d\u00e9claration, vous devez vous y soumettre <strong>m\u00eame si votre chiffre d\u2019affaires est \u00e9gal \u00e0 z\u00e9ro<\/strong>.<\/p>\n\n\n\n<h3 class=\"wp-block-heading\">Combien co\u00fbte le changement&nbsp;de p\u00e9riodicit\u00e9 de la d\u00e9claration&nbsp;?<\/h3>\n\n\n\n<p>Comme pour la plupart des d\u00e9marches de gestion de votre micro-entreprise, vous n\u2019aurez rien \u00e0 payer. Une fois votre demande enregistr\u00e9e, l\u2019administration proc\u00e9dera automatiquement \u00e0 la modification de la p\u00e9riodicit\u00e9 de votre d\u00e9claration.<\/p>\n\n\n\n<p>Cette d\u00e9marche ne prendra que 5 minutes de votre temps. Si l\u2019on vous propose de r\u00e9aliser cette prestation moyennant finances, fuyez&nbsp;: il s\u2019agit d\u2019une arnaque d\u2019entreprises peu scrupuleuses.<\/p>\n\n\n\n<p>Vous avez peut-\u00eatre choisi de recourir \u00e0 un comptable. Ce dernier a la charge de g\u00e9rer le suivi administratif de votre micro-entreprise et vous n\u2019aurez donc pas \u00e0 vous soucier de cette d\u00e9marche. &nbsp;<\/p>\n\n\n\n<h2 class=\"wp-block-heading\">Quand changer votre p\u00e9riodicit\u00e9 de d\u00e9claration&nbsp;d\u2019auto-entrepreneur&nbsp;?<\/h2>\n\n\n\n<p>Retenez tout d\u2019abord que ce choix vaut pour une ann\u00e9e civile. Vous ne pourrez pas revenir en arri\u00e8re, assurez-vous d\u2019avoir bien pes\u00e9 le pour et le contre de chaque p\u00e9riodicit\u00e9 par rapport \u00e0 votre situation.<\/p>\n\n\n\n<p>De plus, le choix est reconduit automatiquement d\u2019ann\u00e9e en ann\u00e9e sans modification expresse de votre part.<\/p>\n\n\n\n<h3 class=\"wp-block-heading\">Les d\u00e9lais \u00e0 respecter<\/h3>\n\n\n\n<p>Vous devez imp\u00e9rativement proc\u00e9der \u00e0 la modification de p\u00e9riodicit\u00e9 avant le 31 janvier de l\u2019ann\u00e9e N, pour b\u00e9n\u00e9ficier du changement \u00e0 compter du 1<sup>er<\/sup>&nbsp;janvier de cette m\u00eame ann\u00e9e.<\/p>\n\n\n\n<p>Exemple&nbsp;: vous souhaitez passer \u00e0 la p\u00e9riodicit\u00e9 mensuelle pour l\u2019ann\u00e9e 2025&nbsp;? Vous devrez r\u00e9aliser la d\u00e9marche en ligne avant le 31 janvier 2025.<\/p>\n\n\n\n<p>N\u2019oubliez pas qu\u2019en changeant la p\u00e9riodicit\u00e9 de la d\u00e9claration d\u2019auto-entrepreneur, vous modifiez \u00e9galement la p\u00e9riodicit\u00e9 du paiement des charges&nbsp;sur votre <a href=\"https:\/\/www.facture.net\/blog\/auto-entrepreneur-declarer-chiffre-affaires-encaisse-ou-facture\/\">chiffre d&#8217;affaires encaiss\u00e9<\/a>&nbsp;!<\/p>\n\n\n\n<h3 class=\"wp-block-heading\">Peut-on modifier \u00e0 nouveau la p\u00e9riodicit\u00e9 de sa d\u00e9claration d\u2019auto-entrepreneur&nbsp;?<\/h3>\n\n\n\n<p>Votre d\u00e9cision s\u2019appliquera automatiquement pour toute l\u2019ann\u00e9e civile, mais vous pouvez sans probl\u00e8me modifier la p\u00e9riodicit\u00e9 chaque ann\u00e9e.<\/p>\n\n\n\n<p>Il peut \u00eatre int\u00e9ressant de faire le point au dernier trimestre de l\u2019ann\u00e9e en vous posant les questions suivantes&nbsp;:<\/p>\n\n\n\n<ul class=\"wp-block-list\">\n<li>Ma situation personnelle a-t-elle \u00e9volu\u00e9 (allocations ch\u00f4mage, RSA\u2026)&nbsp;: si vous percevez des aides, rappelez-vous qu\u2019il sera quasiment indispensable de passer au r\u00e9gime de d\u00e9claration mensuelle pour obtenir les justificatifs n\u00e9cessaires.<\/li>\n\n\n\n<li>L\u2019activit\u00e9 de mon entreprise a-t-elle augment\u00e9, ou au contraire, est-elle en perte de vitesse&nbsp;?<\/li>\n\n\n\n<li>Y a-t-il plusieurs mois dans l\u2019ann\u00e9e o\u00f9 je d\u00e9clare un CA \u00e0 z\u00e9ro&nbsp;? Si vous d\u00e9clarez un chiffre d\u2019affaires de z\u00e9ro sur six mois de l\u2019ann\u00e9e, posez-vous la question de passer \u00e0 la p\u00e9riodicit\u00e9 de d\u00e9claration trimestrielle<\/li>\n\n\n\n<li>Est-ce que la d\u00e9claration me fait perdre du temps chaque mois ou, au contraire, est-ce que je mets trop de temps \u00e0 rassembler mes factures pour la faire seulement chaque trimestre&nbsp;?<\/li>\n<\/ul>\n\n\n\n<p>Une fois les r\u00e9ponses obtenues, vous saurez si vous devez changer de p\u00e9riodicit\u00e9 de d\u00e9claration d\u2019auto-entrepreneur pour l\u2019ann\u00e9e qui suit, ou rester sur votre p\u00e9riodicit\u00e9 actuelle.<\/p>\n\n\n\n<h2 class=\"wp-block-heading\">Notre astuce pour g\u00e9rer la p\u00e9riodicit\u00e9 de votre d\u00e9claration en auto-entrepreneur<\/h2>\n\n\n\n<p>Mensuelle ou trimestrielle, vous devez <a href=\"https:\/\/www.facture.net\/blog\/blank-gerer-declarations-urssaf\/\">g\u00e9rer rigoureusement vos d\u00e9clarations<\/a>. Cela passera in\u00e9vitablement par une bonne gestion de votre facturation. Vous devez pour cela&nbsp;:<\/p>\n\n\n\n<ul class=\"wp-block-list\">\n<li>Respecter la l\u00e9gislation avec une solution de facturation adapt\u00e9e<\/li>\n\n\n\n<li>Suivre votre chiffre d\u2019affaires factur\u00e9 et encaiss\u00e9, pour ne pas faire d\u2019erreur dans vos d\u00e9clarations<\/li>\n\n\n\n<li>Piloter votre activit\u00e9, pour \u00e9tudier en fin d\u2019ann\u00e9e l\u2019opportunit\u00e9 de modifier ou non la p\u00e9riodicit\u00e9 de votre d\u00e9claration d\u2019auto-entrepreneur.<\/li>\n<\/ul>\n\n\n\n<p>Pour vous y aider,&nbsp;<a href=\"https:\/\/www.facture.net\/\">Facture.net<\/a>&nbsp;propose une solution de facturation et de gestion client 100 % gratuite. Conforme \u00e0 la loi anti-fraude TVA, vous pouvez facilement g\u00e9n\u00e9rer vos devis et \u00e9tablir des factures de fa\u00e7on s\u00e9curis\u00e9e. <\/p>\n\n\n\n<p><a href=\"https:\/\/www.facture.net\/\">Facture.net<\/a> permet \u00e9galement de g\u00e9rer vos opportunit\u00e9s d\u2019affaires via un CRM simple et fonctionnel. Le tableau de bord vous permet de suivre le chiffre d\u2019affaires r\u00e9alis\u00e9, les factures non pay\u00e9es et en cours d\u2019encaissement.<\/p>\n\n\n\n<p>En exportant l\u2019int\u00e9gralit\u00e9 de vos factures en un clic, Facture.net simplifie la gestion comptable et vous fait gagner du temps lors de la d\u00e9claration de votre chiffre d\u2019affaires. Vous disposez \u00e9galement d\u2019une vue d\u2019ensemble de votre CA encaiss\u00e9, qui sera donc \u00e0 d\u00e9clarer, et factur\u00e9.<\/p>\n\n\n\n<p><a href=\"https:\/\/www.facture.net\/signup\">Cr\u00e9ez gratuitement votre compte<\/a>&nbsp;en quelques minutes pour \u00e9tablir vos premi\u00e8res factures et piloter votre activit\u00e9 commerciale.<\/p>\n","protected":false},"excerpt":{"rendered":"<p>Lors de la cr\u00e9ation de votre micro-entreprise (anciennement auto-entreprise), vous avez s\u00e9lectionn\u00e9 une p\u00e9riodicit\u00e9 pour d\u00e9clarer votre chiffre d&#8217;affaires \u2013 mensuelle par d\u00e9faut, ou trimestrielle. Mais avec le temps, votre situation personnelle et professionnelle peut \u00e9voluer. Il est donc important de v\u00e9rifier si votre choix initial reste pertinent. Heureusement, il est tout \u00e0 fait possible [&hellip;]<\/p>\n","protected":false},"author":1,"featured_media":10319,"comment_status":"closed","ping_status":"closed","sticky":false,"template":"","format":"standard","meta":{"_acf_changed":false,"inline_featured_image":false,"footnotes":""},"categories":[6],"tags":[],"class_list":["post-5186","post","type-post","status-publish","format-standard","has-post-thumbnail","hentry","category-fiscalite"],"acf":[],"yoast_head":"<!-- This site is optimized with the Yoast SEO plugin v25.9 - https:\/\/yoast.com\/wordpress\/plugins\/seo\/ -->\n<title>Auto-entreprise&nbsp;: comment changer la p\u00e9riodicit\u00e9 de la d\u00e9claration&nbsp;?<\/title>\n<meta name=\"description\" content=\"Lors de la cr\u00e9ation de votre micro-entreprise (anciennement auto-entreprise), vous avez s\u00e9lectionn\u00e9 une p\u00e9riodicit\u00e9 pour d\u00e9clarer votre chiffre d&#039;affaires\" \/>\n<meta name=\"robots\" content=\"index, follow, max-snippet:-1, max-image-preview:large, max-video-preview:-1\" \/>\n<link rel=\"canonical\" href=\"https:\/\/www.facture.net\/blog\/auto-entreprise-comment-changer-la-periodicite-de-la-declaration\/\" \/>\n<meta property=\"og:locale\" content=\"fr_FR\" \/>\n<meta property=\"og:type\" content=\"article\" \/>\n<meta property=\"og:title\" content=\"Auto-entreprise&nbsp;: comment changer la p\u00e9riodicit\u00e9 de la d\u00e9claration&nbsp;?\" \/>\n<meta property=\"og:description\" content=\"Lors de la cr\u00e9ation de votre micro-entreprise (anciennement auto-entreprise), vous avez s\u00e9lectionn\u00e9 une p\u00e9riodicit\u00e9 pour d\u00e9clarer votre chiffre d&#039;affaires\" \/>\n<meta property=\"og:url\" content=\"https:\/\/www.facture.net\/blog\/auto-entreprise-comment-changer-la-periodicite-de-la-declaration\/\" \/>\n<meta property=\"og:site_name\" content=\"Facture.net\" \/>\n<meta property=\"article:published_time\" content=\"2026-03-17T09:30:00+00:00\" \/>\n<meta property=\"og:image\" content=\"https:\/\/www.facture.net\/blog\/wp-content\/uploads\/sites\/3\/2025\/01\/periodicite-declaration-urssaf.jpg\" \/>\n\t<meta property=\"og:image:width\" content=\"1200\" \/>\n\t<meta property=\"og:image:height\" content=\"675\" \/>\n\t<meta property=\"og:image:type\" content=\"image\/jpeg\" \/>\n<meta name=\"author\" content=\"Laura Michaud\" \/>\n<meta name=\"twitter:card\" content=\"summary_large_image\" \/>\n<meta name=\"twitter:label1\" content=\"\u00c9crit par\" \/>\n\t<meta name=\"twitter:data1\" content=\"Laura Michaud\" \/>\n\t<meta name=\"twitter:label2\" content=\"Dur\u00e9e de lecture estim\u00e9e\" \/>\n\t<meta name=\"twitter:data2\" content=\"8 minutes\" \/>\n<script type=\"application\/ld+json\" class=\"yoast-schema-graph\">{\"@context\":\"https:\/\/schema.org\",\"@graph\":[{\"@type\":\"Article\",\"@id\":\"https:\/\/www.facture.net\/blog\/auto-entreprise-comment-changer-la-periodicite-de-la-declaration\/#article\",\"isPartOf\":{\"@id\":\"https:\/\/www.facture.net\/blog\/auto-entreprise-comment-changer-la-periodicite-de-la-declaration\/\"},\"author\":{\"name\":\"Laura Michaud\",\"@id\":\"https:\/\/www.facture.net\/blog\/#\/schema\/person\/33c0ef04707fbe50a096f282050bb5f2\"},\"headline\":\"Auto-entreprise&nbsp;: comment changer la p\u00e9riodicit\u00e9 de la d\u00e9claration&nbsp;?\",\"datePublished\":\"2026-03-17T09:30:00+00:00\",\"mainEntityOfPage\":{\"@id\":\"https:\/\/www.facture.net\/blog\/auto-entreprise-comment-changer-la-periodicite-de-la-declaration\/\"},\"wordCount\":1705,\"publisher\":{\"@id\":\"https:\/\/www.facture.net\/blog\/#organization\"},\"image\":{\"@id\":\"https:\/\/www.facture.net\/blog\/auto-entreprise-comment-changer-la-periodicite-de-la-declaration\/#primaryimage\"},\"thumbnailUrl\":\"https:\/\/www.facture.net\/blog\/wp-content\/uploads\/sites\/3\/2025\/01\/periodicite-declaration-urssaf.jpg\",\"articleSection\":[\"Fiscalit\u00e9\"],\"inLanguage\":\"fr-FR\"},{\"@type\":\"WebPage\",\"@id\":\"https:\/\/www.facture.net\/blog\/auto-entreprise-comment-changer-la-periodicite-de-la-declaration\/\",\"url\":\"https:\/\/www.facture.net\/blog\/auto-entreprise-comment-changer-la-periodicite-de-la-declaration\/\",\"name\":\"Auto-entreprise&nbsp;: comment changer la p\u00e9riodicit\u00e9 de la d\u00e9claration&nbsp;?\",\"isPartOf\":{\"@id\":\"https:\/\/www.facture.net\/blog\/#website\"},\"primaryImageOfPage\":{\"@id\":\"https:\/\/www.facture.net\/blog\/auto-entreprise-comment-changer-la-periodicite-de-la-declaration\/#primaryimage\"},\"image\":{\"@id\":\"https:\/\/www.facture.net\/blog\/auto-entreprise-comment-changer-la-periodicite-de-la-declaration\/#primaryimage\"},\"thumbnailUrl\":\"https:\/\/www.facture.net\/blog\/wp-content\/uploads\/sites\/3\/2025\/01\/periodicite-declaration-urssaf.jpg\",\"datePublished\":\"2026-03-17T09:30:00+00:00\",\"description\":\"Lors de la cr\u00e9ation de votre micro-entreprise (anciennement auto-entreprise), vous avez s\u00e9lectionn\u00e9 une p\u00e9riodicit\u00e9 pour d\u00e9clarer votre chiffre d'affaires\",\"breadcrumb\":{\"@id\":\"https:\/\/www.facture.net\/blog\/auto-entreprise-comment-changer-la-periodicite-de-la-declaration\/#breadcrumb\"},\"inLanguage\":\"fr-FR\",\"potentialAction\":[{\"@type\":\"ReadAction\",\"target\":[\"https:\/\/www.facture.net\/blog\/auto-entreprise-comment-changer-la-periodicite-de-la-declaration\/\"]}]},{\"@type\":\"ImageObject\",\"inLanguage\":\"fr-FR\",\"@id\":\"https:\/\/www.facture.net\/blog\/auto-entreprise-comment-changer-la-periodicite-de-la-declaration\/#primaryimage\",\"url\":\"https:\/\/www.facture.net\/blog\/wp-content\/uploads\/sites\/3\/2025\/01\/periodicite-declaration-urssaf.jpg\",\"contentUrl\":\"https:\/\/www.facture.net\/blog\/wp-content\/uploads\/sites\/3\/2025\/01\/periodicite-declaration-urssaf.jpg\",\"width\":1200,\"height\":675,\"caption\":\"changer p\u00e9riodicit\u00e9 urssaf\"},{\"@type\":\"BreadcrumbList\",\"@id\":\"https:\/\/www.facture.net\/blog\/auto-entreprise-comment-changer-la-periodicite-de-la-declaration\/#breadcrumb\",\"itemListElement\":[{\"@type\":\"ListItem\",\"position\":1,\"name\":\"Blog\",\"item\":\"https:\/\/www.facture.net\/blog\/\"},{\"@type\":\"ListItem\",\"position\":2,\"name\":\"Comptabilit\u00e9\",\"item\":\"https:\/\/www.facture.net\/blog\/comptabilite\/\"},{\"@type\":\"ListItem\",\"position\":3,\"name\":\"Fiscalit\u00e9\",\"item\":\"https:\/\/www.facture.net\/blog\/comptabilite\/fiscalite\/\"},{\"@type\":\"ListItem\",\"position\":4,\"name\":\"Auto-entreprise&nbsp;: comment changer la p\u00e9riodicit\u00e9 de la d\u00e9claration&nbsp;?\"}]},{\"@type\":\"WebSite\",\"@id\":\"https:\/\/www.facture.net\/blog\/#website\",\"url\":\"https:\/\/www.facture.net\/blog\/\",\"name\":\"Facture.net\",\"description\":\"facture\",\"publisher\":{\"@id\":\"https:\/\/www.facture.net\/blog\/#organization\"},\"potentialAction\":[{\"@type\":\"SearchAction\",\"target\":{\"@type\":\"EntryPoint\",\"urlTemplate\":\"https:\/\/www.facture.net\/blog\/?s={search_term_string}\"},\"query-input\":{\"@type\":\"PropertyValueSpecification\",\"valueRequired\":true,\"valueName\":\"search_term_string\"}}],\"inLanguage\":\"fr-FR\"},{\"@type\":\"Organization\",\"@id\":\"https:\/\/www.facture.net\/blog\/#organization\",\"name\":\"Facture.net\",\"url\":\"https:\/\/www.facture.net\/blog\/\",\"logo\":{\"@type\":\"ImageObject\",\"inLanguage\":\"fr-FR\",\"@id\":\"https:\/\/www.facture.net\/blog\/#\/schema\/logo\/image\/\",\"url\":\"https:\/\/www.facture.net\/blog\/wp-content\/uploads\/sites\/3\/2022\/07\/logo-facture.svg\",\"contentUrl\":\"https:\/\/www.facture.net\/blog\/wp-content\/uploads\/sites\/3\/2022\/07\/logo-facture.svg\",\"width\":1,\"height\":1,\"caption\":\"Facture.net\"},\"image\":{\"@id\":\"https:\/\/www.facture.net\/blog\/#\/schema\/logo\/image\/\"}},{\"@type\":\"Person\",\"@id\":\"https:\/\/www.facture.net\/blog\/#\/schema\/person\/33c0ef04707fbe50a096f282050bb5f2\",\"name\":\"Laura Michaud\",\"image\":{\"@type\":\"ImageObject\",\"inLanguage\":\"fr-FR\",\"@id\":\"https:\/\/www.facture.net\/blog\/#\/schema\/person\/image\/\",\"url\":\"https:\/\/secure.gravatar.com\/avatar\/c3328cc0c887f98cec6b2979af3311ab6333fc7cc2d4847514cfec6a56fa08a7?s=96&d=mm&r=g\",\"contentUrl\":\"https:\/\/secure.gravatar.com\/avatar\/c3328cc0c887f98cec6b2979af3311ab6333fc7cc2d4847514cfec6a56fa08a7?s=96&d=mm&r=g\",\"caption\":\"Laura Michaud\"},\"description\":\"Laura connait tous les meilleurs outils pour g\u00e9rer des projets et une entreprise. Cr\u00e9ative, c'est aussi une sp\u00e9cialiste des outils de cr\u00e9ation graphique pour faire briller une entreprise.\",\"sameAs\":[\"https:\/\/www.linkedin.com\/in\/michaudlaura\/\"],\"url\":\"https:\/\/www.facture.net\/blog\/author\/laura\/\"}]}<\/script>\n<!-- \/ Yoast SEO plugin. -->","yoast_head_json":{"title":"Auto-entreprise&nbsp;: comment changer la p\u00e9riodicit\u00e9 de la d\u00e9claration&nbsp;?","description":"Lors de la cr\u00e9ation de votre micro-entreprise (anciennement auto-entreprise), vous avez s\u00e9lectionn\u00e9 une p\u00e9riodicit\u00e9 pour d\u00e9clarer votre chiffre d'affaires","robots":{"index":"index","follow":"follow","max-snippet":"max-snippet:-1","max-image-preview":"max-image-preview:large","max-video-preview":"max-video-preview:-1"},"canonical":"https:\/\/www.facture.net\/blog\/auto-entreprise-comment-changer-la-periodicite-de-la-declaration\/","og_locale":"fr_FR","og_type":"article","og_title":"Auto-entreprise&nbsp;: comment changer la p\u00e9riodicit\u00e9 de la d\u00e9claration&nbsp;?","og_description":"Lors de la cr\u00e9ation de votre micro-entreprise (anciennement auto-entreprise), vous avez s\u00e9lectionn\u00e9 une p\u00e9riodicit\u00e9 pour d\u00e9clarer votre chiffre d'affaires","og_url":"https:\/\/www.facture.net\/blog\/auto-entreprise-comment-changer-la-periodicite-de-la-declaration\/","og_site_name":"Facture.net","article_published_time":"2026-03-17T09:30:00+00:00","og_image":[{"width":1200,"height":675,"url":"https:\/\/www.facture.net\/blog\/wp-content\/uploads\/sites\/3\/2025\/01\/periodicite-declaration-urssaf.jpg","type":"image\/jpeg"}],"author":"Laura Michaud","twitter_card":"summary_large_image","twitter_misc":{"\u00c9crit par":"Laura Michaud","Dur\u00e9e de lecture estim\u00e9e":"8 minutes"},"schema":{"@context":"https:\/\/schema.org","@graph":[{"@type":"Article","@id":"https:\/\/www.facture.net\/blog\/auto-entreprise-comment-changer-la-periodicite-de-la-declaration\/#article","isPartOf":{"@id":"https:\/\/www.facture.net\/blog\/auto-entreprise-comment-changer-la-periodicite-de-la-declaration\/"},"author":{"name":"Laura Michaud","@id":"https:\/\/www.facture.net\/blog\/#\/schema\/person\/33c0ef04707fbe50a096f282050bb5f2"},"headline":"Auto-entreprise&nbsp;: comment changer la p\u00e9riodicit\u00e9 de la d\u00e9claration&nbsp;?","datePublished":"2026-03-17T09:30:00+00:00","mainEntityOfPage":{"@id":"https:\/\/www.facture.net\/blog\/auto-entreprise-comment-changer-la-periodicite-de-la-declaration\/"},"wordCount":1705,"publisher":{"@id":"https:\/\/www.facture.net\/blog\/#organization"},"image":{"@id":"https:\/\/www.facture.net\/blog\/auto-entreprise-comment-changer-la-periodicite-de-la-declaration\/#primaryimage"},"thumbnailUrl":"https:\/\/www.facture.net\/blog\/wp-content\/uploads\/sites\/3\/2025\/01\/periodicite-declaration-urssaf.jpg","articleSection":["Fiscalit\u00e9"],"inLanguage":"fr-FR"},{"@type":"WebPage","@id":"https:\/\/www.facture.net\/blog\/auto-entreprise-comment-changer-la-periodicite-de-la-declaration\/","url":"https:\/\/www.facture.net\/blog\/auto-entreprise-comment-changer-la-periodicite-de-la-declaration\/","name":"Auto-entreprise&nbsp;: comment changer la p\u00e9riodicit\u00e9 de la d\u00e9claration&nbsp;?","isPartOf":{"@id":"https:\/\/www.facture.net\/blog\/#website"},"primaryImageOfPage":{"@id":"https:\/\/www.facture.net\/blog\/auto-entreprise-comment-changer-la-periodicite-de-la-declaration\/#primaryimage"},"image":{"@id":"https:\/\/www.facture.net\/blog\/auto-entreprise-comment-changer-la-periodicite-de-la-declaration\/#primaryimage"},"thumbnailUrl":"https:\/\/www.facture.net\/blog\/wp-content\/uploads\/sites\/3\/2025\/01\/periodicite-declaration-urssaf.jpg","datePublished":"2026-03-17T09:30:00+00:00","description":"Lors de la cr\u00e9ation de votre micro-entreprise (anciennement auto-entreprise), vous avez s\u00e9lectionn\u00e9 une p\u00e9riodicit\u00e9 pour d\u00e9clarer votre chiffre d'affaires","breadcrumb":{"@id":"https:\/\/www.facture.net\/blog\/auto-entreprise-comment-changer-la-periodicite-de-la-declaration\/#breadcrumb"},"inLanguage":"fr-FR","potentialAction":[{"@type":"ReadAction","target":["https:\/\/www.facture.net\/blog\/auto-entreprise-comment-changer-la-periodicite-de-la-declaration\/"]}]},{"@type":"ImageObject","inLanguage":"fr-FR","@id":"https:\/\/www.facture.net\/blog\/auto-entreprise-comment-changer-la-periodicite-de-la-declaration\/#primaryimage","url":"https:\/\/www.facture.net\/blog\/wp-content\/uploads\/sites\/3\/2025\/01\/periodicite-declaration-urssaf.jpg","contentUrl":"https:\/\/www.facture.net\/blog\/wp-content\/uploads\/sites\/3\/2025\/01\/periodicite-declaration-urssaf.jpg","width":1200,"height":675,"caption":"changer p\u00e9riodicit\u00e9 urssaf"},{"@type":"BreadcrumbList","@id":"https:\/\/www.facture.net\/blog\/auto-entreprise-comment-changer-la-periodicite-de-la-declaration\/#breadcrumb","itemListElement":[{"@type":"ListItem","position":1,"name":"Blog","item":"https:\/\/www.facture.net\/blog\/"},{"@type":"ListItem","position":2,"name":"Comptabilit\u00e9","item":"https:\/\/www.facture.net\/blog\/comptabilite\/"},{"@type":"ListItem","position":3,"name":"Fiscalit\u00e9","item":"https:\/\/www.facture.net\/blog\/comptabilite\/fiscalite\/"},{"@type":"ListItem","position":4,"name":"Auto-entreprise&nbsp;: comment changer la p\u00e9riodicit\u00e9 de la d\u00e9claration&nbsp;?"}]},{"@type":"WebSite","@id":"https:\/\/www.facture.net\/blog\/#website","url":"https:\/\/www.facture.net\/blog\/","name":"Facture.net","description":"facture","publisher":{"@id":"https:\/\/www.facture.net\/blog\/#organization"},"potentialAction":[{"@type":"SearchAction","target":{"@type":"EntryPoint","urlTemplate":"https:\/\/www.facture.net\/blog\/?s={search_term_string}"},"query-input":{"@type":"PropertyValueSpecification","valueRequired":true,"valueName":"search_term_string"}}],"inLanguage":"fr-FR"},{"@type":"Organization","@id":"https:\/\/www.facture.net\/blog\/#organization","name":"Facture.net","url":"https:\/\/www.facture.net\/blog\/","logo":{"@type":"ImageObject","inLanguage":"fr-FR","@id":"https:\/\/www.facture.net\/blog\/#\/schema\/logo\/image\/","url":"https:\/\/www.facture.net\/blog\/wp-content\/uploads\/sites\/3\/2022\/07\/logo-facture.svg","contentUrl":"https:\/\/www.facture.net\/blog\/wp-content\/uploads\/sites\/3\/2022\/07\/logo-facture.svg","width":1,"height":1,"caption":"Facture.net"},"image":{"@id":"https:\/\/www.facture.net\/blog\/#\/schema\/logo\/image\/"}},{"@type":"Person","@id":"https:\/\/www.facture.net\/blog\/#\/schema\/person\/33c0ef04707fbe50a096f282050bb5f2","name":"Laura Michaud","image":{"@type":"ImageObject","inLanguage":"fr-FR","@id":"https:\/\/www.facture.net\/blog\/#\/schema\/person\/image\/","url":"https:\/\/secure.gravatar.com\/avatar\/c3328cc0c887f98cec6b2979af3311ab6333fc7cc2d4847514cfec6a56fa08a7?s=96&d=mm&r=g","contentUrl":"https:\/\/secure.gravatar.com\/avatar\/c3328cc0c887f98cec6b2979af3311ab6333fc7cc2d4847514cfec6a56fa08a7?s=96&d=mm&r=g","caption":"Laura Michaud"},"description":"Laura connait tous les meilleurs outils pour g\u00e9rer des projets et une entreprise. Cr\u00e9ative, c'est aussi une sp\u00e9cialiste des outils de cr\u00e9ation graphique pour faire briller une entreprise.","sameAs":["https:\/\/www.linkedin.com\/in\/michaudlaura\/"],"url":"https:\/\/www.facture.net\/blog\/author\/laura\/"}]}},"_links":{"self":[{"href":"https:\/\/www.facture.net\/blog\/wp-json\/wp\/v2\/posts\/5186","targetHints":{"allow":["GET"]}}],"collection":[{"href":"https:\/\/www.facture.net\/blog\/wp-json\/wp\/v2\/posts"}],"about":[{"href":"https:\/\/www.facture.net\/blog\/wp-json\/wp\/v2\/types\/post"}],"author":[{"embeddable":true,"href":"https:\/\/www.facture.net\/blog\/wp-json\/wp\/v2\/users\/1"}],"replies":[{"embeddable":true,"href":"https:\/\/www.facture.net\/blog\/wp-json\/wp\/v2\/comments?post=5186"}],"version-history":[{"count":0,"href":"https:\/\/www.facture.net\/blog\/wp-json\/wp\/v2\/posts\/5186\/revisions"}],"wp:featuredmedia":[{"embeddable":true,"href":"https:\/\/www.facture.net\/blog\/wp-json\/wp\/v2\/media\/10319"}],"wp:attachment":[{"href":"https:\/\/www.facture.net\/blog\/wp-json\/wp\/v2\/media?parent=5186"}],"wp:term":[{"taxonomy":"category","embeddable":true,"href":"https:\/\/www.facture.net\/blog\/wp-json\/wp\/v2\/categories?post=5186"},{"taxonomy":"post_tag","embeddable":true,"href":"https:\/\/www.facture.net\/blog\/wp-json\/wp\/v2\/tags?post=5186"}],"curies":[{"name":"wp","href":"https:\/\/api.w.org\/{rel}","templated":true}]}}