{"id":490,"date":"2018-10-18T10:30:02","date_gmt":"2018-10-18T08:30:02","guid":{"rendered":"https:\/\/www.facture.net\/blog\/?p=490"},"modified":"2025-08-21T09:42:40","modified_gmt":"2025-08-21T07:42:40","slug":"conditions-generales-vente-obligations","status":"publish","type":"post","link":"https:\/\/www.facture.net\/blog\/conditions-generales-vente-obligations\/","title":{"rendered":"Conditions g\u00e9n\u00e9rales de vente&nbsp;: quelles sont vos obligations&nbsp;?"},"content":{"rendered":"<p>Obligatoires pour les transactions entre professionnels et les sites d&#8217;e-commerce les conditions g\u00e9n\u00e9rales d\u00e9finissent les accords de la transaction et les modalit\u00e9s de transfert de propri\u00e9t\u00e9.<\/p>\n<p>Certaines mentions doivent imp\u00e9rativement y figurer.<\/p>\n<h2>Conditions g\u00e9n\u00e9rales&nbsp;: quelles sont les obligations de l&#8217;entreprise\u00a0?<\/h2>\n<p>Utiles en cas de conflit, les conditions g\u00e9n\u00e9rales prot\u00e8gent le vendeur comme le client. Elles d\u00e9terminent le cadre dans lequel se tient la transaction entre le vendeur et l&#8217;acheteur.<\/p>\n<p>Selon sa situation, l&#8217;entrepreneur est tenu de&nbsp;:<\/p>\n<h4>R\u00e9diger des conditions g\u00e9n\u00e9rales<\/h4>\n<p>Les entreprises doivent avoir d\u00e9fini leurs conditions g\u00e9n\u00e9rales. Celles-ci peuvent \u00eatre r\u00e9dig\u00e9es par un avocat ou inspir\u00e9es d&#8217;un <a href=\"https:\/\/www.entreprises.cci-paris-idf.fr\/web\/reglementation\/contrats-modeles\/commerciaux\/conditions-generales-de-vente-entre-professionnels\" target=\"_blank\" rel=\"noopener noreferrer\">mod\u00e8le type de conditions g\u00e9n\u00e9rales<\/a>.<\/p>\n<p>Les professionnels exer\u00e7ant une activit\u00e9 lib\u00e9rale ou travaillant sur devis ne sont pas soumis \u00e0 cette obligation.<\/p>\n<h4>Communiquer les conditions g\u00e9n\u00e9rales<\/h4>\n<p>Selon l&#8217;application de l&#8217;article L442-6 I9e du code du commerce, les clients peuvent \u00e0 tout moment demander les conditions g\u00e9n\u00e9rales de vente. Le vendeur est tenu de les pr\u00e9senter soit en les int\u00e9grant directement sur son site, soit en les joignant au contrat de vente ou de service, soit par tous moyens qu&#8217;il jugera utiles&nbsp;: email, courrier\u2026<\/p>\n<h2>Les mentions obligatoires dans les conditions g\u00e9n\u00e9rales de vente<\/h2>\n<p>La liste des \u00e9l\u00e9ments faisant partie des conditions g\u00e9n\u00e9rales peut \u00eatre plus ou moins longue selon le type de votre activit\u00e9 ou votre besoin d&#8217;encadrer vos transactions.<\/p>\n<p>Les mentions obligatoires qui doivent appara\u00eetre au sein de vos conditions g\u00e9n\u00e9rales sont les suivantes&nbsp;:<\/p>\n<ul>\n<li>Les conditions de vente&nbsp;: elles doivent contenir toutes les \u00e9tapes n\u00e9cessaires au transfert de propri\u00e9t\u00e9 du vendeur vers l&#8217;acheteur (les conditions et d\u00e9lais de livraison, annulation de commande, retour des marchandises\u2026)<\/li>\n<li>Les prix&nbsp;: les bar\u00e8mes appliqu\u00e9s et, dans le cas de lots, les prix unitaires<\/li>\n<li>Les modalit\u00e9s et <a href=\"https:\/\/www.facture.net\/blog\/retard-de-paiement-facture\/\" target=\"_blank\" rel=\"noopener noreferrer\">d\u00e9lais de paiement<\/a>, ainsi que <a href=\"https:\/\/www.facture.net\/blog\/mauvais-payeurs-calcul-penalites-retard\/\">l&#8217;indemnit\u00e9 forfaitaire pour frais de recouvrement<\/a><\/li>\n<li>Les conditions et le <a href=\"https:\/\/www.facture.net\/blog\/devis-signe-revenir-sur-son-accord\/\" target=\"_blank\" rel=\"noopener noreferrer\">d\u00e9lai de r\u00e9traction<\/a><\/li>\n<li>Les offres commerciales<\/li>\n<li>Les descriptifs des produits et services<\/li>\n<li>La <a href=\"https:\/\/www.facture.net\/blog\/duree-validite-devis\/\">dur\u00e9e de validit\u00e9 de l&#8217;offre<\/a><\/li>\n<li>Les mentions li\u00e9es \u00e0 la confidentialit\u00e9 des donn\u00e9es \u00e0 caract\u00e8re personnel<\/li>\n<li>Les garanties en cas de produits d\u00e9fectueux ou de service ne r\u00e9pondant pas aux crit\u00e8res de vente<\/li>\n<li>Le droit au recours \u00e0 un m\u00e9diateur en cas de litige<\/li>\n<\/ul>\n<h2>Pas de conditions g\u00e9n\u00e9rales&nbsp;: quels risques pour l&#8217;entrepreneur\u00a0?<\/h2>\n<p>Si l&#8217;entreprise ne r\u00e9pond pas \u00e0 ses obligations de communication de ses conditions g\u00e9n\u00e9rales envers ses clients demandeurs, il encourt&nbsp;:<\/p>\n<ul>\n<li>Des sanctions civiles par le biais d&#8217;une amende plafonn\u00e9e \u00e0 2 millions d&#8217;euros<\/li>\n<li>Une amende administrative plafonn\u00e9e \u00e0 75 000 \u20ac pour une personne physique et 375 000 \u20ac pour une personne morale.<\/li>\n<\/ul>\n<blockquote><p>En cas de r\u00e9cidive dans un d\u00e9lai inf\u00e9rieur \u00e0 2 ans, les amendes pourront \u00eatre doubl\u00e9es&nbsp;!<\/p><\/blockquote>\n<p>Les entreprises dont les produits et services s&#8217;adressent \u00e0 plusieurs types de client\u00e8le pourront \u00e9tablir des conditions g\u00e9n\u00e9rales sp\u00e9cifiques \u00e0 chaque cat\u00e9gorie. Dans tous les cas, c&#8217;est \u00e0 elles de fournir la preuve que leurs clients ont bien \u00e9t\u00e9 inform\u00e9s des conditions g\u00e9n\u00e9rales avant leur achat.<\/p>\n","protected":false},"excerpt":{"rendered":"<p>Obligatoires pour les transactions entre professionnels et les sites d&#8217;e-commerce les conditions g\u00e9n\u00e9rales d\u00e9finissent les accords de la transaction et les modalit\u00e9s de transfert de propri\u00e9t\u00e9. Certaines mentions doivent imp\u00e9rativement y figurer. Conditions g\u00e9n\u00e9rales&nbsp;: quelles sont les obligations de l&#8217;entreprise\u00a0? Utiles en cas de conflit, les conditions g\u00e9n\u00e9rales prot\u00e8gent le vendeur comme le client. Elles [&hellip;]<\/p>\n","protected":false},"author":1,"featured_media":2279,"comment_status":"open","ping_status":"open","sticky":false,"template":"","format":"standard","meta":{"_acf_changed":false,"inline_featured_image":false,"footnotes":""},"categories":[8],"tags":[],"class_list":["post-490","post","type-post","status-publish","format-standard","has-post-thumbnail","hentry","category-juridique"],"acf":[],"yoast_head":"<!-- This site is optimized with the Yoast SEO plugin v25.9 - https:\/\/yoast.com\/wordpress\/plugins\/seo\/ -->\n<title>Conditions g\u00e9n\u00e9rales de vente&nbsp;: quelles sont vos obligations&nbsp;?<\/title>\n<meta name=\"description\" content=\"Obligatoires pour les transactions entre professionnels et les sites d&#039;e-commerce les conditions g\u00e9n\u00e9rales d\u00e9finissent les accords de la transaction et\" \/>\n<meta name=\"robots\" content=\"index, follow, max-snippet:-1, max-image-preview:large, max-video-preview:-1\" \/>\n<link rel=\"canonical\" href=\"https:\/\/www.facture.net\/blog\/conditions-generales-vente-obligations\/\" \/>\n<meta property=\"og:locale\" content=\"fr_FR\" \/>\n<meta property=\"og:type\" content=\"article\" \/>\n<meta property=\"og:title\" content=\"Conditions g\u00e9n\u00e9rales de vente&nbsp;: quelles sont vos obligations&nbsp;?\" \/>\n<meta property=\"og:description\" content=\"Obligatoires pour les transactions entre professionnels et les sites d&#039;e-commerce les conditions g\u00e9n\u00e9rales d\u00e9finissent les accords de la transaction et\" \/>\n<meta property=\"og:url\" content=\"https:\/\/www.facture.net\/blog\/conditions-generales-vente-obligations\/\" \/>\n<meta property=\"og:site_name\" content=\"Facture.net\" \/>\n<meta property=\"article:published_time\" content=\"2018-10-18T08:30:02+00:00\" \/>\n<meta property=\"article:modified_time\" content=\"2025-08-21T07:42:40+00:00\" \/>\n<meta property=\"og:image\" content=\"https:\/\/www.facture.net\/blog\/wp-content\/uploads\/sites\/3\/2018\/10\/cgv-1.jpg\" \/>\n\t<meta property=\"og:image:width\" content=\"1024\" \/>\n\t<meta property=\"og:image:height\" content=\"618\" \/>\n\t<meta property=\"og:image:type\" content=\"image\/jpeg\" \/>\n<meta name=\"author\" content=\"Laura Michaud\" \/>\n<meta name=\"twitter:card\" content=\"summary_large_image\" \/>\n<meta name=\"twitter:label1\" content=\"\u00c9crit par\" \/>\n\t<meta name=\"twitter:data1\" content=\"Laura Michaud\" \/>\n\t<meta name=\"twitter:label2\" content=\"Dur\u00e9e de lecture estim\u00e9e\" \/>\n\t<meta name=\"twitter:data2\" content=\"3 minutes\" \/>\n<script type=\"application\/ld+json\" class=\"yoast-schema-graph\">{\"@context\":\"https:\/\/schema.org\",\"@graph\":[{\"@type\":\"Article\",\"@id\":\"https:\/\/www.facture.net\/blog\/conditions-generales-vente-obligations\/#article\",\"isPartOf\":{\"@id\":\"https:\/\/www.facture.net\/blog\/conditions-generales-vente-obligations\/\"},\"author\":{\"name\":\"Laura Michaud\",\"@id\":\"https:\/\/www.facture.net\/blog\/#\/schema\/person\/33c0ef04707fbe50a096f282050bb5f2\"},\"headline\":\"Conditions g\u00e9n\u00e9rales de vente&nbsp;: quelles sont vos obligations&nbsp;?\",\"datePublished\":\"2018-10-18T08:30:02+00:00\",\"dateModified\":\"2025-08-21T07:42:40+00:00\",\"mainEntityOfPage\":{\"@id\":\"https:\/\/www.facture.net\/blog\/conditions-generales-vente-obligations\/\"},\"wordCount\":563,\"commentCount\":0,\"publisher\":{\"@id\":\"https:\/\/www.facture.net\/blog\/#organization\"},\"image\":{\"@id\":\"https:\/\/www.facture.net\/blog\/conditions-generales-vente-obligations\/#primaryimage\"},\"thumbnailUrl\":\"https:\/\/www.facture.net\/blog\/wp-content\/uploads\/sites\/3\/2018\/10\/cgv-1.jpg\",\"articleSection\":[\"Juridique\"],\"inLanguage\":\"fr-FR\",\"potentialAction\":[{\"@type\":\"CommentAction\",\"name\":\"Comment\",\"target\":[\"https:\/\/www.facture.net\/blog\/conditions-generales-vente-obligations\/#respond\"]}]},{\"@type\":\"WebPage\",\"@id\":\"https:\/\/www.facture.net\/blog\/conditions-generales-vente-obligations\/\",\"url\":\"https:\/\/www.facture.net\/blog\/conditions-generales-vente-obligations\/\",\"name\":\"Conditions g\u00e9n\u00e9rales de vente&nbsp;: quelles sont vos obligations&nbsp;?\",\"isPartOf\":{\"@id\":\"https:\/\/www.facture.net\/blog\/#website\"},\"primaryImageOfPage\":{\"@id\":\"https:\/\/www.facture.net\/blog\/conditions-generales-vente-obligations\/#primaryimage\"},\"image\":{\"@id\":\"https:\/\/www.facture.net\/blog\/conditions-generales-vente-obligations\/#primaryimage\"},\"thumbnailUrl\":\"https:\/\/www.facture.net\/blog\/wp-content\/uploads\/sites\/3\/2018\/10\/cgv-1.jpg\",\"datePublished\":\"2018-10-18T08:30:02+00:00\",\"dateModified\":\"2025-08-21T07:42:40+00:00\",\"description\":\"Obligatoires pour les transactions entre professionnels et les sites d'e-commerce les conditions g\u00e9n\u00e9rales d\u00e9finissent les accords de la transaction et\",\"breadcrumb\":{\"@id\":\"https:\/\/www.facture.net\/blog\/conditions-generales-vente-obligations\/#breadcrumb\"},\"inLanguage\":\"fr-FR\",\"potentialAction\":[{\"@type\":\"ReadAction\",\"target\":[\"https:\/\/www.facture.net\/blog\/conditions-generales-vente-obligations\/\"]}]},{\"@type\":\"ImageObject\",\"inLanguage\":\"fr-FR\",\"@id\":\"https:\/\/www.facture.net\/blog\/conditions-generales-vente-obligations\/#primaryimage\",\"url\":\"https:\/\/www.facture.net\/blog\/wp-content\/uploads\/sites\/3\/2018\/10\/cgv-1.jpg\",\"contentUrl\":\"https:\/\/www.facture.net\/blog\/wp-content\/uploads\/sites\/3\/2018\/10\/cgv-1.jpg\",\"width\":1024,\"height\":618,\"caption\":\"CGV\"},{\"@type\":\"BreadcrumbList\",\"@id\":\"https:\/\/www.facture.net\/blog\/conditions-generales-vente-obligations\/#breadcrumb\",\"itemListElement\":[{\"@type\":\"ListItem\",\"position\":1,\"name\":\"Blog\",\"item\":\"https:\/\/www.facture.net\/blog\/\"},{\"@type\":\"ListItem\",\"position\":2,\"name\":\"Entrepreneuriat\",\"item\":\"https:\/\/www.facture.net\/blog\/entrepreneuriat\/\"},{\"@type\":\"ListItem\",\"position\":3,\"name\":\"Juridique\",\"item\":\"https:\/\/www.facture.net\/blog\/entrepreneuriat\/juridique\/\"},{\"@type\":\"ListItem\",\"position\":4,\"name\":\"Conditions g\u00e9n\u00e9rales de vente&nbsp;: quelles sont vos obligations&nbsp;?\"}]},{\"@type\":\"WebSite\",\"@id\":\"https:\/\/www.facture.net\/blog\/#website\",\"url\":\"https:\/\/www.facture.net\/blog\/\",\"name\":\"Facture.net\",\"description\":\"facture\",\"publisher\":{\"@id\":\"https:\/\/www.facture.net\/blog\/#organization\"},\"potentialAction\":[{\"@type\":\"SearchAction\",\"target\":{\"@type\":\"EntryPoint\",\"urlTemplate\":\"https:\/\/www.facture.net\/blog\/?s={search_term_string}\"},\"query-input\":{\"@type\":\"PropertyValueSpecification\",\"valueRequired\":true,\"valueName\":\"search_term_string\"}}],\"inLanguage\":\"fr-FR\"},{\"@type\":\"Organization\",\"@id\":\"https:\/\/www.facture.net\/blog\/#organization\",\"name\":\"Facture.net\",\"url\":\"https:\/\/www.facture.net\/blog\/\",\"logo\":{\"@type\":\"ImageObject\",\"inLanguage\":\"fr-FR\",\"@id\":\"https:\/\/www.facture.net\/blog\/#\/schema\/logo\/image\/\",\"url\":\"https:\/\/www.facture.net\/blog\/wp-content\/uploads\/sites\/3\/2022\/07\/logo-facture.svg\",\"contentUrl\":\"https:\/\/www.facture.net\/blog\/wp-content\/uploads\/sites\/3\/2022\/07\/logo-facture.svg\",\"width\":1,\"height\":1,\"caption\":\"Facture.net\"},\"image\":{\"@id\":\"https:\/\/www.facture.net\/blog\/#\/schema\/logo\/image\/\"}},{\"@type\":\"Person\",\"@id\":\"https:\/\/www.facture.net\/blog\/#\/schema\/person\/33c0ef04707fbe50a096f282050bb5f2\",\"name\":\"Laura Michaud\",\"image\":{\"@type\":\"ImageObject\",\"inLanguage\":\"fr-FR\",\"@id\":\"https:\/\/www.facture.net\/blog\/#\/schema\/person\/image\/\",\"url\":\"https:\/\/secure.gravatar.com\/avatar\/c3328cc0c887f98cec6b2979af3311ab6333fc7cc2d4847514cfec6a56fa08a7?s=96&d=mm&r=g\",\"contentUrl\":\"https:\/\/secure.gravatar.com\/avatar\/c3328cc0c887f98cec6b2979af3311ab6333fc7cc2d4847514cfec6a56fa08a7?s=96&d=mm&r=g\",\"caption\":\"Laura Michaud\"},\"description\":\"Laura connait tous les meilleurs outils pour g\u00e9rer des projets et une entreprise. Cr\u00e9ative, c'est aussi une sp\u00e9cialiste des outils de cr\u00e9ation graphique pour faire briller une entreprise.\",\"sameAs\":[\"https:\/\/www.linkedin.com\/in\/michaudlaura\/\"],\"url\":\"https:\/\/www.facture.net\/blog\/author\/laura\/\"}]}<\/script>\n<!-- \/ Yoast SEO plugin. -->","yoast_head_json":{"title":"Conditions g\u00e9n\u00e9rales de vente&nbsp;: quelles sont vos obligations&nbsp;?","description":"Obligatoires pour les transactions entre professionnels et les sites d'e-commerce les conditions g\u00e9n\u00e9rales d\u00e9finissent les accords de la transaction et","robots":{"index":"index","follow":"follow","max-snippet":"max-snippet:-1","max-image-preview":"max-image-preview:large","max-video-preview":"max-video-preview:-1"},"canonical":"https:\/\/www.facture.net\/blog\/conditions-generales-vente-obligations\/","og_locale":"fr_FR","og_type":"article","og_title":"Conditions g\u00e9n\u00e9rales de vente&nbsp;: quelles sont vos obligations&nbsp;?","og_description":"Obligatoires pour les transactions entre professionnels et les sites d'e-commerce les conditions g\u00e9n\u00e9rales d\u00e9finissent les accords de la transaction et","og_url":"https:\/\/www.facture.net\/blog\/conditions-generales-vente-obligations\/","og_site_name":"Facture.net","article_published_time":"2018-10-18T08:30:02+00:00","article_modified_time":"2025-08-21T07:42:40+00:00","og_image":[{"width":1024,"height":618,"url":"https:\/\/www.facture.net\/blog\/wp-content\/uploads\/sites\/3\/2018\/10\/cgv-1.jpg","type":"image\/jpeg"}],"author":"Laura Michaud","twitter_card":"summary_large_image","twitter_misc":{"\u00c9crit par":"Laura Michaud","Dur\u00e9e de lecture estim\u00e9e":"3 minutes"},"schema":{"@context":"https:\/\/schema.org","@graph":[{"@type":"Article","@id":"https:\/\/www.facture.net\/blog\/conditions-generales-vente-obligations\/#article","isPartOf":{"@id":"https:\/\/www.facture.net\/blog\/conditions-generales-vente-obligations\/"},"author":{"name":"Laura Michaud","@id":"https:\/\/www.facture.net\/blog\/#\/schema\/person\/33c0ef04707fbe50a096f282050bb5f2"},"headline":"Conditions g\u00e9n\u00e9rales de vente&nbsp;: quelles sont vos obligations&nbsp;?","datePublished":"2018-10-18T08:30:02+00:00","dateModified":"2025-08-21T07:42:40+00:00","mainEntityOfPage":{"@id":"https:\/\/www.facture.net\/blog\/conditions-generales-vente-obligations\/"},"wordCount":563,"commentCount":0,"publisher":{"@id":"https:\/\/www.facture.net\/blog\/#organization"},"image":{"@id":"https:\/\/www.facture.net\/blog\/conditions-generales-vente-obligations\/#primaryimage"},"thumbnailUrl":"https:\/\/www.facture.net\/blog\/wp-content\/uploads\/sites\/3\/2018\/10\/cgv-1.jpg","articleSection":["Juridique"],"inLanguage":"fr-FR","potentialAction":[{"@type":"CommentAction","name":"Comment","target":["https:\/\/www.facture.net\/blog\/conditions-generales-vente-obligations\/#respond"]}]},{"@type":"WebPage","@id":"https:\/\/www.facture.net\/blog\/conditions-generales-vente-obligations\/","url":"https:\/\/www.facture.net\/blog\/conditions-generales-vente-obligations\/","name":"Conditions g\u00e9n\u00e9rales de vente&nbsp;: quelles sont vos obligations&nbsp;?","isPartOf":{"@id":"https:\/\/www.facture.net\/blog\/#website"},"primaryImageOfPage":{"@id":"https:\/\/www.facture.net\/blog\/conditions-generales-vente-obligations\/#primaryimage"},"image":{"@id":"https:\/\/www.facture.net\/blog\/conditions-generales-vente-obligations\/#primaryimage"},"thumbnailUrl":"https:\/\/www.facture.net\/blog\/wp-content\/uploads\/sites\/3\/2018\/10\/cgv-1.jpg","datePublished":"2018-10-18T08:30:02+00:00","dateModified":"2025-08-21T07:42:40+00:00","description":"Obligatoires pour les transactions entre professionnels et les sites d'e-commerce les conditions g\u00e9n\u00e9rales d\u00e9finissent les accords de la transaction et","breadcrumb":{"@id":"https:\/\/www.facture.net\/blog\/conditions-generales-vente-obligations\/#breadcrumb"},"inLanguage":"fr-FR","potentialAction":[{"@type":"ReadAction","target":["https:\/\/www.facture.net\/blog\/conditions-generales-vente-obligations\/"]}]},{"@type":"ImageObject","inLanguage":"fr-FR","@id":"https:\/\/www.facture.net\/blog\/conditions-generales-vente-obligations\/#primaryimage","url":"https:\/\/www.facture.net\/blog\/wp-content\/uploads\/sites\/3\/2018\/10\/cgv-1.jpg","contentUrl":"https:\/\/www.facture.net\/blog\/wp-content\/uploads\/sites\/3\/2018\/10\/cgv-1.jpg","width":1024,"height":618,"caption":"CGV"},{"@type":"BreadcrumbList","@id":"https:\/\/www.facture.net\/blog\/conditions-generales-vente-obligations\/#breadcrumb","itemListElement":[{"@type":"ListItem","position":1,"name":"Blog","item":"https:\/\/www.facture.net\/blog\/"},{"@type":"ListItem","position":2,"name":"Entrepreneuriat","item":"https:\/\/www.facture.net\/blog\/entrepreneuriat\/"},{"@type":"ListItem","position":3,"name":"Juridique","item":"https:\/\/www.facture.net\/blog\/entrepreneuriat\/juridique\/"},{"@type":"ListItem","position":4,"name":"Conditions g\u00e9n\u00e9rales de vente&nbsp;: quelles sont vos obligations&nbsp;?"}]},{"@type":"WebSite","@id":"https:\/\/www.facture.net\/blog\/#website","url":"https:\/\/www.facture.net\/blog\/","name":"Facture.net","description":"facture","publisher":{"@id":"https:\/\/www.facture.net\/blog\/#organization"},"potentialAction":[{"@type":"SearchAction","target":{"@type":"EntryPoint","urlTemplate":"https:\/\/www.facture.net\/blog\/?s={search_term_string}"},"query-input":{"@type":"PropertyValueSpecification","valueRequired":true,"valueName":"search_term_string"}}],"inLanguage":"fr-FR"},{"@type":"Organization","@id":"https:\/\/www.facture.net\/blog\/#organization","name":"Facture.net","url":"https:\/\/www.facture.net\/blog\/","logo":{"@type":"ImageObject","inLanguage":"fr-FR","@id":"https:\/\/www.facture.net\/blog\/#\/schema\/logo\/image\/","url":"https:\/\/www.facture.net\/blog\/wp-content\/uploads\/sites\/3\/2022\/07\/logo-facture.svg","contentUrl":"https:\/\/www.facture.net\/blog\/wp-content\/uploads\/sites\/3\/2022\/07\/logo-facture.svg","width":1,"height":1,"caption":"Facture.net"},"image":{"@id":"https:\/\/www.facture.net\/blog\/#\/schema\/logo\/image\/"}},{"@type":"Person","@id":"https:\/\/www.facture.net\/blog\/#\/schema\/person\/33c0ef04707fbe50a096f282050bb5f2","name":"Laura Michaud","image":{"@type":"ImageObject","inLanguage":"fr-FR","@id":"https:\/\/www.facture.net\/blog\/#\/schema\/person\/image\/","url":"https:\/\/secure.gravatar.com\/avatar\/c3328cc0c887f98cec6b2979af3311ab6333fc7cc2d4847514cfec6a56fa08a7?s=96&d=mm&r=g","contentUrl":"https:\/\/secure.gravatar.com\/avatar\/c3328cc0c887f98cec6b2979af3311ab6333fc7cc2d4847514cfec6a56fa08a7?s=96&d=mm&r=g","caption":"Laura Michaud"},"description":"Laura connait tous les meilleurs outils pour g\u00e9rer des projets et une entreprise. Cr\u00e9ative, c'est aussi une sp\u00e9cialiste des outils de cr\u00e9ation graphique pour faire briller une entreprise.","sameAs":["https:\/\/www.linkedin.com\/in\/michaudlaura\/"],"url":"https:\/\/www.facture.net\/blog\/author\/laura\/"}]}},"_links":{"self":[{"href":"https:\/\/www.facture.net\/blog\/wp-json\/wp\/v2\/posts\/490","targetHints":{"allow":["GET"]}}],"collection":[{"href":"https:\/\/www.facture.net\/blog\/wp-json\/wp\/v2\/posts"}],"about":[{"href":"https:\/\/www.facture.net\/blog\/wp-json\/wp\/v2\/types\/post"}],"author":[{"embeddable":true,"href":"https:\/\/www.facture.net\/blog\/wp-json\/wp\/v2\/users\/1"}],"replies":[{"embeddable":true,"href":"https:\/\/www.facture.net\/blog\/wp-json\/wp\/v2\/comments?post=490"}],"version-history":[{"count":0,"href":"https:\/\/www.facture.net\/blog\/wp-json\/wp\/v2\/posts\/490\/revisions"}],"wp:featuredmedia":[{"embeddable":true,"href":"https:\/\/www.facture.net\/blog\/wp-json\/wp\/v2\/media\/2279"}],"wp:attachment":[{"href":"https:\/\/www.facture.net\/blog\/wp-json\/wp\/v2\/media?parent=490"}],"wp:term":[{"taxonomy":"category","embeddable":true,"href":"https:\/\/www.facture.net\/blog\/wp-json\/wp\/v2\/categories?post=490"},{"taxonomy":"post_tag","embeddable":true,"href":"https:\/\/www.facture.net\/blog\/wp-json\/wp\/v2\/tags?post=490"}],"curies":[{"name":"wp","href":"https:\/\/api.w.org\/{rel}","templated":true}]}}