{"id":383,"date":"2025-10-28T10:32:00","date_gmt":"2025-10-28T09:32:00","guid":{"rendered":"https:\/\/www.facture.net\/blog\/?p=383"},"modified":"2025-10-28T10:32:25","modified_gmt":"2025-10-28T09:32:25","slug":"transferer-siege-social-entreprise","status":"publish","type":"post","link":"https:\/\/www.facture.net\/blog\/transferer-siege-social-entreprise\/","title":{"rendered":"Comment transf\u00e9rer le si\u00e8ge social d\u2019une entreprise&nbsp;?"},"content":{"rendered":"\n<p>Le transfert du si\u00e8ge social d\u2019une entreprise est une d\u00e9marche courante lorsque l\u2019entreprise se d\u00e9veloppe et que ses locaux deviennent trop petits. Ce d\u00e9m\u00e9nagement n\u00e9cessite plusieurs formalit\u00e9s administratives, que vous soyez entrepreneur individuel ou dirigeant d\u2019une soci\u00e9t\u00e9. Voici les \u00e9tapes \u00e0 suivre pour effectuer cette op\u00e9ration en toute l\u00e9galit\u00e9.<\/p>\n\n\n\n<h2 class=\"wp-block-heading\">Les autorisations n\u00e9cessaires pour le changement de si\u00e8ge social<\/h2>\n\n\n\n<p>Le transfert de <a href=\"https:\/\/www.facture.net\/blog\/domiciliation-entreprise\/\" target=\"_blank\" rel=\"noopener noreferrer\">si\u00e8ge social<\/a> ne peut \u00eatre r\u00e9alis\u00e9 que si les pouvoirs d\u00e9cisionnaires de l\u2019entreprise marquent leur accord. Les conditions d\u2019acceptation diff\u00e8rent selon le <a href=\"https:\/\/www.facture.net\/blog\/comment-choisir-le-statut-juridique-de-votre-entreprise\/\">statut juridique de l\u2019entreprise<\/a>\u00a0:<\/p>\n\n\n\n<ul class=\"wp-block-list\">\n<li><strong>SARL (Soci\u00e9t\u00e9 \u00e0 Responsabilit\u00e9 Limit\u00e9e)<\/strong>&nbsp;: La d\u00e9cision appartient au g\u00e9rant, mais il doit obtenir l\u2019approbation d\u2019associ\u00e9s d\u00e9tenant au moins 50 % des parts sociales.<\/li>\n\n\n\n<li><strong>SA (Soci\u00e9t\u00e9 Anonyme)<\/strong>&nbsp;: Le transfert doit \u00eatre valid\u00e9 lors de l\u2019assembl\u00e9e g\u00e9n\u00e9rale ordinaire, et un conseil extraordinaire est n\u00e9cessaire si le nouveau si\u00e8ge est situ\u00e9 \u00e0 l\u2019\u00e9tranger.<\/li>\n\n\n\n<li><strong>SAS (Soci\u00e9t\u00e9 par Actions Simplifi\u00e9e)<\/strong>&nbsp;: Le pouvoir de d\u00e9cision est d\u00e9fini par les statuts de la soci\u00e9t\u00e9. Le pr\u00e9sident ou l\u2019organe d\u00e9cisionnaire mentionn\u00e9 dans les statuts pourra valider le transfert.<\/li>\n\n\n\n<li><strong>Soci\u00e9t\u00e9 civile<\/strong>&nbsp;: Un vote majoritaire doit avoir lieu lors d\u2019une assembl\u00e9e g\u00e9n\u00e9rale extraordinaire des associ\u00e9s.<\/li>\n<\/ul>\n\n\n\n<h2 class=\"wp-block-heading\">Les d\u00e9marches pour transf\u00e9rer le si\u00e8ge social<\/h2>\n\n\n\n<h3 class=\"wp-block-heading\">1. Publication de l\u2019avis de modification<\/h3>\n\n\n\n<p>Apr\u00e8s la validation de la d\u00e9cision par les organes comp\u00e9tents, l\u2019entreprise dispose d\u2019un mois pour publier un avis de modification dans un journal d\u2019annonces l\u00e9gales. Le nombre d\u2019annonces d\u00e9pend de la situation g\u00e9ographique du nouveau si\u00e8ge&nbsp;:<\/p>\n\n\n\n<ul class=\"wp-block-list\">\n<li><strong>Un seul avis<\/strong>&nbsp;: Si la nouvelle adresse reste dans la m\u00eame zone g\u00e9ographique que l\u2019ancienne.<\/li>\n\n\n\n<li><strong>Deux avis<\/strong>&nbsp;: Si le nouveau si\u00e8ge social est situ\u00e9 dans une autre zone g\u00e9ographique, n\u00e9cessitant l\u2019utilisation de deux journaux l\u00e9gaux, un pour chaque juridiction.<\/li>\n<\/ul>\n\n\n\n<h3 class=\"wp-block-heading\">2. La d\u00e9claration au CFE ou au greffe du tribunal de commerce<\/h3>\n\n\n\n<p>Pour officialiser le transfert, l\u2019acte modificatif, reprenant la d\u00e9cision du transfert, doit \u00eatre envoy\u00e9 au Centre de Formalit\u00e9s des Entreprises (CFE) ou au greffe du tribunal de commerce. Vous devrez \u00e9galement fournir les documents suivants&nbsp;:<\/p>\n\n\n\n<ul class=\"wp-block-list\">\n<li>L\u2019acte de d\u00e9cision du transfert sign\u00e9 par le repr\u00e9sentant l\u00e9gal de l\u2019entreprise.<\/li>\n\n\n\n<li>Un exemplaire des statuts de l\u2019entreprise certifi\u00e9 conforme \u00e0 l\u2019original (dat\u00e9 et sign\u00e9 par le repr\u00e9sentant l\u00e9gal).<\/li>\n\n\n\n<li>Un papier attestant de la jouissance des nouveaux locaux&nbsp;: acte de vente, contrat de bail, factures de gaz ou d\u2019\u00e9lectricit\u00e9.<\/li>\n\n\n\n<li>Une preuve de la parution de l\u2019avis (ou des avis) paru dans le journal d\u2019annonces l\u00e9gales<\/li>\n\n\n\n<li>D\u2019un document de pouvoir en original du repr\u00e9sentant l\u00e9gal si celui-ci n\u2019a pas sign\u00e9 les documents qui composent le dossier.<\/li>\n<\/ul>\n\n\n\n<p>Pour les soci\u00e9t\u00e9s civiles (SC ou SCI), <a href=\"https:\/\/www.service-public.fr\/professionnels-entreprises\/vosdroits\/R43138\" target=\"_blank\" rel=\"noopener noreferrer\">les formalit\u00e9s pour transf\u00e9rer le si\u00e8ge social d\u2019une entreprise peuvent \u00eatre r\u00e9alis\u00e9es en ligne<\/a>.<\/p>\n\n\n\n<h2 class=\"wp-block-heading\">Les d\u00e9lais et co\u00fbts li\u00e9s au transfert de si\u00e8ge social<\/h2>\n\n\n\n<p>Le transfert du si\u00e8ge social doit \u00eatre effectu\u00e9 dans un d\u00e9lai d\u2019un mois apr\u00e8s la d\u00e9cision prise par les organes comp\u00e9tents, et la mise \u00e0 jour des informations aupr\u00e8s du CFE ou du greffe doit \u00eatre faite dans les meilleurs d\u00e9lais. <\/p>\n\n\n\n<p>En termes de co\u00fbts, les frais li\u00e9s \u00e0 la publication dans un journal d\u2019annonces l\u00e9gales varient selon la localisation du si\u00e8ge, et la d\u00e9claration au greffe peut entra\u00eener des frais administratifs.<\/p>\n\n\n\n<h2 class=\"wp-block-heading\">La mise \u00e0 jour des documents officiels<\/h2>\n\n\n\n<p>Une fois le transfert effectu\u00e9, il est imp\u00e9ratif de mettre \u00e0 jour tous les documents l\u00e9gaux et administratifs de l\u2019entreprise. Cela comprend&nbsp;:<\/p>\n\n\n\n<ul class=\"wp-block-list\">\n<li>Les <a href=\"https:\/\/www.facture.net\/blog\/creation-entreprise-redaction-statuts\/\">statuts de l\u2019entreprise<\/a>,<\/li>\n\n\n\n<li>Les cartes de visite et documents commerciaux,<\/li>\n\n\n\n<li>Les contrats avec les partenaires, clients et fournisseurs,<\/li>\n\n\n\n<li>Les informations sur le site web et les profils sociaux de l&#8217;entreprise.<\/li>\n<\/ul>\n\n\n\n<h2 class=\"wp-block-heading\">Un transfert de si\u00e8ge social r\u00e9ussi<\/h2>\n\n\n\n<p>Le transfert du si\u00e8ge social est une \u00e9tape cruciale pour toute entreprise en pleine croissance. En suivant ces d\u00e9marches, vous assurerez non seulement la conformit\u00e9 l\u00e9gale de votre entreprise, mais aussi une gestion fluide de cette transition. Pensez \u00e0 bien pr\u00e9parer cette op\u00e9ration en amont pour \u00e9viter toute erreur administrative et continuer sereinement vos activit\u00e9s dans vos nouveaux locaux.<br><br><br><\/p>\n","protected":false},"excerpt":{"rendered":"<p>Le transfert du si\u00e8ge social d\u2019une entreprise est une d\u00e9marche courante lorsque l\u2019entreprise se d\u00e9veloppe et que ses locaux deviennent trop petits. Ce d\u00e9m\u00e9nagement n\u00e9cessite plusieurs formalit\u00e9s administratives, que vous soyez entrepreneur individuel ou dirigeant d\u2019une soci\u00e9t\u00e9. Voici les \u00e9tapes \u00e0 suivre pour effectuer cette op\u00e9ration en toute l\u00e9galit\u00e9. Les autorisations n\u00e9cessaires pour le changement [&hellip;]<\/p>\n","protected":false},"author":1,"featured_media":10156,"comment_status":"open","ping_status":"open","sticky":false,"template":"","format":"standard","meta":{"_acf_changed":false,"inline_featured_image":false,"footnotes":""},"categories":[8],"tags":[],"class_list":["post-383","post","type-post","status-publish","format-standard","has-post-thumbnail","hentry","category-juridique"],"acf":[],"yoast_head":"<!-- This site is optimized with the Yoast SEO plugin v25.9 - https:\/\/yoast.com\/wordpress\/plugins\/seo\/ -->\n<title>Comment transf\u00e9rer le si\u00e8ge social d\u2019une entreprise ?<\/title>\n<meta name=\"description\" content=\"Le transfert du si\u00e8ge social d\u2019une entreprise est une d\u00e9marche courante lorsque l\u2019entreprise se d\u00e9veloppe et que ses locaux deviennent trop petits. Ce\" \/>\n<meta name=\"robots\" content=\"index, follow, max-snippet:-1, max-image-preview:large, max-video-preview:-1\" \/>\n<link rel=\"canonical\" href=\"https:\/\/www.facture.net\/blog\/transferer-siege-social-entreprise\/\" \/>\n<meta property=\"og:locale\" content=\"fr_FR\" \/>\n<meta property=\"og:type\" content=\"article\" \/>\n<meta property=\"og:title\" content=\"Comment transf\u00e9rer le si\u00e8ge social d\u2019une entreprise ?\" \/>\n<meta property=\"og:description\" content=\"Le transfert du si\u00e8ge social d\u2019une entreprise est une d\u00e9marche courante lorsque l\u2019entreprise se d\u00e9veloppe et que ses locaux deviennent trop petits. Ce\" \/>\n<meta property=\"og:url\" content=\"https:\/\/www.facture.net\/blog\/transferer-siege-social-entreprise\/\" \/>\n<meta property=\"og:site_name\" content=\"Facture.net\" \/>\n<meta property=\"article:published_time\" content=\"2025-10-28T09:32:00+00:00\" \/>\n<meta property=\"article:modified_time\" content=\"2025-10-28T09:32:25+00:00\" \/>\n<meta property=\"og:image\" content=\"https:\/\/www.facture.net\/blog\/wp-content\/uploads\/sites\/3\/2025\/01\/transferer-siege-social.jpg\" \/>\n\t<meta property=\"og:image:width\" content=\"1200\" \/>\n\t<meta property=\"og:image:height\" content=\"675\" \/>\n\t<meta property=\"og:image:type\" content=\"image\/jpeg\" \/>\n<meta name=\"author\" content=\"Laura Michaud\" \/>\n<meta name=\"twitter:card\" content=\"summary_large_image\" \/>\n<meta name=\"twitter:label1\" content=\"\u00c9crit par\" \/>\n\t<meta name=\"twitter:data1\" content=\"Laura Michaud\" \/>\n\t<meta name=\"twitter:label2\" content=\"Dur\u00e9e de lecture estim\u00e9e\" \/>\n\t<meta name=\"twitter:data2\" content=\"4 minutes\" \/>\n<script type=\"application\/ld+json\" class=\"yoast-schema-graph\">{\"@context\":\"https:\/\/schema.org\",\"@graph\":[{\"@type\":\"Article\",\"@id\":\"https:\/\/www.facture.net\/blog\/transferer-siege-social-entreprise\/#article\",\"isPartOf\":{\"@id\":\"https:\/\/www.facture.net\/blog\/transferer-siege-social-entreprise\/\"},\"author\":{\"name\":\"Laura Michaud\",\"@id\":\"https:\/\/www.facture.net\/blog\/#\/schema\/person\/33c0ef04707fbe50a096f282050bb5f2\"},\"headline\":\"Comment transf\u00e9rer le si\u00e8ge social d\u2019une entreprise&nbsp;?\",\"datePublished\":\"2025-10-28T09:32:00+00:00\",\"dateModified\":\"2025-10-28T09:32:25+00:00\",\"mainEntityOfPage\":{\"@id\":\"https:\/\/www.facture.net\/blog\/transferer-siege-social-entreprise\/\"},\"wordCount\":771,\"commentCount\":0,\"publisher\":{\"@id\":\"https:\/\/www.facture.net\/blog\/#organization\"},\"image\":{\"@id\":\"https:\/\/www.facture.net\/blog\/transferer-siege-social-entreprise\/#primaryimage\"},\"thumbnailUrl\":\"https:\/\/www.facture.net\/blog\/wp-content\/uploads\/sites\/3\/2025\/01\/transferer-siege-social.jpg\",\"articleSection\":[\"Juridique\"],\"inLanguage\":\"fr-FR\",\"potentialAction\":[{\"@type\":\"CommentAction\",\"name\":\"Comment\",\"target\":[\"https:\/\/www.facture.net\/blog\/transferer-siege-social-entreprise\/#respond\"]}]},{\"@type\":\"WebPage\",\"@id\":\"https:\/\/www.facture.net\/blog\/transferer-siege-social-entreprise\/\",\"url\":\"https:\/\/www.facture.net\/blog\/transferer-siege-social-entreprise\/\",\"name\":\"Comment transf\u00e9rer le si\u00e8ge social d\u2019une entreprise ?\",\"isPartOf\":{\"@id\":\"https:\/\/www.facture.net\/blog\/#website\"},\"primaryImageOfPage\":{\"@id\":\"https:\/\/www.facture.net\/blog\/transferer-siege-social-entreprise\/#primaryimage\"},\"image\":{\"@id\":\"https:\/\/www.facture.net\/blog\/transferer-siege-social-entreprise\/#primaryimage\"},\"thumbnailUrl\":\"https:\/\/www.facture.net\/blog\/wp-content\/uploads\/sites\/3\/2025\/01\/transferer-siege-social.jpg\",\"datePublished\":\"2025-10-28T09:32:00+00:00\",\"dateModified\":\"2025-10-28T09:32:25+00:00\",\"description\":\"Le transfert du si\u00e8ge social d\u2019une entreprise est une d\u00e9marche courante lorsque l\u2019entreprise se d\u00e9veloppe et que ses locaux deviennent trop petits. Ce\",\"breadcrumb\":{\"@id\":\"https:\/\/www.facture.net\/blog\/transferer-siege-social-entreprise\/#breadcrumb\"},\"inLanguage\":\"fr-FR\",\"potentialAction\":[{\"@type\":\"ReadAction\",\"target\":[\"https:\/\/www.facture.net\/blog\/transferer-siege-social-entreprise\/\"]}]},{\"@type\":\"ImageObject\",\"inLanguage\":\"fr-FR\",\"@id\":\"https:\/\/www.facture.net\/blog\/transferer-siege-social-entreprise\/#primaryimage\",\"url\":\"https:\/\/www.facture.net\/blog\/wp-content\/uploads\/sites\/3\/2025\/01\/transferer-siege-social.jpg\",\"contentUrl\":\"https:\/\/www.facture.net\/blog\/wp-content\/uploads\/sites\/3\/2025\/01\/transferer-siege-social.jpg\",\"width\":1200,\"height\":675,\"caption\":\"transfert siege social\"},{\"@type\":\"BreadcrumbList\",\"@id\":\"https:\/\/www.facture.net\/blog\/transferer-siege-social-entreprise\/#breadcrumb\",\"itemListElement\":[{\"@type\":\"ListItem\",\"position\":1,\"name\":\"Blog\",\"item\":\"https:\/\/www.facture.net\/blog\/\"},{\"@type\":\"ListItem\",\"position\":2,\"name\":\"Entrepreneuriat\",\"item\":\"https:\/\/www.facture.net\/blog\/entrepreneuriat\/\"},{\"@type\":\"ListItem\",\"position\":3,\"name\":\"Juridique\",\"item\":\"https:\/\/www.facture.net\/blog\/entrepreneuriat\/juridique\/\"},{\"@type\":\"ListItem\",\"position\":4,\"name\":\"Comment transf\u00e9rer le si\u00e8ge social d\u2019une entreprise&nbsp;?\"}]},{\"@type\":\"WebSite\",\"@id\":\"https:\/\/www.facture.net\/blog\/#website\",\"url\":\"https:\/\/www.facture.net\/blog\/\",\"name\":\"Facture.net\",\"description\":\"facture\",\"publisher\":{\"@id\":\"https:\/\/www.facture.net\/blog\/#organization\"},\"potentialAction\":[{\"@type\":\"SearchAction\",\"target\":{\"@type\":\"EntryPoint\",\"urlTemplate\":\"https:\/\/www.facture.net\/blog\/?s={search_term_string}\"},\"query-input\":{\"@type\":\"PropertyValueSpecification\",\"valueRequired\":true,\"valueName\":\"search_term_string\"}}],\"inLanguage\":\"fr-FR\"},{\"@type\":\"Organization\",\"@id\":\"https:\/\/www.facture.net\/blog\/#organization\",\"name\":\"Facture.net\",\"url\":\"https:\/\/www.facture.net\/blog\/\",\"logo\":{\"@type\":\"ImageObject\",\"inLanguage\":\"fr-FR\",\"@id\":\"https:\/\/www.facture.net\/blog\/#\/schema\/logo\/image\/\",\"url\":\"https:\/\/www.facture.net\/blog\/wp-content\/uploads\/sites\/3\/2022\/07\/logo-facture.svg\",\"contentUrl\":\"https:\/\/www.facture.net\/blog\/wp-content\/uploads\/sites\/3\/2022\/07\/logo-facture.svg\",\"width\":1,\"height\":1,\"caption\":\"Facture.net\"},\"image\":{\"@id\":\"https:\/\/www.facture.net\/blog\/#\/schema\/logo\/image\/\"}},{\"@type\":\"Person\",\"@id\":\"https:\/\/www.facture.net\/blog\/#\/schema\/person\/33c0ef04707fbe50a096f282050bb5f2\",\"name\":\"Laura Michaud\",\"image\":{\"@type\":\"ImageObject\",\"inLanguage\":\"fr-FR\",\"@id\":\"https:\/\/www.facture.net\/blog\/#\/schema\/person\/image\/\",\"url\":\"https:\/\/secure.gravatar.com\/avatar\/c3328cc0c887f98cec6b2979af3311ab6333fc7cc2d4847514cfec6a56fa08a7?s=96&d=mm&r=g\",\"contentUrl\":\"https:\/\/secure.gravatar.com\/avatar\/c3328cc0c887f98cec6b2979af3311ab6333fc7cc2d4847514cfec6a56fa08a7?s=96&d=mm&r=g\",\"caption\":\"Laura Michaud\"},\"description\":\"Laura connait tous les meilleurs outils pour g\u00e9rer des projets et une entreprise. Cr\u00e9ative, c'est aussi une sp\u00e9cialiste des outils de cr\u00e9ation graphique pour faire briller une entreprise.\",\"sameAs\":[\"https:\/\/www.linkedin.com\/in\/michaudlaura\/\"],\"url\":\"https:\/\/www.facture.net\/blog\/author\/laura\/\"}]}<\/script>\n<!-- \/ Yoast SEO plugin. -->","yoast_head_json":{"title":"Comment transf\u00e9rer le si\u00e8ge social d\u2019une entreprise ?","description":"Le transfert du si\u00e8ge social d\u2019une entreprise est une d\u00e9marche courante lorsque l\u2019entreprise se d\u00e9veloppe et que ses locaux deviennent trop petits. Ce","robots":{"index":"index","follow":"follow","max-snippet":"max-snippet:-1","max-image-preview":"max-image-preview:large","max-video-preview":"max-video-preview:-1"},"canonical":"https:\/\/www.facture.net\/blog\/transferer-siege-social-entreprise\/","og_locale":"fr_FR","og_type":"article","og_title":"Comment transf\u00e9rer le si\u00e8ge social d\u2019une entreprise ?","og_description":"Le transfert du si\u00e8ge social d\u2019une entreprise est une d\u00e9marche courante lorsque l\u2019entreprise se d\u00e9veloppe et que ses locaux deviennent trop petits. Ce","og_url":"https:\/\/www.facture.net\/blog\/transferer-siege-social-entreprise\/","og_site_name":"Facture.net","article_published_time":"2025-10-28T09:32:00+00:00","article_modified_time":"2025-10-28T09:32:25+00:00","og_image":[{"width":1200,"height":675,"url":"https:\/\/www.facture.net\/blog\/wp-content\/uploads\/sites\/3\/2025\/01\/transferer-siege-social.jpg","type":"image\/jpeg"}],"author":"Laura Michaud","twitter_card":"summary_large_image","twitter_misc":{"\u00c9crit par":"Laura Michaud","Dur\u00e9e de lecture estim\u00e9e":"4 minutes"},"schema":{"@context":"https:\/\/schema.org","@graph":[{"@type":"Article","@id":"https:\/\/www.facture.net\/blog\/transferer-siege-social-entreprise\/#article","isPartOf":{"@id":"https:\/\/www.facture.net\/blog\/transferer-siege-social-entreprise\/"},"author":{"name":"Laura Michaud","@id":"https:\/\/www.facture.net\/blog\/#\/schema\/person\/33c0ef04707fbe50a096f282050bb5f2"},"headline":"Comment transf\u00e9rer le si\u00e8ge social d\u2019une entreprise&nbsp;?","datePublished":"2025-10-28T09:32:00+00:00","dateModified":"2025-10-28T09:32:25+00:00","mainEntityOfPage":{"@id":"https:\/\/www.facture.net\/blog\/transferer-siege-social-entreprise\/"},"wordCount":771,"commentCount":0,"publisher":{"@id":"https:\/\/www.facture.net\/blog\/#organization"},"image":{"@id":"https:\/\/www.facture.net\/blog\/transferer-siege-social-entreprise\/#primaryimage"},"thumbnailUrl":"https:\/\/www.facture.net\/blog\/wp-content\/uploads\/sites\/3\/2025\/01\/transferer-siege-social.jpg","articleSection":["Juridique"],"inLanguage":"fr-FR","potentialAction":[{"@type":"CommentAction","name":"Comment","target":["https:\/\/www.facture.net\/blog\/transferer-siege-social-entreprise\/#respond"]}]},{"@type":"WebPage","@id":"https:\/\/www.facture.net\/blog\/transferer-siege-social-entreprise\/","url":"https:\/\/www.facture.net\/blog\/transferer-siege-social-entreprise\/","name":"Comment transf\u00e9rer le si\u00e8ge social d\u2019une entreprise ?","isPartOf":{"@id":"https:\/\/www.facture.net\/blog\/#website"},"primaryImageOfPage":{"@id":"https:\/\/www.facture.net\/blog\/transferer-siege-social-entreprise\/#primaryimage"},"image":{"@id":"https:\/\/www.facture.net\/blog\/transferer-siege-social-entreprise\/#primaryimage"},"thumbnailUrl":"https:\/\/www.facture.net\/blog\/wp-content\/uploads\/sites\/3\/2025\/01\/transferer-siege-social.jpg","datePublished":"2025-10-28T09:32:00+00:00","dateModified":"2025-10-28T09:32:25+00:00","description":"Le transfert du si\u00e8ge social d\u2019une entreprise est une d\u00e9marche courante lorsque l\u2019entreprise se d\u00e9veloppe et que ses locaux deviennent trop petits. Ce","breadcrumb":{"@id":"https:\/\/www.facture.net\/blog\/transferer-siege-social-entreprise\/#breadcrumb"},"inLanguage":"fr-FR","potentialAction":[{"@type":"ReadAction","target":["https:\/\/www.facture.net\/blog\/transferer-siege-social-entreprise\/"]}]},{"@type":"ImageObject","inLanguage":"fr-FR","@id":"https:\/\/www.facture.net\/blog\/transferer-siege-social-entreprise\/#primaryimage","url":"https:\/\/www.facture.net\/blog\/wp-content\/uploads\/sites\/3\/2025\/01\/transferer-siege-social.jpg","contentUrl":"https:\/\/www.facture.net\/blog\/wp-content\/uploads\/sites\/3\/2025\/01\/transferer-siege-social.jpg","width":1200,"height":675,"caption":"transfert siege social"},{"@type":"BreadcrumbList","@id":"https:\/\/www.facture.net\/blog\/transferer-siege-social-entreprise\/#breadcrumb","itemListElement":[{"@type":"ListItem","position":1,"name":"Blog","item":"https:\/\/www.facture.net\/blog\/"},{"@type":"ListItem","position":2,"name":"Entrepreneuriat","item":"https:\/\/www.facture.net\/blog\/entrepreneuriat\/"},{"@type":"ListItem","position":3,"name":"Juridique","item":"https:\/\/www.facture.net\/blog\/entrepreneuriat\/juridique\/"},{"@type":"ListItem","position":4,"name":"Comment transf\u00e9rer le si\u00e8ge social d\u2019une entreprise&nbsp;?"}]},{"@type":"WebSite","@id":"https:\/\/www.facture.net\/blog\/#website","url":"https:\/\/www.facture.net\/blog\/","name":"Facture.net","description":"facture","publisher":{"@id":"https:\/\/www.facture.net\/blog\/#organization"},"potentialAction":[{"@type":"SearchAction","target":{"@type":"EntryPoint","urlTemplate":"https:\/\/www.facture.net\/blog\/?s={search_term_string}"},"query-input":{"@type":"PropertyValueSpecification","valueRequired":true,"valueName":"search_term_string"}}],"inLanguage":"fr-FR"},{"@type":"Organization","@id":"https:\/\/www.facture.net\/blog\/#organization","name":"Facture.net","url":"https:\/\/www.facture.net\/blog\/","logo":{"@type":"ImageObject","inLanguage":"fr-FR","@id":"https:\/\/www.facture.net\/blog\/#\/schema\/logo\/image\/","url":"https:\/\/www.facture.net\/blog\/wp-content\/uploads\/sites\/3\/2022\/07\/logo-facture.svg","contentUrl":"https:\/\/www.facture.net\/blog\/wp-content\/uploads\/sites\/3\/2022\/07\/logo-facture.svg","width":1,"height":1,"caption":"Facture.net"},"image":{"@id":"https:\/\/www.facture.net\/blog\/#\/schema\/logo\/image\/"}},{"@type":"Person","@id":"https:\/\/www.facture.net\/blog\/#\/schema\/person\/33c0ef04707fbe50a096f282050bb5f2","name":"Laura Michaud","image":{"@type":"ImageObject","inLanguage":"fr-FR","@id":"https:\/\/www.facture.net\/blog\/#\/schema\/person\/image\/","url":"https:\/\/secure.gravatar.com\/avatar\/c3328cc0c887f98cec6b2979af3311ab6333fc7cc2d4847514cfec6a56fa08a7?s=96&d=mm&r=g","contentUrl":"https:\/\/secure.gravatar.com\/avatar\/c3328cc0c887f98cec6b2979af3311ab6333fc7cc2d4847514cfec6a56fa08a7?s=96&d=mm&r=g","caption":"Laura Michaud"},"description":"Laura connait tous les meilleurs outils pour g\u00e9rer des projets et une entreprise. Cr\u00e9ative, c'est aussi une sp\u00e9cialiste des outils de cr\u00e9ation graphique pour faire briller une entreprise.","sameAs":["https:\/\/www.linkedin.com\/in\/michaudlaura\/"],"url":"https:\/\/www.facture.net\/blog\/author\/laura\/"}]}},"_links":{"self":[{"href":"https:\/\/www.facture.net\/blog\/wp-json\/wp\/v2\/posts\/383","targetHints":{"allow":["GET"]}}],"collection":[{"href":"https:\/\/www.facture.net\/blog\/wp-json\/wp\/v2\/posts"}],"about":[{"href":"https:\/\/www.facture.net\/blog\/wp-json\/wp\/v2\/types\/post"}],"author":[{"embeddable":true,"href":"https:\/\/www.facture.net\/blog\/wp-json\/wp\/v2\/users\/1"}],"replies":[{"embeddable":true,"href":"https:\/\/www.facture.net\/blog\/wp-json\/wp\/v2\/comments?post=383"}],"version-history":[{"count":0,"href":"https:\/\/www.facture.net\/blog\/wp-json\/wp\/v2\/posts\/383\/revisions"}],"wp:featuredmedia":[{"embeddable":true,"href":"https:\/\/www.facture.net\/blog\/wp-json\/wp\/v2\/media\/10156"}],"wp:attachment":[{"href":"https:\/\/www.facture.net\/blog\/wp-json\/wp\/v2\/media?parent=383"}],"wp:term":[{"taxonomy":"category","embeddable":true,"href":"https:\/\/www.facture.net\/blog\/wp-json\/wp\/v2\/categories?post=383"},{"taxonomy":"post_tag","embeddable":true,"href":"https:\/\/www.facture.net\/blog\/wp-json\/wp\/v2\/tags?post=383"}],"curies":[{"name":"wp","href":"https:\/\/api.w.org\/{rel}","templated":true}]}}