{"id":296,"date":"2018-03-29T10:30:40","date_gmt":"2018-03-29T08:30:40","guid":{"rendered":"https:\/\/www.facture.net\/blog\/?p=296"},"modified":"2025-08-21T09:42:40","modified_gmt":"2025-08-21T07:42:40","slug":"embauche-premier-salarie","status":"publish","type":"post","link":"https:\/\/www.facture.net\/blog\/embauche-premier-salarie\/","title":{"rendered":"Comment r\u00e9ussir l\u2019embauche d\u2019un premier salari\u00e9&nbsp;?"},"content":{"rendered":"<p>Engager son premier salari\u00e9 est une \u00e9tape importante pour un entrepreneur.<\/p>\n<p>Quelles sont mes obligations\u00a0? Pour quel type de contrat opter\u00a0? Combien co\u00fbte un employ\u00e9\u00a0?<\/p>\n<p>Nous vous aidons \u00e0 franchir le cap en toute s\u00e9r\u00e9nit\u00e9.<\/p>\n<h2>Bien pr\u00e9parer le recrutement<\/h2>\n<p data-start=\"30\" data-end=\"766\">Si votre entreprise affiche de bons r\u00e9sultats \u2014 nouveaux contrats, <a href=\"https:\/\/www.facture.net\/blog\/fideliser-vos-clients\/\" target=\"_blank\" rel=\"noopener noreferrer\">client\u00e8le fid\u00e9lis\u00e9e,<\/a> perspectives de croissance \u2014 il est sans doute temps de penser \u00e0 recruter pour soutenir son d\u00e9veloppement. Toutefois, l\u2019embauche de votre premier salari\u00e9 ne doit pas \u00eatre prise \u00e0 la l\u00e9g\u00e8re. Il est essentiel de r\u00e9fl\u00e9chir soigneusement aux besoins imm\u00e9diats de votre entreprise, tout en anticipant son \u00e9volution future. Quelles seront les missions de ce nouveau <a href=\"https:\/\/www.facture.net\/blog\/ameliorer-engagement-collaborateurs\/\">collaborateur<\/a>&nbsp;? Ces missions sont-elles susceptibles d\u2019\u00e9voluer avec le temps&nbsp;? De quelles comp\u00e9tences sp\u00e9cifiques avez-vous besoin pour soutenir la croissance de l\u2019entreprise&nbsp;? Autant de questions que le futur employeur devra se poser avant d\u2019entamer le processus de recrutement.<\/p>\n<p data-start=\"768\" data-end=\"836\">Avant de vous lancer, il est recommand\u00e9 de suivre plusieurs \u00e9tapes&nbsp;:<\/p>\n<ol data-start=\"838\" data-end=\"1158\">\n<li data-start=\"838\" data-end=\"944\">Cr\u00e9er une description de fonction claire et d\u00e9taill\u00e9e, qui d\u00e9finit les missions et les responsabilit\u00e9s.<\/li>\n<li data-start=\"945\" data-end=\"1034\">D\u00e9finir le profil du candidat id\u00e9al&nbsp;: comp\u00e9tences, exp\u00e9riences, qualit\u00e9s personnelles.<\/li>\n<li data-start=\"1035\" data-end=\"1158\">Se renseigner sur les salaires pratiqu\u00e9s dans le secteur pour un poste similaire afin de proposer une offre comp\u00e9titive.<\/li>\n<\/ol>\n<p data-start=\"1160\" data-end=\"1525\">Le recrutement est un engagement qui n\u00e9cessite non seulement des connaissances en gestion des ressources humaines, mais aussi une ma\u00eetrise des aspects juridiques, notamment en mati\u00e8re de droit du travail. Pour vous assurer de respecter les lois en vigueur et de proc\u00e9der correctement, faire appel \u00e0 un professionnel du recrutement peut \u00eatre une solution judicieuse.<\/p>\n<p data-start=\"1527\" data-end=\"1777\">Les agences d\u2019int\u00e9rim peuvent \u00e9galement vous accompagner dans la recherche du candidat id\u00e9al pour votre poste. En fonction de la mission, vous aurez la possibilit\u00e9 de transformer un contrat int\u00e9rimaire en CDD ou CDI \u00e0 la fin de la p\u00e9riode de mission.<\/p>\n<p data-start=\"1779\" data-end=\"1928\">Toutefois, attention&nbsp;: les agences d\u2019int\u00e9rim peuvent imposer une p\u00e9riode d\u2019engagement sous statut int\u00e9rimaire avant toute reconduction en CDI ou CDD.<\/p>\n<p data-start=\"1930\" data-end=\"2342\" data-is-last-node=\"\" data-is-only-node=\"\">Enfin, pour optimiser votre processus de recrutement, pensez \u00e0 utiliser un <strong data-start=\"2005\" data-end=\"2049\">logiciel ATS (Applicant Tracking System)<\/strong>. Ces outils permettent de centraliser les candidatures, de suivre l\u2019\u00e9volution des profils et de faciliter la gestion du recrutement. Trouvez le votre <a href=\"https:\/\/www.facture.net\/blog\/logiciel-ats\/\">logiciel ATS recrutement<\/a> pour rendre votre processus plus rapide, plus efficace et plus adapt\u00e9 aux besoins sp\u00e9cifiques de votre entreprise.<\/p>\n<h2>Les aides \u00e0 l\u2019embauche<\/h2>\n<p>Diff\u00e9rentes aides sont propos\u00e9es aux entrepreneurs de TPE ou PME qui souhaitent embaucher. Parmi elles\u00a0:<\/p>\n<ul>\n<li>L\u2019aide TPE jeunes apprentis qui s\u2019\u00e9l\u00e8ve \u00e0 1\u00a0100\u00a0\u20ac par trimestre pour l\u2019embauche d\u2019un apprenti. L\u2019aide est accord\u00e9e pour une p\u00e9riode maximale de 12 mois.<\/li>\n<li>La r\u00e9duction g\u00e9n\u00e9rale des cotisations patronales de s\u00e9curit\u00e9 sociale\u00a0qui permet de limiter les cotisations \u00e0 l\u2019assurance ch\u00f4mage dans le cas de l\u2019embauche d\u2019un salari\u00e9 pay\u00e9 au SMIC.<\/li>\n<\/ul>\n<p>De nombreuses autres <a href=\"http:\/\/www.aides-entreprises.fr\/\">aides pour embaucher<\/a> existent, renseignez-vous avant de lancer votre proc\u00e9dure de recrutement.<\/p>\n<h2>Les formalit\u00e9s administratives li\u00e9es au recrutement<\/h2>\n<p>La liste des t\u00e2ches administratives li\u00e9e \u00e0 une embauche peut para\u00eetre imposante. Rassurez-vous, si la mise en place est bien faite, les d\u00e9clarations sont plut\u00f4t rapides \u00e0 r\u00e9aliser.<\/p>\n<p>Pour engager un nouvel employ\u00e9, vous devez\u00a0:<\/p>\n<ul>\n<li>\u00c9tablir un contrat de travail<\/li>\n<li>Effectuer une d\u00e9claration pr\u00e9alable \u00e0 l\u2019embauche<\/li>\n<li>Afficher les informations g\u00e9n\u00e9rales (p\u00e9riodes de cong\u00e9s pay\u00e9s, horaires de travail, consignes de s\u00e9curit\u00e9\u2026)<\/li>\n<li>Cr\u00e9er un registre unique du personnel<\/li>\n<li>Planifier la visite m\u00e9dicale d\u2019embauche<\/li>\n<li>Demander \u00e0 votre comptable de r\u00e9aliser les bulletins de paie<\/li>\n<li>R\u00e9aliser une d\u00e9claration et payer les charges sociales li\u00e9es au nouvel employ\u00e9<\/li>\n<li>R\u00e9aliser la d\u00e9claration annuelle des donn\u00e9es sociales (DADS)<\/li>\n<\/ul>\n<p>Notez que pour <a href=\"https:\/\/www.facture.net\/blog\/embaucher-travailleur-etranger\/\" target=\"_blank\" rel=\"noopener noreferrer\">embaucher un salari\u00e9 \u00e9tranger<\/a> les formalit\u00e9s sont quelques peu diff\u00e9rentes.<\/p>\n<blockquote><p><strong>\u00c0 lire aussi&nbsp;:<\/strong><a title=\"Travail et jours f\u00e9ri\u00e9s&nbsp;: le guide\" href=\"https:\/\/www.facture.net\/blog\/travail-jours-feries\/\"> Travail et jours f\u00e9ri\u00e9s&nbsp;: le guide<\/a><\/p><\/blockquote>\n<h2>Le groupement d\u2019employeurs<\/h2>\n<p>Engager un employ\u00e9 \u00e0 plusieurs employeurs est une solution qui tend \u00e0 se g\u00e9n\u00e9raliser. Id\u00e9ale pour les TPE et PME, elle permet de s\u2019octroyer les services d\u2019un professionnel pour quelques heures ou quelques jours par mois.<\/p>\n<p>Le concept est simple, plusieurs entreprises mutualisent leurs besoins communs\u00a0: comptabilit\u00e9, RH, secr\u00e9tariat, communication et d\u00e9veloppement commercial sont les fonctions qui se pr\u00eatent le mieux \u00e0 l\u2019embauche par groupement d\u2019employeurs.<\/p>\n<p>Votre entreprise se d\u00e9veloppe\u00a0? Facture.net vous aide \u00e0 optimiser le suivi de votre cycle commercial depuis la prospection jusqu\u2019\u00e0 la facturation.<\/p>\n","protected":false},"excerpt":{"rendered":"<p>Engager son premier salari\u00e9 est une \u00e9tape importante pour un entrepreneur. Quelles sont mes obligations\u00a0? Pour quel type de contrat opter\u00a0? Combien co\u00fbte un employ\u00e9\u00a0? Nous vous aidons \u00e0 franchir le cap en toute s\u00e9r\u00e9nit\u00e9. Bien pr\u00e9parer le recrutement Si votre entreprise affiche de bons r\u00e9sultats \u2014 nouveaux contrats, client\u00e8le fid\u00e9lis\u00e9e, perspectives de croissance \u2014 [&hellip;]<\/p>\n","protected":false},"author":1,"featured_media":298,"comment_status":"open","ping_status":"open","sticky":false,"template":"","format":"standard","meta":{"_acf_changed":false,"inline_featured_image":false,"footnotes":""},"categories":[10],"tags":[],"class_list":["post-296","post","type-post","status-publish","format-standard","has-post-thumbnail","hentry","category-ressources-humaines"],"acf":[],"yoast_head":"<!-- This site is optimized with the Yoast SEO plugin v25.9 - https:\/\/yoast.com\/wordpress\/plugins\/seo\/ -->\n<title>Comment r\u00e9ussir l\u2019embauche d\u2019un premier salari\u00e9 ?<\/title>\n<meta name=\"description\" content=\"Engager son premier salari\u00e9 est une \u00e9tape importante pour un entrepreneur. Quelles sont mes obligations\u00a0? Pour quel type de contrat opter\u00a0? Combien co\u00fbte\" \/>\n<meta name=\"robots\" content=\"index, follow, max-snippet:-1, max-image-preview:large, max-video-preview:-1\" \/>\n<link rel=\"canonical\" href=\"https:\/\/www.facture.net\/blog\/embauche-premier-salarie\/\" \/>\n<meta property=\"og:locale\" content=\"fr_FR\" \/>\n<meta property=\"og:type\" content=\"article\" \/>\n<meta property=\"og:title\" content=\"Comment r\u00e9ussir l\u2019embauche d\u2019un premier salari\u00e9 ?\" \/>\n<meta property=\"og:description\" content=\"Engager son premier salari\u00e9 est une \u00e9tape importante pour un entrepreneur. Quelles sont mes obligations\u00a0? Pour quel type de contrat opter\u00a0? Combien co\u00fbte\" \/>\n<meta property=\"og:url\" content=\"https:\/\/www.facture.net\/blog\/embauche-premier-salarie\/\" \/>\n<meta property=\"og:site_name\" content=\"Facture.net\" \/>\n<meta property=\"article:published_time\" content=\"2018-03-29T08:30:40+00:00\" \/>\n<meta property=\"article:modified_time\" content=\"2025-08-21T07:42:40+00:00\" \/>\n<meta property=\"og:image\" content=\"https:\/\/www.facture.net\/blog\/wp-content\/uploads\/sites\/3\/2018\/03\/embauche-salarie-1.jpg\" \/>\n\t<meta property=\"og:image:width\" content=\"850\" \/>\n\t<meta property=\"og:image:height\" content=\"423\" \/>\n\t<meta property=\"og:image:type\" content=\"image\/jpeg\" \/>\n<meta name=\"author\" content=\"Laura Michaud\" \/>\n<meta name=\"twitter:card\" content=\"summary_large_image\" \/>\n<meta name=\"twitter:label1\" content=\"\u00c9crit par\" \/>\n\t<meta name=\"twitter:data1\" content=\"Laura Michaud\" \/>\n\t<meta name=\"twitter:label2\" content=\"Dur\u00e9e de lecture estim\u00e9e\" \/>\n\t<meta name=\"twitter:data2\" content=\"4 minutes\" \/>\n<script type=\"application\/ld+json\" class=\"yoast-schema-graph\">{\"@context\":\"https:\/\/schema.org\",\"@graph\":[{\"@type\":\"Article\",\"@id\":\"https:\/\/www.facture.net\/blog\/embauche-premier-salarie\/#article\",\"isPartOf\":{\"@id\":\"https:\/\/www.facture.net\/blog\/embauche-premier-salarie\/\"},\"author\":{\"name\":\"Laura Michaud\",\"@id\":\"https:\/\/www.facture.net\/blog\/#\/schema\/person\/33c0ef04707fbe50a096f282050bb5f2\"},\"headline\":\"Comment r\u00e9ussir l\u2019embauche d\u2019un premier salari\u00e9&nbsp;?\",\"datePublished\":\"2018-03-29T08:30:40+00:00\",\"dateModified\":\"2025-08-21T07:42:40+00:00\",\"mainEntityOfPage\":{\"@id\":\"https:\/\/www.facture.net\/blog\/embauche-premier-salarie\/\"},\"wordCount\":778,\"commentCount\":0,\"publisher\":{\"@id\":\"https:\/\/www.facture.net\/blog\/#organization\"},\"image\":{\"@id\":\"https:\/\/www.facture.net\/blog\/embauche-premier-salarie\/#primaryimage\"},\"thumbnailUrl\":\"https:\/\/www.facture.net\/blog\/wp-content\/uploads\/sites\/3\/2018\/03\/embauche-salarie-1.jpg\",\"articleSection\":[\"Ressources Humaines\"],\"inLanguage\":\"fr-FR\",\"potentialAction\":[{\"@type\":\"CommentAction\",\"name\":\"Comment\",\"target\":[\"https:\/\/www.facture.net\/blog\/embauche-premier-salarie\/#respond\"]}]},{\"@type\":\"WebPage\",\"@id\":\"https:\/\/www.facture.net\/blog\/embauche-premier-salarie\/\",\"url\":\"https:\/\/www.facture.net\/blog\/embauche-premier-salarie\/\",\"name\":\"Comment r\u00e9ussir l\u2019embauche d\u2019un premier salari\u00e9 ?\",\"isPartOf\":{\"@id\":\"https:\/\/www.facture.net\/blog\/#website\"},\"primaryImageOfPage\":{\"@id\":\"https:\/\/www.facture.net\/blog\/embauche-premier-salarie\/#primaryimage\"},\"image\":{\"@id\":\"https:\/\/www.facture.net\/blog\/embauche-premier-salarie\/#primaryimage\"},\"thumbnailUrl\":\"https:\/\/www.facture.net\/blog\/wp-content\/uploads\/sites\/3\/2018\/03\/embauche-salarie-1.jpg\",\"datePublished\":\"2018-03-29T08:30:40+00:00\",\"dateModified\":\"2025-08-21T07:42:40+00:00\",\"description\":\"Engager son premier salari\u00e9 est une \u00e9tape importante pour un entrepreneur. Quelles sont mes obligations\u00a0? Pour quel type de contrat opter\u00a0? Combien co\u00fbte\",\"breadcrumb\":{\"@id\":\"https:\/\/www.facture.net\/blog\/embauche-premier-salarie\/#breadcrumb\"},\"inLanguage\":\"fr-FR\",\"potentialAction\":[{\"@type\":\"ReadAction\",\"target\":[\"https:\/\/www.facture.net\/blog\/embauche-premier-salarie\/\"]}]},{\"@type\":\"ImageObject\",\"inLanguage\":\"fr-FR\",\"@id\":\"https:\/\/www.facture.net\/blog\/embauche-premier-salarie\/#primaryimage\",\"url\":\"https:\/\/www.facture.net\/blog\/wp-content\/uploads\/sites\/3\/2018\/03\/embauche-salarie-1.jpg\",\"contentUrl\":\"https:\/\/www.facture.net\/blog\/wp-content\/uploads\/sites\/3\/2018\/03\/embauche-salarie-1.jpg\",\"width\":850,\"height\":423,\"caption\":\"embauche d'un premier salari\u00e9\"},{\"@type\":\"BreadcrumbList\",\"@id\":\"https:\/\/www.facture.net\/blog\/embauche-premier-salarie\/#breadcrumb\",\"itemListElement\":[{\"@type\":\"ListItem\",\"position\":1,\"name\":\"Blog\",\"item\":\"https:\/\/www.facture.net\/blog\/\"},{\"@type\":\"ListItem\",\"position\":2,\"name\":\"Entrepreneuriat\",\"item\":\"https:\/\/www.facture.net\/blog\/entrepreneuriat\/\"},{\"@type\":\"ListItem\",\"position\":3,\"name\":\"Ressources Humaines\",\"item\":\"https:\/\/www.facture.net\/blog\/entrepreneuriat\/ressources-humaines\/\"},{\"@type\":\"ListItem\",\"position\":4,\"name\":\"Comment r\u00e9ussir l\u2019embauche d\u2019un premier salari\u00e9&nbsp;?\"}]},{\"@type\":\"WebSite\",\"@id\":\"https:\/\/www.facture.net\/blog\/#website\",\"url\":\"https:\/\/www.facture.net\/blog\/\",\"name\":\"Facture.net\",\"description\":\"facture\",\"publisher\":{\"@id\":\"https:\/\/www.facture.net\/blog\/#organization\"},\"potentialAction\":[{\"@type\":\"SearchAction\",\"target\":{\"@type\":\"EntryPoint\",\"urlTemplate\":\"https:\/\/www.facture.net\/blog\/?s={search_term_string}\"},\"query-input\":{\"@type\":\"PropertyValueSpecification\",\"valueRequired\":true,\"valueName\":\"search_term_string\"}}],\"inLanguage\":\"fr-FR\"},{\"@type\":\"Organization\",\"@id\":\"https:\/\/www.facture.net\/blog\/#organization\",\"name\":\"Facture.net\",\"url\":\"https:\/\/www.facture.net\/blog\/\",\"logo\":{\"@type\":\"ImageObject\",\"inLanguage\":\"fr-FR\",\"@id\":\"https:\/\/www.facture.net\/blog\/#\/schema\/logo\/image\/\",\"url\":\"https:\/\/www.facture.net\/blog\/wp-content\/uploads\/sites\/3\/2022\/07\/logo-facture.svg\",\"contentUrl\":\"https:\/\/www.facture.net\/blog\/wp-content\/uploads\/sites\/3\/2022\/07\/logo-facture.svg\",\"width\":1,\"height\":1,\"caption\":\"Facture.net\"},\"image\":{\"@id\":\"https:\/\/www.facture.net\/blog\/#\/schema\/logo\/image\/\"}},{\"@type\":\"Person\",\"@id\":\"https:\/\/www.facture.net\/blog\/#\/schema\/person\/33c0ef04707fbe50a096f282050bb5f2\",\"name\":\"Laura Michaud\",\"image\":{\"@type\":\"ImageObject\",\"inLanguage\":\"fr-FR\",\"@id\":\"https:\/\/www.facture.net\/blog\/#\/schema\/person\/image\/\",\"url\":\"https:\/\/secure.gravatar.com\/avatar\/c3328cc0c887f98cec6b2979af3311ab6333fc7cc2d4847514cfec6a56fa08a7?s=96&d=mm&r=g\",\"contentUrl\":\"https:\/\/secure.gravatar.com\/avatar\/c3328cc0c887f98cec6b2979af3311ab6333fc7cc2d4847514cfec6a56fa08a7?s=96&d=mm&r=g\",\"caption\":\"Laura Michaud\"},\"description\":\"Laura connait tous les meilleurs outils pour g\u00e9rer des projets et une entreprise. Cr\u00e9ative, c'est aussi une sp\u00e9cialiste des outils de cr\u00e9ation graphique pour faire briller une entreprise.\",\"sameAs\":[\"https:\/\/www.linkedin.com\/in\/michaudlaura\/\"],\"url\":\"https:\/\/www.facture.net\/blog\/author\/laura\/\"}]}<\/script>\n<!-- \/ Yoast SEO plugin. -->","yoast_head_json":{"title":"Comment r\u00e9ussir l\u2019embauche d\u2019un premier salari\u00e9 ?","description":"Engager son premier salari\u00e9 est une \u00e9tape importante pour un entrepreneur. Quelles sont mes obligations\u00a0? Pour quel type de contrat opter\u00a0? Combien co\u00fbte","robots":{"index":"index","follow":"follow","max-snippet":"max-snippet:-1","max-image-preview":"max-image-preview:large","max-video-preview":"max-video-preview:-1"},"canonical":"https:\/\/www.facture.net\/blog\/embauche-premier-salarie\/","og_locale":"fr_FR","og_type":"article","og_title":"Comment r\u00e9ussir l\u2019embauche d\u2019un premier salari\u00e9 ?","og_description":"Engager son premier salari\u00e9 est une \u00e9tape importante pour un entrepreneur. Quelles sont mes obligations\u00a0? Pour quel type de contrat opter\u00a0? Combien co\u00fbte","og_url":"https:\/\/www.facture.net\/blog\/embauche-premier-salarie\/","og_site_name":"Facture.net","article_published_time":"2018-03-29T08:30:40+00:00","article_modified_time":"2025-08-21T07:42:40+00:00","og_image":[{"width":850,"height":423,"url":"https:\/\/www.facture.net\/blog\/wp-content\/uploads\/sites\/3\/2018\/03\/embauche-salarie-1.jpg","type":"image\/jpeg"}],"author":"Laura Michaud","twitter_card":"summary_large_image","twitter_misc":{"\u00c9crit par":"Laura Michaud","Dur\u00e9e de lecture estim\u00e9e":"4 minutes"},"schema":{"@context":"https:\/\/schema.org","@graph":[{"@type":"Article","@id":"https:\/\/www.facture.net\/blog\/embauche-premier-salarie\/#article","isPartOf":{"@id":"https:\/\/www.facture.net\/blog\/embauche-premier-salarie\/"},"author":{"name":"Laura Michaud","@id":"https:\/\/www.facture.net\/blog\/#\/schema\/person\/33c0ef04707fbe50a096f282050bb5f2"},"headline":"Comment r\u00e9ussir l\u2019embauche d\u2019un premier salari\u00e9&nbsp;?","datePublished":"2018-03-29T08:30:40+00:00","dateModified":"2025-08-21T07:42:40+00:00","mainEntityOfPage":{"@id":"https:\/\/www.facture.net\/blog\/embauche-premier-salarie\/"},"wordCount":778,"commentCount":0,"publisher":{"@id":"https:\/\/www.facture.net\/blog\/#organization"},"image":{"@id":"https:\/\/www.facture.net\/blog\/embauche-premier-salarie\/#primaryimage"},"thumbnailUrl":"https:\/\/www.facture.net\/blog\/wp-content\/uploads\/sites\/3\/2018\/03\/embauche-salarie-1.jpg","articleSection":["Ressources Humaines"],"inLanguage":"fr-FR","potentialAction":[{"@type":"CommentAction","name":"Comment","target":["https:\/\/www.facture.net\/blog\/embauche-premier-salarie\/#respond"]}]},{"@type":"WebPage","@id":"https:\/\/www.facture.net\/blog\/embauche-premier-salarie\/","url":"https:\/\/www.facture.net\/blog\/embauche-premier-salarie\/","name":"Comment r\u00e9ussir l\u2019embauche d\u2019un premier salari\u00e9 ?","isPartOf":{"@id":"https:\/\/www.facture.net\/blog\/#website"},"primaryImageOfPage":{"@id":"https:\/\/www.facture.net\/blog\/embauche-premier-salarie\/#primaryimage"},"image":{"@id":"https:\/\/www.facture.net\/blog\/embauche-premier-salarie\/#primaryimage"},"thumbnailUrl":"https:\/\/www.facture.net\/blog\/wp-content\/uploads\/sites\/3\/2018\/03\/embauche-salarie-1.jpg","datePublished":"2018-03-29T08:30:40+00:00","dateModified":"2025-08-21T07:42:40+00:00","description":"Engager son premier salari\u00e9 est une \u00e9tape importante pour un entrepreneur. Quelles sont mes obligations\u00a0? Pour quel type de contrat opter\u00a0? Combien co\u00fbte","breadcrumb":{"@id":"https:\/\/www.facture.net\/blog\/embauche-premier-salarie\/#breadcrumb"},"inLanguage":"fr-FR","potentialAction":[{"@type":"ReadAction","target":["https:\/\/www.facture.net\/blog\/embauche-premier-salarie\/"]}]},{"@type":"ImageObject","inLanguage":"fr-FR","@id":"https:\/\/www.facture.net\/blog\/embauche-premier-salarie\/#primaryimage","url":"https:\/\/www.facture.net\/blog\/wp-content\/uploads\/sites\/3\/2018\/03\/embauche-salarie-1.jpg","contentUrl":"https:\/\/www.facture.net\/blog\/wp-content\/uploads\/sites\/3\/2018\/03\/embauche-salarie-1.jpg","width":850,"height":423,"caption":"embauche d'un premier salari\u00e9"},{"@type":"BreadcrumbList","@id":"https:\/\/www.facture.net\/blog\/embauche-premier-salarie\/#breadcrumb","itemListElement":[{"@type":"ListItem","position":1,"name":"Blog","item":"https:\/\/www.facture.net\/blog\/"},{"@type":"ListItem","position":2,"name":"Entrepreneuriat","item":"https:\/\/www.facture.net\/blog\/entrepreneuriat\/"},{"@type":"ListItem","position":3,"name":"Ressources Humaines","item":"https:\/\/www.facture.net\/blog\/entrepreneuriat\/ressources-humaines\/"},{"@type":"ListItem","position":4,"name":"Comment r\u00e9ussir l\u2019embauche d\u2019un premier salari\u00e9&nbsp;?"}]},{"@type":"WebSite","@id":"https:\/\/www.facture.net\/blog\/#website","url":"https:\/\/www.facture.net\/blog\/","name":"Facture.net","description":"facture","publisher":{"@id":"https:\/\/www.facture.net\/blog\/#organization"},"potentialAction":[{"@type":"SearchAction","target":{"@type":"EntryPoint","urlTemplate":"https:\/\/www.facture.net\/blog\/?s={search_term_string}"},"query-input":{"@type":"PropertyValueSpecification","valueRequired":true,"valueName":"search_term_string"}}],"inLanguage":"fr-FR"},{"@type":"Organization","@id":"https:\/\/www.facture.net\/blog\/#organization","name":"Facture.net","url":"https:\/\/www.facture.net\/blog\/","logo":{"@type":"ImageObject","inLanguage":"fr-FR","@id":"https:\/\/www.facture.net\/blog\/#\/schema\/logo\/image\/","url":"https:\/\/www.facture.net\/blog\/wp-content\/uploads\/sites\/3\/2022\/07\/logo-facture.svg","contentUrl":"https:\/\/www.facture.net\/blog\/wp-content\/uploads\/sites\/3\/2022\/07\/logo-facture.svg","width":1,"height":1,"caption":"Facture.net"},"image":{"@id":"https:\/\/www.facture.net\/blog\/#\/schema\/logo\/image\/"}},{"@type":"Person","@id":"https:\/\/www.facture.net\/blog\/#\/schema\/person\/33c0ef04707fbe50a096f282050bb5f2","name":"Laura Michaud","image":{"@type":"ImageObject","inLanguage":"fr-FR","@id":"https:\/\/www.facture.net\/blog\/#\/schema\/person\/image\/","url":"https:\/\/secure.gravatar.com\/avatar\/c3328cc0c887f98cec6b2979af3311ab6333fc7cc2d4847514cfec6a56fa08a7?s=96&d=mm&r=g","contentUrl":"https:\/\/secure.gravatar.com\/avatar\/c3328cc0c887f98cec6b2979af3311ab6333fc7cc2d4847514cfec6a56fa08a7?s=96&d=mm&r=g","caption":"Laura Michaud"},"description":"Laura connait tous les meilleurs outils pour g\u00e9rer des projets et une entreprise. Cr\u00e9ative, c'est aussi une sp\u00e9cialiste des outils de cr\u00e9ation graphique pour faire briller une entreprise.","sameAs":["https:\/\/www.linkedin.com\/in\/michaudlaura\/"],"url":"https:\/\/www.facture.net\/blog\/author\/laura\/"}]}},"_links":{"self":[{"href":"https:\/\/www.facture.net\/blog\/wp-json\/wp\/v2\/posts\/296","targetHints":{"allow":["GET"]}}],"collection":[{"href":"https:\/\/www.facture.net\/blog\/wp-json\/wp\/v2\/posts"}],"about":[{"href":"https:\/\/www.facture.net\/blog\/wp-json\/wp\/v2\/types\/post"}],"author":[{"embeddable":true,"href":"https:\/\/www.facture.net\/blog\/wp-json\/wp\/v2\/users\/1"}],"replies":[{"embeddable":true,"href":"https:\/\/www.facture.net\/blog\/wp-json\/wp\/v2\/comments?post=296"}],"version-history":[{"count":0,"href":"https:\/\/www.facture.net\/blog\/wp-json\/wp\/v2\/posts\/296\/revisions"}],"wp:featuredmedia":[{"embeddable":true,"href":"https:\/\/www.facture.net\/blog\/wp-json\/wp\/v2\/media\/298"}],"wp:attachment":[{"href":"https:\/\/www.facture.net\/blog\/wp-json\/wp\/v2\/media?parent=296"}],"wp:term":[{"taxonomy":"category","embeddable":true,"href":"https:\/\/www.facture.net\/blog\/wp-json\/wp\/v2\/categories?post=296"},{"taxonomy":"post_tag","embeddable":true,"href":"https:\/\/www.facture.net\/blog\/wp-json\/wp\/v2\/tags?post=296"}],"curies":[{"name":"wp","href":"https:\/\/api.w.org\/{rel}","templated":true}]}}