{"id":274,"date":"2026-04-17T09:25:00","date_gmt":"2026-04-17T07:25:00","guid":{"rendered":"https:\/\/www.facture.net\/blog\/?p=274"},"modified":"2026-04-17T09:25:06","modified_gmt":"2026-04-17T07:25:06","slug":"mentions-obligatoires-facture","status":"publish","type":"post","link":"https:\/\/www.facture.net\/blog\/mentions-obligatoires-facture\/","title":{"rendered":"Quelles sont les mentions obligatoires sur une facture&nbsp;?"},"content":{"rendered":"\n<p>La validit\u00e9 d\u2019une facture repose sur les mentions qui y figurent. En effet, certaines mentions sont obligatoires sous peine de sanctions. Une facture non conforme peut \u00eatre p\u00e9nalis\u00e9e par une amende fiscale et m\u00eame des sanctions p\u00e9nales&#8230; Dans cet article, nous vous pr\u00e9sentons toutes les <strong>mentions obligatoires sur une facture<\/strong> pour garantir sa validit\u00e9, ainsi que les \u00e9volutions r\u00e9glementaires \u00e0 prendre en compte.<\/p>\n\n\n\n<figure class=\"wp-block-image size-large\"><a href=\"#guide-facturation\"><img decoding=\"async\" width=\"1024\" height=\"238\" src=\"https:\/\/www.facture.net\/blog\/wp-content\/uploads\/sites\/3\/2025\/12\/F-banniere-guide-facturation-2026-1024x238.png\" alt=\"guide facturation\" class=\"wp-image-12084\" srcset=\"https:\/\/www.facture.net\/blog\/wp-content\/uploads\/sites\/3\/2025\/12\/F-banniere-guide-facturation-2026-1024x238.png 1024w, https:\/\/www.facture.net\/blog\/wp-content\/uploads\/sites\/3\/2025\/12\/F-banniere-guide-facturation-2026-300x70.png 300w, https:\/\/www.facture.net\/blog\/wp-content\/uploads\/sites\/3\/2025\/12\/F-banniere-guide-facturation-2026-768x179.png 768w, https:\/\/www.facture.net\/blog\/wp-content\/uploads\/sites\/3\/2025\/12\/F-banniere-guide-facturation-2026-60x14.png 60w, https:\/\/www.facture.net\/blog\/wp-content\/uploads\/sites\/3\/2025\/12\/F-banniere-guide-facturation-2026-370x86.png 370w, https:\/\/www.facture.net\/blog\/wp-content\/uploads\/sites\/3\/2025\/12\/F-banniere-guide-facturation-2026-270x63.png 270w, https:\/\/www.facture.net\/blog\/wp-content\/uploads\/sites\/3\/2025\/12\/F-banniere-guide-facturation-2026-570x133.png 570w, https:\/\/www.facture.net\/blog\/wp-content\/uploads\/sites\/3\/2025\/12\/F-banniere-guide-facturation-2026-740x172.png 740w, https:\/\/www.facture.net\/blog\/wp-content\/uploads\/sites\/3\/2025\/12\/F-banniere-guide-facturation-2026.png 1380w\" sizes=\"(max-width: 1024px) 100vw, 1024px\" \/><\/a><\/figure>\n\n\n\n<h2 class=\"wp-block-heading\">Mentions obligatoires sur une facture&nbsp;: le cas g\u00e9n\u00e9ral<\/h2>\n\n\n\n<h3 class=\"wp-block-heading\">Identification de l&#8217;acheteur et du vendeur<\/h3>\n\n\n\n<p>L\u2019identit\u00e9 de l\u2019acheteur et celle du vendeur doivent toutes deux appara\u00eetre clairement sur vos factures.<\/p>\n\n\n\n<p><strong>Pour l\u2019acheteur&nbsp;:<\/strong> <\/p>\n\n\n\n<ul class=\"wp-block-list\">\n<li>Son nom ou sa d\u00e9nomination sociale.<\/li>\n\n\n\n<li>L&#8217;adresse de son si\u00e8ge social ou de son domicile.<\/li>\n\n\n\n<li><span style=\"font-weight: 400\">Le num\u00e9ro de SIREN du client s&#8217;il s&#8217;agit d&#8217;une entreprise, ou son num\u00e9ro de TVA intracommunautaire si l\u2019entreprise est domicili\u00e9e dans un autre pays de l\u2019Union europ\u00e9enne (hors France).<\/span><\/li>\n<\/ul>\n\n\n\n<p><strong>Pour le vendeur&nbsp;:&nbsp;<\/strong><\/p>\n\n\n\n<ul class=\"wp-block-list\">\n<li>Nom et pr\u00e9nom de l\u2019entrepreneur ou d\u00e9nomination sociale de l\u2019entreprise.<\/li>\n\n\n\n<li>Num\u00e9ro de registre de commerce et ville du greffe.<\/li>\n\n\n\n<li><a href=\"https:\/\/www.facture.net\/blog\/difference-siren-siret\/\">Num\u00e9ro SIREN<\/a>.<\/li>\n\n\n\n<li>Indications li\u00e9es au r\u00e9pertoire des m\u00e9tiers (pour un artisan).<\/li>\n\n\n\n<li>Adresse du si\u00e8ge social.<\/li>\n\n\n\n<li>Montant du capital social et forme juridique de l\u2019entreprise.<\/li>\n<\/ul>\n\n\n\n<h3 class=\"wp-block-heading\"><strong>Mentions obligatoires li\u00e9es \u00e0 la facturation<\/strong><\/h3>\n\n\n\n<p>En plus de ces informations, la facture doit contenir plusieurs mentions g\u00e9n\u00e9rales essentielles<\/p>\n\n\n\n<ul class=\"wp-block-list\">\n<li>La <a href=\"https:\/\/www.facture.net\/blog\/date-de-facturation\/\">date de facturation<\/a>&nbsp;: La date \u00e0 laquelle la facture est \u00e9mise.<\/li>\n\n\n\n<li>La date de la prestation ou de la vente&nbsp;: La date \u00e0 laquelle la prestation ou la vente de produits ou services a eu lieu. Dans le cas d\u2019une prestation prolong\u00e9e sur plusieurs jours, la date de cl\u00f4ture de la transaction doit aussi \u00eatre indiqu\u00e9e.<\/li>\n\n\n\n<li>La <a href=\"https:\/\/www.facture.net\/blog\/regles-de-numerotation-de-facture\/\" target=\"_blank\" rel=\"noopener noreferrer\">num\u00e9rotation de la facture<\/a>&nbsp;: Chaque facture doit \u00eatre num\u00e9rot\u00e9e de mani\u00e8re s\u00e9quentielle et chronologique, sans rupture dans la num\u00e9rotation.<\/li>\n\n\n\n<li>Le num\u00e9ro de TVA&nbsp;: Il est obligatoire pour les factures d\u2019un montant sup\u00e9rieur \u00e0 150 \u20ac. Le num\u00e9ro d\u2019identification \u00e0 la TVA du client n\u2019est pas n\u00e9cessaire pour les transactions r\u00e9alis\u00e9es en France.<\/li>\n\n\n\n<li>L\u2019adresse de livraison des marchandises, si elle diff\u00e8re de l&#8217;adresse de facturation.<\/li>\n\n\n\n<li>La cat\u00e9gorie de l\u2019op\u00e9ration&nbsp;: s\u2019il s\u2019agit d\u2019une livraison de biens, d\u2019une prestation de services ou d\u2019une op\u00e9ration mixte.<\/li>\n\n\n\n<li>Le d\u00e9tail des transactions factur\u00e9es&nbsp;: La facture doit pr\u00e9ciser les biens ou services fournis, avec le prix unitaire hors taxe (HTVA), ainsi que les frais annexes comme le transport, le conditionnement, etc.<\/li>\n\n\n\n<li>Le taux de TVA applicable&nbsp;: Il doit \u00eatre mentionn\u00e9, avec le montant de la TVA.<\/li>\n\n\n\n<li>Les <a href=\"https:\/\/www.facture.net\/blog\/rabais-remise-ristourne\/\" target=\"_blank\" rel=\"noopener noreferrer\">rabais, ristournes et remises<\/a>&nbsp;: Les r\u00e9ductions accord\u00e9es doivent \u00eatre sp\u00e9cifi\u00e9es clairement.<\/li>\n\n\n\n<li>Le total HTVA et TTC&nbsp;: Le montant total hors taxe (HTVA) ainsi que le montant total toutes taxes comprises (TTC) doivent \u00eatre indiqu\u00e9s sur la facture.<\/li>\n\n\n\n<li>La mention \u201ctaxes d\u2019apr\u00e8s les d\u00e9bits\u201d&nbsp;: applicable uniquement si la TVA est collect\u00e9e sur la base de la date de facturation, et non \u00e0 l\u2019encaissement.<\/li>\n<\/ul>\n\n\n\n<p>L&#8217;absence de ces mentions expose l\u2019entrepreneur \u00e0 des sanctions p\u00e9nales, qui peuvent atteindre jusqu\u2019\u00e0 75 000 \u20ac. Une amende fiscale de 15 \u20ac par mention manquante peut \u00e9galement \u00eatre appliqu\u00e9e, et elle ne pourra pas exc\u00e9der 25 % du montant total de la facture.<br><\/p>\n\n\n\n<p><a href=\"https:\/\/www.facture.net\/\"><span style=\"font-weight: 400\">Facture.net<\/span><\/a> <span style=\"font-weight: 400\">met \u00e0 jour r\u00e9guli\u00e8rement ses mod\u00e8les pour s\u2019assurer de leur conformit\u00e9 avec les normes en vigueur, vous permettant ainsi de g\u00e9n\u00e9rer des factures conformes en toute simplicit\u00e9.<\/span><\/p>\n\n\n\n<blockquote class=\"wp-block-quote is-layout-flow wp-block-quote-is-layout-flow\">\n<p><strong>\u00c0 lire aussi&nbsp;: <\/strong><a href=\"https:\/\/www.facture.net\/blog\/facturation-sans-siret\/\">Peut-on facturer sans num\u00e9ro de SIRET&nbsp;?<\/a><\/p>\n<\/blockquote>\n\n\n\n<h2 class=\"wp-block-heading\">Mentions obligatoires sur une facture&nbsp;: les cas particuliers<\/h2>\n\n\n\n<h3 class=\"wp-block-heading\">Mentions obligatoires pour les factures adress\u00e9es \u00e0 un professionnel<\/h3>\n\n\n\n<p>Lorsqu&#8217;une facture est adress\u00e9e \u00e0 un autre professionnel, des mentions suppl\u00e9mentaires doivent obligatoirement y figurer. En plus des informations de base, voici les \u00e9l\u00e9ments sp\u00e9cifiques \u00e0 inclure&nbsp;:<\/p>\n\n\n\n<p>D&#8217;abord, l&#8217;indemnit\u00e9 forfaitaire&nbsp;: en cas de d\u00e9passement de la date de paiement, la facture doit mentionner une somme forfaitaire de 40 \u20ac, qui est ajout\u00e9e en compensation du retard.<\/p>\n\n\n\n<p>Ensuite, la date ou le <a href=\"https:\/\/www.facture.net\/blog\/delai-reglement-facture\/\">d\u00e9lai de paiement<\/a>, ainsi que les conditions d\u2019escomptes doivent \u00eatre clairement indiqu\u00e9s. Cela permet de d\u00e9finir les modalit\u00e9s de r\u00e8glement entre les deux parties.<\/p>\n\n\n\n<p>En cas de <a href=\"https:\/\/www.facture.net\/blog\/retard-de-paiement-facture\/\">retard de paiement<\/a>, il est \u00e9galement n\u00e9cessaire d&#8217;indiquer les <a href=\"https:\/\/www.facture.net\/blog\/mauvais-payeurs-calcul-penalites-retard\/\">taux de p\u00e9nalit\u00e9s<\/a> applicables, qui seront appliqu\u00e9es en fonction de la dur\u00e9e du retard.<\/p>\n\n\n\n<h3 class=\"wp-block-heading\">Les mentions particuli\u00e8res<\/h3>\n\n\n\n<p>En plus de ces mentions, certaines factures peuvent n\u00e9cessiter des informations particuli\u00e8res. Voici les plus courantes&nbsp;:<\/p>\n\n\n\n<ul class=\"wp-block-list\">\n<li>L\u2019<a href=\"https:\/\/www.facture.net\/blog\/obligations-assurances-entreprises\/\">assurance<\/a> souscrite par le vendeur&nbsp;: Les micro-entrepreneurs dans l\u2019artisanat doivent mentionner l&#8217;assurance professionnelle qu&#8217;ils ont souscrite, notamment pour garantir la couverture de la responsabilit\u00e9 d\u00e9cennale.<\/li>\n\n\n\n<li>Le <a href=\"https:\/\/www.facture.net\/blog\/refuser-paiement-par-cheque\/\">paiement par ch\u00e8que<\/a> ou par carte bancaire&nbsp;: Si ces moyens de paiement sont autoris\u00e9s, il doit \u00eatre sp\u00e9cifi\u00e9 sur la facture.<\/li>\n\n\n\n<li>L&#8217;exon\u00e9ration de TVA pour les micro-entrepreneurs&nbsp;: Si le vendeur est un micro-entrepreneur, il doit mentionner qu&#8217;il est exon\u00e9r\u00e9 de TVA, conform\u00e9ment au r\u00e9gime de la micro-entreprise.<\/li>\n\n\n\n<li>L\u2019autoliquidation de la TVA&nbsp;: Pour les travaux r\u00e9alis\u00e9s par un sous-traitant dans le secteur du BTP, la facture doit pr\u00e9ciser que la TVA sera d\u00e9clar\u00e9e par le donneur d\u2019ordre, dans le cadre du m\u00e9canisme d&#8217;autoliquidation.<\/li>\n<\/ul>\n\n\n\n<p>Depuis le 1er juillet 2021, une nouvelle mention est obligatoire pour la vente en magasin de certains articles \u00e0 des particuliers&nbsp;: la garantie l\u00e9gale de conformit\u00e9, qui prot\u00e8ge le consommateur contre les d\u00e9fauts de fabrication pr\u00e9sents lors de l&#8217;achat ou de la livraison d&#8217;un produit.<\/p>\n\n\n\n<h2 class=\"wp-block-heading\">Notre conseil<\/h2>\n\n\n\n<p>Choisir le <a href=\"https:\/\/www.facture.net\/blog\/meilleurs-logiciels-facturation\/\">meilleur logiciel de facturation<\/a> pour r\u00e9pondre \u00e0 vos besoins est crucial pour simplifier votre gestion administrative et garantir la conformit\u00e9 de vos factures, notamment en ce qui concerne les <strong>mentions obligatoires sur une facture<\/strong>.<\/p>\n\n\n\n<p>Si vous avez besoin d\u2019aide pour respecter toutes les exigences l\u00e9gales, <strong><strong><a href=\"https:\/\/www.facture.net\/\">Facture.net<\/a><\/strong><\/strong> est le logiciel qu&#8217;il vous faut. Il vous permet de cr\u00e9er facilement des <a href=\"https:\/\/www.facture.net\/blog\/digitaliser-factures\/\">factures digitalis\u00e9es<\/a> qui respectent toutes les <strong>mentions obligatoires sur une facture<\/strong>. Plus simple et plus rapide, Facture.net vous assure de ne rien oublier tout en vous faisant gagner du temps au quotidien.<\/p>\n\n\n\n<h2 class=\"wp-block-heading\" id=\"guide-facturation\">Votre guide sur la facturation<\/h2>\n\n\n\n<figure class=\"wp-block-image size-large\"><img decoding=\"async\" width=\"1024\" height=\"645\" src=\"https:\/\/www.facture.net\/blog\/wp-content\/uploads\/sites\/3\/2025\/12\/Guide-facturation-2026-Facture-1024x645.png\" alt=\"guide facturation\" class=\"wp-image-12082\" srcset=\"https:\/\/www.facture.net\/blog\/wp-content\/uploads\/sites\/3\/2025\/12\/Guide-facturation-2026-Facture-1024x645.png 1024w, https:\/\/www.facture.net\/blog\/wp-content\/uploads\/sites\/3\/2025\/12\/Guide-facturation-2026-Facture-300x189.png 300w, https:\/\/www.facture.net\/blog\/wp-content\/uploads\/sites\/3\/2025\/12\/Guide-facturation-2026-Facture-768x484.png 768w, https:\/\/www.facture.net\/blog\/wp-content\/uploads\/sites\/3\/2025\/12\/Guide-facturation-2026-Facture-60x38.png 60w, https:\/\/www.facture.net\/blog\/wp-content\/uploads\/sites\/3\/2025\/12\/Guide-facturation-2026-Facture-370x233.png 370w, https:\/\/www.facture.net\/blog\/wp-content\/uploads\/sites\/3\/2025\/12\/Guide-facturation-2026-Facture-270x170.png 270w, https:\/\/www.facture.net\/blog\/wp-content\/uploads\/sites\/3\/2025\/12\/Guide-facturation-2026-Facture-570x359.png 570w, https:\/\/www.facture.net\/blog\/wp-content\/uploads\/sites\/3\/2025\/12\/Guide-facturation-2026-Facture-740x466.png 740w, https:\/\/www.facture.net\/blog\/wp-content\/uploads\/sites\/3\/2025\/12\/Guide-facturation-2026-Facture.png 1200w\" sizes=\"(max-width: 1024px) 100vw, 1024px\" \/><\/figure>\n\n\n\n<div class=\"side-all newsletter_box\">\n<p class=\"h4 widget-title\" style=\"margin-top: 0\">Recevez gratuitement votre guide sur la facturation<\/p>\n        \n                                                        \n                                                        \n                                                        \n<button class=\"mks_button mks_button_medium button_side_all rounded\" type=\"submit\" aria-label=\"Inscription\" style=\"background-color: #4e46e5;color: #fff\">Recevoir le guide\n<\/button>\n<p class=\"small\">Vous consentez \u00e0 recevoir les communications de Codeur SAS, \u00e9diteur de Facture.net, par email. Consultez la <a href=\"https:\/\/www.codeur.com\/pages\/politique-de-confidentialite\" target=\"_blank\">Politique de Confidentialit\u00e9<\/a>.\n        <\/p><\/div>\n","protected":false},"excerpt":{"rendered":"<p>La validit\u00e9 d\u2019une facture repose sur les mentions qui y figurent. En effet, certaines mentions sont obligatoires sous peine de sanctions. Une facture non conforme peut \u00eatre p\u00e9nalis\u00e9e par une amende fiscale et m\u00eame des sanctions p\u00e9nales&#8230; Dans cet article, nous vous pr\u00e9sentons toutes les mentions obligatoires sur une facture pour garantir sa validit\u00e9, ainsi [&hellip;]<\/p>\n","protected":false},"author":1,"featured_media":9941,"comment_status":"open","ping_status":"open","sticky":false,"template":"","format":"standard","meta":{"_acf_changed":false,"inline_featured_image":false,"footnotes":""},"categories":[4],"tags":[],"class_list":["post-274","post","type-post","status-publish","format-standard","has-post-thumbnail","hentry","category-facturation"],"acf":[],"yoast_head":"<!-- This site is optimized with the Yoast SEO plugin v25.9 - https:\/\/yoast.com\/wordpress\/plugins\/seo\/ -->\n<title>Les mentions obligatoires \u00e0 faire figurer sur les factures - Facture.net<\/title>\n<meta name=\"description\" content=\"La validit\u00e9 d\u2019une facture repose sur les mentions qui y figurent. En effet, certaines mentions sont obligatoires sous peine de sanctions. Une facture non\" \/>\n<meta name=\"robots\" content=\"index, follow, max-snippet:-1, max-image-preview:large, max-video-preview:-1\" \/>\n<link rel=\"canonical\" href=\"https:\/\/www.facture.net\/blog\/mentions-obligatoires-facture\/\" \/>\n<meta property=\"og:locale\" content=\"fr_FR\" \/>\n<meta property=\"og:type\" content=\"article\" \/>\n<meta property=\"og:title\" content=\"Les mentions obligatoires \u00e0 faire figurer sur les factures - Facture.net\" \/>\n<meta property=\"og:description\" content=\"La validit\u00e9 d\u2019une facture repose sur les mentions qui y figurent. En effet, certaines mentions sont obligatoires sous peine de sanctions. Une facture non\" \/>\n<meta property=\"og:url\" content=\"https:\/\/www.facture.net\/blog\/mentions-obligatoires-facture\/\" \/>\n<meta property=\"og:site_name\" content=\"Facture.net\" \/>\n<meta property=\"article:published_time\" content=\"2026-04-17T07:25:00+00:00\" \/>\n<meta property=\"article:modified_time\" content=\"2026-04-17T07:25:06+00:00\" \/>\n<meta property=\"og:image\" content=\"https:\/\/www.facture.net\/blog\/wp-content\/uploads\/sites\/3\/2022\/11\/factures-mentions-obligatoires.jpg\" \/>\n\t<meta property=\"og:image:width\" content=\"1200\" \/>\n\t<meta property=\"og:image:height\" content=\"675\" \/>\n\t<meta property=\"og:image:type\" content=\"image\/jpeg\" \/>\n<meta name=\"author\" content=\"Laura Michaud\" \/>\n<meta name=\"twitter:card\" content=\"summary_large_image\" \/>\n<meta name=\"twitter:label1\" content=\"\u00c9crit par\" \/>\n\t<meta name=\"twitter:data1\" content=\"Laura Michaud\" \/>\n\t<meta name=\"twitter:label2\" content=\"Dur\u00e9e de lecture estim\u00e9e\" \/>\n\t<meta name=\"twitter:data2\" content=\"6 minutes\" \/>\n<script type=\"application\/ld+json\" class=\"yoast-schema-graph\">{\"@context\":\"https:\/\/schema.org\",\"@graph\":[{\"@type\":\"Article\",\"@id\":\"https:\/\/www.facture.net\/blog\/mentions-obligatoires-facture\/#article\",\"isPartOf\":{\"@id\":\"https:\/\/www.facture.net\/blog\/mentions-obligatoires-facture\/\"},\"author\":{\"name\":\"Laura Michaud\",\"@id\":\"https:\/\/www.facture.net\/blog\/#\/schema\/person\/33c0ef04707fbe50a096f282050bb5f2\"},\"headline\":\"Quelles sont les mentions obligatoires sur une facture&nbsp;?\",\"datePublished\":\"2026-04-17T07:25:00+00:00\",\"dateModified\":\"2026-04-17T07:25:06+00:00\",\"mainEntityOfPage\":{\"@id\":\"https:\/\/www.facture.net\/blog\/mentions-obligatoires-facture\/\"},\"wordCount\":1105,\"commentCount\":6,\"publisher\":{\"@id\":\"https:\/\/www.facture.net\/blog\/#organization\"},\"image\":{\"@id\":\"https:\/\/www.facture.net\/blog\/mentions-obligatoires-facture\/#primaryimage\"},\"thumbnailUrl\":\"https:\/\/www.facture.net\/blog\/wp-content\/uploads\/sites\/3\/2022\/11\/factures-mentions-obligatoires.jpg\",\"articleSection\":[\"Facturation\"],\"inLanguage\":\"fr-FR\",\"potentialAction\":[{\"@type\":\"CommentAction\",\"name\":\"Comment\",\"target\":[\"https:\/\/www.facture.net\/blog\/mentions-obligatoires-facture\/#respond\"]}]},{\"@type\":\"WebPage\",\"@id\":\"https:\/\/www.facture.net\/blog\/mentions-obligatoires-facture\/\",\"url\":\"https:\/\/www.facture.net\/blog\/mentions-obligatoires-facture\/\",\"name\":\"Les mentions obligatoires \u00e0 faire figurer sur les factures - Facture.net\",\"isPartOf\":{\"@id\":\"https:\/\/www.facture.net\/blog\/#website\"},\"primaryImageOfPage\":{\"@id\":\"https:\/\/www.facture.net\/blog\/mentions-obligatoires-facture\/#primaryimage\"},\"image\":{\"@id\":\"https:\/\/www.facture.net\/blog\/mentions-obligatoires-facture\/#primaryimage\"},\"thumbnailUrl\":\"https:\/\/www.facture.net\/blog\/wp-content\/uploads\/sites\/3\/2022\/11\/factures-mentions-obligatoires.jpg\",\"datePublished\":\"2026-04-17T07:25:00+00:00\",\"dateModified\":\"2026-04-17T07:25:06+00:00\",\"description\":\"La validit\u00e9 d\u2019une facture repose sur les mentions qui y figurent. En effet, certaines mentions sont obligatoires sous peine de sanctions. Une facture non\",\"breadcrumb\":{\"@id\":\"https:\/\/www.facture.net\/blog\/mentions-obligatoires-facture\/#breadcrumb\"},\"inLanguage\":\"fr-FR\",\"potentialAction\":[{\"@type\":\"ReadAction\",\"target\":[\"https:\/\/www.facture.net\/blog\/mentions-obligatoires-facture\/\"]}]},{\"@type\":\"ImageObject\",\"inLanguage\":\"fr-FR\",\"@id\":\"https:\/\/www.facture.net\/blog\/mentions-obligatoires-facture\/#primaryimage\",\"url\":\"https:\/\/www.facture.net\/blog\/wp-content\/uploads\/sites\/3\/2022\/11\/factures-mentions-obligatoires.jpg\",\"contentUrl\":\"https:\/\/www.facture.net\/blog\/wp-content\/uploads\/sites\/3\/2022\/11\/factures-mentions-obligatoires.jpg\",\"width\":1200,\"height\":675,\"caption\":\"mentions obligatoires facture\"},{\"@type\":\"BreadcrumbList\",\"@id\":\"https:\/\/www.facture.net\/blog\/mentions-obligatoires-facture\/#breadcrumb\",\"itemListElement\":[{\"@type\":\"ListItem\",\"position\":1,\"name\":\"Blog\",\"item\":\"https:\/\/www.facture.net\/blog\/\"},{\"@type\":\"ListItem\",\"position\":2,\"name\":\"Comptabilit\u00e9\",\"item\":\"https:\/\/www.facture.net\/blog\/comptabilite\/\"},{\"@type\":\"ListItem\",\"position\":3,\"name\":\"Facturation\",\"item\":\"https:\/\/www.facture.net\/blog\/comptabilite\/facturation\/\"},{\"@type\":\"ListItem\",\"position\":4,\"name\":\"Quelles sont les mentions obligatoires sur une facture&nbsp;?\"}]},{\"@type\":\"WebSite\",\"@id\":\"https:\/\/www.facture.net\/blog\/#website\",\"url\":\"https:\/\/www.facture.net\/blog\/\",\"name\":\"Facture.net\",\"description\":\"facture\",\"publisher\":{\"@id\":\"https:\/\/www.facture.net\/blog\/#organization\"},\"potentialAction\":[{\"@type\":\"SearchAction\",\"target\":{\"@type\":\"EntryPoint\",\"urlTemplate\":\"https:\/\/www.facture.net\/blog\/?s={search_term_string}\"},\"query-input\":{\"@type\":\"PropertyValueSpecification\",\"valueRequired\":true,\"valueName\":\"search_term_string\"}}],\"inLanguage\":\"fr-FR\"},{\"@type\":\"Organization\",\"@id\":\"https:\/\/www.facture.net\/blog\/#organization\",\"name\":\"Facture.net\",\"url\":\"https:\/\/www.facture.net\/blog\/\",\"logo\":{\"@type\":\"ImageObject\",\"inLanguage\":\"fr-FR\",\"@id\":\"https:\/\/www.facture.net\/blog\/#\/schema\/logo\/image\/\",\"url\":\"https:\/\/www.facture.net\/blog\/wp-content\/uploads\/sites\/3\/2022\/07\/logo-facture.svg\",\"contentUrl\":\"https:\/\/www.facture.net\/blog\/wp-content\/uploads\/sites\/3\/2022\/07\/logo-facture.svg\",\"width\":1,\"height\":1,\"caption\":\"Facture.net\"},\"image\":{\"@id\":\"https:\/\/www.facture.net\/blog\/#\/schema\/logo\/image\/\"}},{\"@type\":\"Person\",\"@id\":\"https:\/\/www.facture.net\/blog\/#\/schema\/person\/33c0ef04707fbe50a096f282050bb5f2\",\"name\":\"Laura Michaud\",\"image\":{\"@type\":\"ImageObject\",\"inLanguage\":\"fr-FR\",\"@id\":\"https:\/\/www.facture.net\/blog\/#\/schema\/person\/image\/\",\"url\":\"https:\/\/secure.gravatar.com\/avatar\/c3328cc0c887f98cec6b2979af3311ab6333fc7cc2d4847514cfec6a56fa08a7?s=96&d=mm&r=g\",\"contentUrl\":\"https:\/\/secure.gravatar.com\/avatar\/c3328cc0c887f98cec6b2979af3311ab6333fc7cc2d4847514cfec6a56fa08a7?s=96&d=mm&r=g\",\"caption\":\"Laura Michaud\"},\"description\":\"Laura connait tous les meilleurs outils pour g\u00e9rer des projets et une entreprise. Cr\u00e9ative, c'est aussi une sp\u00e9cialiste des outils de cr\u00e9ation graphique pour faire briller une entreprise.\",\"sameAs\":[\"https:\/\/www.linkedin.com\/in\/michaudlaura\/\"],\"url\":\"https:\/\/www.facture.net\/blog\/author\/laura\/\"}]}<\/script>\n<!-- \/ Yoast SEO plugin. -->","yoast_head_json":{"title":"Les mentions obligatoires \u00e0 faire figurer sur les factures - Facture.net","description":"La validit\u00e9 d\u2019une facture repose sur les mentions qui y figurent. En effet, certaines mentions sont obligatoires sous peine de sanctions. Une facture non","robots":{"index":"index","follow":"follow","max-snippet":"max-snippet:-1","max-image-preview":"max-image-preview:large","max-video-preview":"max-video-preview:-1"},"canonical":"https:\/\/www.facture.net\/blog\/mentions-obligatoires-facture\/","og_locale":"fr_FR","og_type":"article","og_title":"Les mentions obligatoires \u00e0 faire figurer sur les factures - Facture.net","og_description":"La validit\u00e9 d\u2019une facture repose sur les mentions qui y figurent. En effet, certaines mentions sont obligatoires sous peine de sanctions. Une facture non","og_url":"https:\/\/www.facture.net\/blog\/mentions-obligatoires-facture\/","og_site_name":"Facture.net","article_published_time":"2026-04-17T07:25:00+00:00","article_modified_time":"2026-04-17T07:25:06+00:00","og_image":[{"width":1200,"height":675,"url":"https:\/\/www.facture.net\/blog\/wp-content\/uploads\/sites\/3\/2022\/11\/factures-mentions-obligatoires.jpg","type":"image\/jpeg"}],"author":"Laura Michaud","twitter_card":"summary_large_image","twitter_misc":{"\u00c9crit par":"Laura Michaud","Dur\u00e9e de lecture estim\u00e9e":"6 minutes"},"schema":{"@context":"https:\/\/schema.org","@graph":[{"@type":"Article","@id":"https:\/\/www.facture.net\/blog\/mentions-obligatoires-facture\/#article","isPartOf":{"@id":"https:\/\/www.facture.net\/blog\/mentions-obligatoires-facture\/"},"author":{"name":"Laura Michaud","@id":"https:\/\/www.facture.net\/blog\/#\/schema\/person\/33c0ef04707fbe50a096f282050bb5f2"},"headline":"Quelles sont les mentions obligatoires sur une facture&nbsp;?","datePublished":"2026-04-17T07:25:00+00:00","dateModified":"2026-04-17T07:25:06+00:00","mainEntityOfPage":{"@id":"https:\/\/www.facture.net\/blog\/mentions-obligatoires-facture\/"},"wordCount":1105,"commentCount":6,"publisher":{"@id":"https:\/\/www.facture.net\/blog\/#organization"},"image":{"@id":"https:\/\/www.facture.net\/blog\/mentions-obligatoires-facture\/#primaryimage"},"thumbnailUrl":"https:\/\/www.facture.net\/blog\/wp-content\/uploads\/sites\/3\/2022\/11\/factures-mentions-obligatoires.jpg","articleSection":["Facturation"],"inLanguage":"fr-FR","potentialAction":[{"@type":"CommentAction","name":"Comment","target":["https:\/\/www.facture.net\/blog\/mentions-obligatoires-facture\/#respond"]}]},{"@type":"WebPage","@id":"https:\/\/www.facture.net\/blog\/mentions-obligatoires-facture\/","url":"https:\/\/www.facture.net\/blog\/mentions-obligatoires-facture\/","name":"Les mentions obligatoires \u00e0 faire figurer sur les factures - Facture.net","isPartOf":{"@id":"https:\/\/www.facture.net\/blog\/#website"},"primaryImageOfPage":{"@id":"https:\/\/www.facture.net\/blog\/mentions-obligatoires-facture\/#primaryimage"},"image":{"@id":"https:\/\/www.facture.net\/blog\/mentions-obligatoires-facture\/#primaryimage"},"thumbnailUrl":"https:\/\/www.facture.net\/blog\/wp-content\/uploads\/sites\/3\/2022\/11\/factures-mentions-obligatoires.jpg","datePublished":"2026-04-17T07:25:00+00:00","dateModified":"2026-04-17T07:25:06+00:00","description":"La validit\u00e9 d\u2019une facture repose sur les mentions qui y figurent. En effet, certaines mentions sont obligatoires sous peine de sanctions. Une facture non","breadcrumb":{"@id":"https:\/\/www.facture.net\/blog\/mentions-obligatoires-facture\/#breadcrumb"},"inLanguage":"fr-FR","potentialAction":[{"@type":"ReadAction","target":["https:\/\/www.facture.net\/blog\/mentions-obligatoires-facture\/"]}]},{"@type":"ImageObject","inLanguage":"fr-FR","@id":"https:\/\/www.facture.net\/blog\/mentions-obligatoires-facture\/#primaryimage","url":"https:\/\/www.facture.net\/blog\/wp-content\/uploads\/sites\/3\/2022\/11\/factures-mentions-obligatoires.jpg","contentUrl":"https:\/\/www.facture.net\/blog\/wp-content\/uploads\/sites\/3\/2022\/11\/factures-mentions-obligatoires.jpg","width":1200,"height":675,"caption":"mentions obligatoires facture"},{"@type":"BreadcrumbList","@id":"https:\/\/www.facture.net\/blog\/mentions-obligatoires-facture\/#breadcrumb","itemListElement":[{"@type":"ListItem","position":1,"name":"Blog","item":"https:\/\/www.facture.net\/blog\/"},{"@type":"ListItem","position":2,"name":"Comptabilit\u00e9","item":"https:\/\/www.facture.net\/blog\/comptabilite\/"},{"@type":"ListItem","position":3,"name":"Facturation","item":"https:\/\/www.facture.net\/blog\/comptabilite\/facturation\/"},{"@type":"ListItem","position":4,"name":"Quelles sont les mentions obligatoires sur une facture&nbsp;?"}]},{"@type":"WebSite","@id":"https:\/\/www.facture.net\/blog\/#website","url":"https:\/\/www.facture.net\/blog\/","name":"Facture.net","description":"facture","publisher":{"@id":"https:\/\/www.facture.net\/blog\/#organization"},"potentialAction":[{"@type":"SearchAction","target":{"@type":"EntryPoint","urlTemplate":"https:\/\/www.facture.net\/blog\/?s={search_term_string}"},"query-input":{"@type":"PropertyValueSpecification","valueRequired":true,"valueName":"search_term_string"}}],"inLanguage":"fr-FR"},{"@type":"Organization","@id":"https:\/\/www.facture.net\/blog\/#organization","name":"Facture.net","url":"https:\/\/www.facture.net\/blog\/","logo":{"@type":"ImageObject","inLanguage":"fr-FR","@id":"https:\/\/www.facture.net\/blog\/#\/schema\/logo\/image\/","url":"https:\/\/www.facture.net\/blog\/wp-content\/uploads\/sites\/3\/2022\/07\/logo-facture.svg","contentUrl":"https:\/\/www.facture.net\/blog\/wp-content\/uploads\/sites\/3\/2022\/07\/logo-facture.svg","width":1,"height":1,"caption":"Facture.net"},"image":{"@id":"https:\/\/www.facture.net\/blog\/#\/schema\/logo\/image\/"}},{"@type":"Person","@id":"https:\/\/www.facture.net\/blog\/#\/schema\/person\/33c0ef04707fbe50a096f282050bb5f2","name":"Laura Michaud","image":{"@type":"ImageObject","inLanguage":"fr-FR","@id":"https:\/\/www.facture.net\/blog\/#\/schema\/person\/image\/","url":"https:\/\/secure.gravatar.com\/avatar\/c3328cc0c887f98cec6b2979af3311ab6333fc7cc2d4847514cfec6a56fa08a7?s=96&d=mm&r=g","contentUrl":"https:\/\/secure.gravatar.com\/avatar\/c3328cc0c887f98cec6b2979af3311ab6333fc7cc2d4847514cfec6a56fa08a7?s=96&d=mm&r=g","caption":"Laura Michaud"},"description":"Laura connait tous les meilleurs outils pour g\u00e9rer des projets et une entreprise. Cr\u00e9ative, c'est aussi une sp\u00e9cialiste des outils de cr\u00e9ation graphique pour faire briller une entreprise.","sameAs":["https:\/\/www.linkedin.com\/in\/michaudlaura\/"],"url":"https:\/\/www.facture.net\/blog\/author\/laura\/"}]}},"_links":{"self":[{"href":"https:\/\/www.facture.net\/blog\/wp-json\/wp\/v2\/posts\/274","targetHints":{"allow":["GET"]}}],"collection":[{"href":"https:\/\/www.facture.net\/blog\/wp-json\/wp\/v2\/posts"}],"about":[{"href":"https:\/\/www.facture.net\/blog\/wp-json\/wp\/v2\/types\/post"}],"author":[{"embeddable":true,"href":"https:\/\/www.facture.net\/blog\/wp-json\/wp\/v2\/users\/1"}],"replies":[{"embeddable":true,"href":"https:\/\/www.facture.net\/blog\/wp-json\/wp\/v2\/comments?post=274"}],"version-history":[{"count":1,"href":"https:\/\/www.facture.net\/blog\/wp-json\/wp\/v2\/posts\/274\/revisions"}],"predecessor-version":[{"id":12336,"href":"https:\/\/www.facture.net\/blog\/wp-json\/wp\/v2\/posts\/274\/revisions\/12336"}],"wp:featuredmedia":[{"embeddable":true,"href":"https:\/\/www.facture.net\/blog\/wp-json\/wp\/v2\/media\/9941"}],"wp:attachment":[{"href":"https:\/\/www.facture.net\/blog\/wp-json\/wp\/v2\/media?parent=274"}],"wp:term":[{"taxonomy":"category","embeddable":true,"href":"https:\/\/www.facture.net\/blog\/wp-json\/wp\/v2\/categories?post=274"},{"taxonomy":"post_tag","embeddable":true,"href":"https:\/\/www.facture.net\/blog\/wp-json\/wp\/v2\/tags?post=274"}],"curies":[{"name":"wp","href":"https:\/\/api.w.org\/{rel}","templated":true}]}}