{"id":2181,"date":"2021-05-13T10:30:26","date_gmt":"2021-05-13T08:30:26","guid":{"rendered":"https:\/\/www.facture.net\/blog\/?p=2181"},"modified":"2025-08-21T09:43:35","modified_gmt":"2025-08-21T07:43:35","slug":"vente-particuliers-facturation-b2c","status":"publish","type":"post","link":"https:\/\/www.facture.net\/blog\/vente-particuliers-facturation-b2c\/","title":{"rendered":"Vente \u00e0 des particuliers&nbsp;: Comment cr\u00e9er une facture B2C&nbsp;?"},"content":{"rendered":"<p>Si vous \u00eates auto-entrepreneur, dirigeant d\u2019une TPE ou d\u2019une PME, savoir <a href=\"https:\/\/www.facture.net\/blog\/comment-faire-une-facture\/\" rel=\"noopener noreferrer\"><strong>cr\u00e9er une facture<\/strong> <\/a>est une \u00e9tape essentielle.<\/p>\n<p>Si votre activit\u00e9 s\u2019adresse \u00e0 des<strong> clients particuliers<\/strong> et est orient\u00e9e<strong> B2C<\/strong> (Business to Consumer), vous devez ma\u00eetriser certaines r\u00e8gles pour bien <strong>g\u00e9rer votre facturation<\/strong>.<\/p>\n<p>De plus, <strong>facturer une prestation de service<\/strong> \u00e0 un client particulier implique des particularit\u00e9s selon votre secteur d\u2019activit\u00e9.<\/p>\n<p>Voici tout ce que vous devez savoir pour <strong>cr\u00e9er une facture B2C<\/strong>.<\/p>\n<blockquote><p><strong>\u00c0 lire aussi&nbsp;:<\/strong><a href=\"https:\/\/www.facture.net\/blog\/b2b-facturation-entre-professionnels\/\"> B2B&nbsp;: Comment cr\u00e9er une facture entre professionnels&nbsp;?<\/a><\/p><\/blockquote>\n<h2>Les r\u00e8gles \u00e0 conna\u00eetre pour facturer aux particuliers<\/h2>\n<p>En tant que vendeur professionnel, vous devez, dans la majorit\u00e9 des cas, <strong>facturer vos prestations<\/strong> pour toute vente \u00e0 partir de 25 euros TTC \u00e0 un client particulier. Vous pourrez alors r\u00e9diger et envoyer la facture d\u00e8s que la vente est r\u00e9alis\u00e9e ou lorsque le service est rendu.<\/p>\n<p>Si vous r\u00e9alisez une vente inf\u00e9rieure \u00e0 25 euros TTC, la facture est alors facultative. En revanche, le client particulier peut<strong> r\u00e9clamer une facture<\/strong>, vous devrez alors l\u2019\u00e9tablir et lui remettre.<\/p>\n<p>Pour <strong>r\u00e9diger des factures B2C<\/strong>, vous devez obligatoirement disposer d\u2019un <a href=\"https:\/\/www.facture.net\/blog\/obtenir-numero-siret-siren\/\">num\u00e9ro de SIRET<\/a>. Votre enregistrement aupr\u00e8s de l&#8217;administration fiscale garantit votre statut de vendeur professionnel.<\/p>\n<p>En effet,\u00a0 <strong>les r\u00e8gles de facturation<\/strong> ne s&#8217;appliquent pas dans le cadre d\u2019une vente entre deux particuliers.<\/p>\n<h2>Les r\u00e8gles de facturation classique<\/h2>\n<p>Pour<strong> \u00e9tablir des factures valides,<\/strong> vous devez sp\u00e9cifier les <a href=\"https:\/\/www.facture.net\/blog\/mentions-obligatoires-facture\/\">mentions obligatoires<\/a> suivantes&nbsp;:<\/p>\n<ul>\n<li>la mention \u201cfacture\u201d<\/li>\n<li><strong>la date d\u2019\u00e9mission<\/strong> de la facture<\/li>\n<li>la date de <strong>vente de marchandise<\/strong> ou de fin d&#8217;ex\u00e9cution de la prestation de service<\/li>\n<li><strong>le <a href=\"https:\/\/www.facture.net\/blog\/regles-de-numerotation-de-facture\/\">num\u00e9ro unique<\/a><\/strong> de la facture<\/li>\n<li>les \u00e9l\u00e9ments d\u2019identification de votre soci\u00e9t\u00e9 comme le num\u00e9ro de SIRET, la raison sociale, le num\u00e9ro RCS, l\u2019adresse l\u00e9gale et le statut juridique. Vous devez \u00e9galement mentionner<strong> la <a href=\"https:\/\/www.facture.net\/blog\/facturation-comment-calculer-tva\/\">TVA <\/a><\/strong>si vous \u00eates redevable.<\/li>\n<li>les \u00e9l\u00e9ments d\u2019identification du <strong>client<\/strong><\/li>\n<li>les d\u00e9tails de la vente (le prix, la nature, la quantit\u00e9)<\/li>\n<li>les <strong>conditions g\u00e9n\u00e9rales<\/strong> de r\u00e8glement.<\/li>\n<\/ul>\n<blockquote><p>Tous ces \u00e9l\u00e9ments doivent \u00eatre mentionn\u00e9s sur la facture. Chaque \u00e9l\u00e9ment manquant est passible d\u2019une amende fix\u00e9e \u00e0 15 euros et plafonn\u00e9e \u00e0 25% du<strong> montant total factur\u00e9<\/strong>.<\/p><\/blockquote>\n<p>Vous pouvez \u00e9galement mentionner d\u2019autres informations comme<strong> le RIB de l\u2019entreprise <\/strong>pour que le client puisse effectuer le r\u00e8glement mais ce n\u2019est pas obligatoire.<\/p>\n<h2>Facturer une prestation de service \u00e0 un particulier<\/h2>\n<p>Si vous r\u00e9alisez <strong>des prestations de services, <\/strong>certaines r\u00e8gles sp\u00e9cifiques s\u2019appliquent. Votre note de prestation de service doit comporter des informations obligatoires et vous devez <a href=\"https:\/\/www.facture.net\/blog\/temps-conservation-factures\/\">conserver un exemplaire pendant deux ans minimum<\/a>.<\/p>\n<p>Voici ce que vous devez mentionner sur votre facture suite \u00e0 une prestation de service&nbsp;:<\/p>\n<ul>\n<li>la date de r\u00e9daction de la facture<\/li>\n<li>le nom et l\u2019adresse de votre soci\u00e9t\u00e9<\/li>\n<li>le nom de votre client<\/li>\n<li>la date et le lieu de la prestation<\/li>\n<li>les <strong>d\u00e9tails de la prestation<\/strong>&nbsp;: la d\u00e9nomination, le prix unitaire et la quantit\u00e9<\/li>\n<li>la somme totale HT et TTC \u00e0 r\u00e9gler par le client.<\/li>\n<\/ul>\n<blockquote><p>Vous devez \u00e9tablir<strong> deux exemplaires de la facture<\/strong>. Un exemplaire est destin\u00e9 au client et vous devez conserver le second exemplaire.<\/p><\/blockquote>\n<figure id=\"attachment_2185\" aria-describedby=\"caption-attachment-2185\" style=\"width: 700px\" class=\"wp-caption aligncenter\"><img decoding=\"async\" class=\"size-full wp-image-2185\" src=\"https:\/\/www.facture.net\/blog\/wp-content\/uploads\/sites\/3\/2021\/04\/facture2-2.jpg\" alt=\"Cr\u00e9er facture B2C\" width=\"700\" height=\"700\" srcset=\"https:\/\/www.facture.net\/blog\/wp-content\/uploads\/sites\/3\/2021\/04\/facture2-2.jpg 700w, https:\/\/www.facture.net\/blog\/wp-content\/uploads\/sites\/3\/2021\/04\/facture2-2-300x300.jpg 300w, https:\/\/www.facture.net\/blog\/wp-content\/uploads\/sites\/3\/2021\/04\/facture2-2-150x150.jpg 150w, https:\/\/www.facture.net\/blog\/wp-content\/uploads\/sites\/3\/2021\/04\/facture2-2-60x60.jpg 60w, https:\/\/www.facture.net\/blog\/wp-content\/uploads\/sites\/3\/2021\/04\/facture2-2-370x370.jpg 370w, https:\/\/www.facture.net\/blog\/wp-content\/uploads\/sites\/3\/2021\/04\/facture2-2-270x270.jpg 270w, https:\/\/www.facture.net\/blog\/wp-content\/uploads\/sites\/3\/2021\/04\/facture2-2-570x570.jpg 570w\" sizes=\"(max-width: 700px) 100vw, 700px\" \/><figcaption id=\"caption-attachment-2185\" class=\"wp-caption-text\">Source&nbsp;: frepik.com<\/figcaption><\/figure>\n<h2>Les r\u00e8gles de facturation selon votre secteur d\u2019activit\u00e9<\/h2>\n<p>Il existe des <strong>r\u00e8gles sp\u00e9cifiques de facturation selon votre secteur d\u2019activit\u00e9.<\/strong> Ainsi, l\u2019obligation de facturer peut d\u00e9pendre de l\u2019op\u00e9ration que vous r\u00e9alisez. Voici les r\u00e8gles g\u00e9n\u00e9rales selon les diff\u00e9rents secteurs&nbsp;:<\/p>\n<h3>Vente de marchandises \u00e0 des particuliers<\/h3>\n<p>Si vous effectuez de<strong> la vente de marchandises<\/strong>, la facturation n\u2019est pas une \u00e9tape obligatoire sauf si le client en fait la demande. Vous pouvez aussi choisir de r\u00e9diger syst\u00e9matiquement des factures \u00e0 vos<strong> clients particuliers<\/strong>.<\/p>\n<h3>Vente \u00e0 distance<\/h3>\n<p>Dans le cas de <strong>la vente \u00e0 distance<\/strong>, vous devez obligatoirement <strong>d\u00e9livrer une facture <\/strong>\u00e0 vos clients. Si vous faites de la vente en ligne sur votre site internet, vous devez donc disposer d\u2019un <strong><a href=\"https:\/\/www.facture.net\/blog\/meilleurs-logiciels-facturation\/\">logiciel de facturation num\u00e9rique<\/a>.<\/strong><\/p>\n<p>De nombreux outils de facturation permettent d\u2019envoyer syst\u00e9matiquement la facture au client lors d\u2019une finalisation de commande en ligne.<\/p>\n<h3>Prestation de services \u00e0 des particuliers<\/h3>\n<p>Si vous faites de <strong>la prestation de service<\/strong>, vous devez obligatoirement \u00e9tablir des factures \u00e0 partir d\u2019un montant de 25 euros TTC. Pour un montant inf\u00e9rieur, la facture est facultative mais le client est en droit d\u2019en demander une.<\/p>\n<h2>Les cas de facturation obligatoire en B2C<\/h2>\n<p>Des sp\u00e9cificit\u00e9s propres \u00e0 certains secteurs d\u2019activit\u00e9 sont \u00e0 prendre en compte. En effet, selon le m\u00e9tier que vous pratiquez, il est possible que vous soyez dans <strong>l\u2019obligation de facturer<\/strong>. Voici les secteurs concern\u00e9s&nbsp;:<\/p>\n<ul>\n<li>Les travaux<strong> immobiliers<\/strong><\/li>\n<li><strong>l\u2019h\u00f4tellerie et la restauration<\/strong><\/li>\n<li>les auto-\u00e9coles<\/li>\n<li>les garages et r\u00e9parations automobile<\/li>\n<li>les entreprises de d\u00e9m\u00e9nagement.<\/li>\n<\/ul>\n<p>Chaque prestation doit \u00eatre factur\u00e9e d\u00e8s sa r\u00e9alisation avec les<strong> mentions obligatoires <\/strong>suivantes&nbsp;:<\/p>\n<ul>\n<li>l\u2019adresse professionnelle et la raison sociale<\/li>\n<li>la date<\/li>\n<li><strong>la somme totale<\/strong> \u00e0 r\u00e9gler par le client<\/li>\n<li><strong>les prix TTC<\/strong> de chaque prestation<\/li>\n<li>la mention <strong>\u201cservice\u201d<\/strong> notamment pour la restauration.<\/li>\n<\/ul>\n<blockquote><p>Dans le cas d\u2019une infraction li\u00e9e \u00e0 la <strong>r\u00e9glementation de facturation \u00e0 un particulier<\/strong>, vous vous exposez \u00e0 une amende administrative d\u2019un montant maximum de 3000 euros pour les personnes physiques et pouvant aller jusqu\u2019\u00e0 15 000 euros pour une soci\u00e9t\u00e9.<\/p><\/blockquote>\n<p><strong>Votre facture B2C<\/strong> <a href=\"https:\/\/www.facture.net\/blog\/temps-conservation-factures\/\">doit \u00eatre conserv\u00e9e<\/a> pendant 6 ans de la m\u00eame fa\u00e7on qu\u2019une facture B2B. Il est m\u00eame conseill\u00e9 de la conserver 10 ans. Les factures \u00e9lectroniques peuvent \u00eatre conserv\u00e9es 3 ans puis archiv\u00e9es.<\/p>\n<h2>Quel outil pour cr\u00e9er vos factures B2C\u00a0?<\/h2>\n<p>Si vous r\u00e9alisez beaucoup de factures pour vos clients, il est essentiel de trouver un outil pratique et adapt\u00e9 pour <strong>optimiser votre temps et votre comptabilit\u00e9<\/strong>.<\/p>\n<p>Vous n\u2019\u00eates pas oblig\u00e9 de vous servir d\u2019un <strong>logiciel de facturation certifi\u00e9<\/strong> pour \u00e9tablir vos factures. En revanche, votre client ne doit pas \u00eatre en capacit\u00e9 de modifier les factures, il est donc n\u00e9cessaire de les convertir en<strong> format PDF<\/strong> pour \u00e9viter cela.<\/p>\n<blockquote><p>Pour <strong>cr\u00e9er vos factures B2C<\/strong>, n\u2019h\u00e9sitez pas \u00e0 tester <a href=\"https:\/\/www.facture.net\/\">Facture.net<\/a>, notre outil de facturation performant et 100% gratuit.<\/p><\/blockquote>\n<figure id=\"attachment_2184\" aria-describedby=\"caption-attachment-2184\" style=\"width: 700px\" class=\"wp-caption aligncenter\"><img decoding=\"async\" class=\"size-full wp-image-2184\" src=\"https:\/\/www.facture.net\/blog\/wp-content\/uploads\/sites\/3\/2021\/04\/facture-2.jpg\" alt=\"Cr\u00e9er facture B2C\" width=\"700\" height=\"557\" srcset=\"https:\/\/www.facture.net\/blog\/wp-content\/uploads\/sites\/3\/2021\/04\/facture-2.jpg 700w, https:\/\/www.facture.net\/blog\/wp-content\/uploads\/sites\/3\/2021\/04\/facture-2-300x239.jpg 300w, https:\/\/www.facture.net\/blog\/wp-content\/uploads\/sites\/3\/2021\/04\/facture-2-60x48.jpg 60w, https:\/\/www.facture.net\/blog\/wp-content\/uploads\/sites\/3\/2021\/04\/facture-2-370x294.jpg 370w, https:\/\/www.facture.net\/blog\/wp-content\/uploads\/sites\/3\/2021\/04\/facture-2-270x215.jpg 270w, https:\/\/www.facture.net\/blog\/wp-content\/uploads\/sites\/3\/2021\/04\/facture-2-570x454.jpg 570w\" sizes=\"(max-width: 700px) 100vw, 700px\" \/><figcaption id=\"caption-attachment-2184\" class=\"wp-caption-text\">Facture.net<\/figcaption><\/figure>\n<p>Bien qu\u2019il ne soit pas n\u00e9cessaire d\u2019utiliser un <strong>logiciel de facturation certifi\u00e9<\/strong>, il existe des obligations concernant les logiciels de caisse.<\/p>\n<p>Si votre soci\u00e9t\u00e9 est <strong>assujettie \u00e0 la TVA<\/strong> et r\u00e9alise des transactions avec des particuliers, vous devez utiliser <strong>un logiciel de caisse certifi\u00e9<\/strong>. Ce logiciel doit remplir les conditions l\u00e9gales d\u2019inali\u00e9nabilit\u00e9 et il doit assurer la s\u00e9curisation, la conservation et l\u2019<strong>archivage des donn\u00e9es. <\/strong><\/p>\n<p>Vous connaissez \u00e0 pr\u00e9sent les r\u00e8gles g\u00e9n\u00e9rales pour<strong> cr\u00e9er des factures B2C <\/strong>impeccables. Il est essentiel d&#8217;indiquer les<a href=\"https:\/\/www.facture.net\/blog\/contenu-legal-facture\/\"><strong> mentions obligatoires<\/strong><\/a> en fonction de votre secteur d\u2019activit\u00e9 sur les factures destin\u00e9es \u00e0 vos clients particuliers.<\/p>\n","protected":false},"excerpt":{"rendered":"<p>Si vous \u00eates auto-entrepreneur, dirigeant d\u2019une TPE ou d\u2019une PME, savoir cr\u00e9er une facture est une \u00e9tape essentielle. Si votre activit\u00e9 s\u2019adresse \u00e0 des clients particuliers et est orient\u00e9e B2C (Business to Consumer), vous devez ma\u00eetriser certaines r\u00e8gles pour bien g\u00e9rer votre facturation. De plus, facturer une prestation de service \u00e0 un client particulier implique [&hellip;]<\/p>\n","protected":false},"author":5,"featured_media":2183,"comment_status":"open","ping_status":"open","sticky":false,"template":"","format":"standard","meta":{"_acf_changed":false,"inline_featured_image":false,"footnotes":""},"categories":[4],"tags":[],"class_list":["post-2181","post","type-post","status-publish","format-standard","has-post-thumbnail","hentry","category-facturation"],"acf":[],"yoast_head":"<!-- This site is optimized with the Yoast SEO plugin v25.9 - https:\/\/yoast.com\/wordpress\/plugins\/seo\/ -->\n<title>Vente \u00e0 des particuliers&nbsp;: Comment cr\u00e9er une facture B2C&nbsp;?<\/title>\n<meta name=\"description\" content=\"Si vous \u00eates auto-entrepreneur, dirigeant d\u2019une TPE ou d\u2019une PME, savoir cr\u00e9er une facture est une \u00e9tape essentielle. Si votre activit\u00e9 s\u2019adresse \u00e0 des\" \/>\n<meta name=\"robots\" content=\"index, follow, max-snippet:-1, max-image-preview:large, max-video-preview:-1\" \/>\n<link rel=\"canonical\" href=\"https:\/\/www.facture.net\/blog\/vente-particuliers-facturation-b2c\/\" \/>\n<meta property=\"og:locale\" content=\"fr_FR\" \/>\n<meta property=\"og:type\" content=\"article\" \/>\n<meta property=\"og:title\" content=\"Vente \u00e0 des particuliers&nbsp;: Comment cr\u00e9er une facture B2C&nbsp;?\" \/>\n<meta property=\"og:description\" content=\"Si vous \u00eates auto-entrepreneur, dirigeant d\u2019une TPE ou d\u2019une PME, savoir cr\u00e9er une facture est une \u00e9tape essentielle. Si votre activit\u00e9 s\u2019adresse \u00e0 des\" \/>\n<meta property=\"og:url\" content=\"https:\/\/www.facture.net\/blog\/vente-particuliers-facturation-b2c\/\" \/>\n<meta property=\"og:site_name\" content=\"Facture.net\" \/>\n<meta property=\"article:published_time\" content=\"2021-05-13T08:30:26+00:00\" \/>\n<meta property=\"article:modified_time\" content=\"2025-08-21T07:43:35+00:00\" \/>\n<meta property=\"og:image\" content=\"https:\/\/www.facture.net\/blog\/wp-content\/uploads\/sites\/3\/2021\/04\/facture-3-1.jpg\" \/>\n\t<meta property=\"og:image:width\" content=\"1024\" \/>\n\t<meta property=\"og:image:height\" content=\"618\" \/>\n\t<meta property=\"og:image:type\" content=\"image\/jpeg\" \/>\n<meta name=\"author\" content=\"Thomas Lazzaroni\" \/>\n<meta name=\"twitter:card\" content=\"summary_large_image\" \/>\n<meta name=\"twitter:creator\" content=\"@totolazza\" \/>\n<meta name=\"twitter:label1\" content=\"\u00c9crit par\" \/>\n\t<meta name=\"twitter:data1\" content=\"Thomas Lazzaroni\" \/>\n\t<meta name=\"twitter:label2\" content=\"Dur\u00e9e de lecture estim\u00e9e\" \/>\n\t<meta name=\"twitter:data2\" content=\"6 minutes\" \/>\n<script type=\"application\/ld+json\" class=\"yoast-schema-graph\">{\"@context\":\"https:\/\/schema.org\",\"@graph\":[{\"@type\":\"Article\",\"@id\":\"https:\/\/www.facture.net\/blog\/vente-particuliers-facturation-b2c\/#article\",\"isPartOf\":{\"@id\":\"https:\/\/www.facture.net\/blog\/vente-particuliers-facturation-b2c\/\"},\"author\":{\"name\":\"Thomas Lazzaroni\",\"@id\":\"https:\/\/www.facture.net\/blog\/#\/schema\/person\/cc3b0a678aeffcae19ecc599eaf679e5\"},\"headline\":\"Vente \u00e0 des particuliers&nbsp;: Comment cr\u00e9er une facture B2C&nbsp;?\",\"datePublished\":\"2021-05-13T08:30:26+00:00\",\"dateModified\":\"2025-08-21T07:43:35+00:00\",\"mainEntityOfPage\":{\"@id\":\"https:\/\/www.facture.net\/blog\/vente-particuliers-facturation-b2c\/\"},\"wordCount\":1198,\"commentCount\":0,\"publisher\":{\"@id\":\"https:\/\/www.facture.net\/blog\/#organization\"},\"image\":{\"@id\":\"https:\/\/www.facture.net\/blog\/vente-particuliers-facturation-b2c\/#primaryimage\"},\"thumbnailUrl\":\"https:\/\/www.facture.net\/blog\/wp-content\/uploads\/sites\/3\/2021\/04\/facture-3-1.jpg\",\"articleSection\":[\"Facturation\"],\"inLanguage\":\"fr-FR\",\"potentialAction\":[{\"@type\":\"CommentAction\",\"name\":\"Comment\",\"target\":[\"https:\/\/www.facture.net\/blog\/vente-particuliers-facturation-b2c\/#respond\"]}]},{\"@type\":\"WebPage\",\"@id\":\"https:\/\/www.facture.net\/blog\/vente-particuliers-facturation-b2c\/\",\"url\":\"https:\/\/www.facture.net\/blog\/vente-particuliers-facturation-b2c\/\",\"name\":\"Vente \u00e0 des particuliers&nbsp;: Comment cr\u00e9er une facture B2C&nbsp;?\",\"isPartOf\":{\"@id\":\"https:\/\/www.facture.net\/blog\/#website\"},\"primaryImageOfPage\":{\"@id\":\"https:\/\/www.facture.net\/blog\/vente-particuliers-facturation-b2c\/#primaryimage\"},\"image\":{\"@id\":\"https:\/\/www.facture.net\/blog\/vente-particuliers-facturation-b2c\/#primaryimage\"},\"thumbnailUrl\":\"https:\/\/www.facture.net\/blog\/wp-content\/uploads\/sites\/3\/2021\/04\/facture-3-1.jpg\",\"datePublished\":\"2021-05-13T08:30:26+00:00\",\"dateModified\":\"2025-08-21T07:43:35+00:00\",\"description\":\"Si vous \u00eates auto-entrepreneur, dirigeant d\u2019une TPE ou d\u2019une PME, savoir cr\u00e9er une facture est une \u00e9tape essentielle. Si votre activit\u00e9 s\u2019adresse \u00e0 des\",\"breadcrumb\":{\"@id\":\"https:\/\/www.facture.net\/blog\/vente-particuliers-facturation-b2c\/#breadcrumb\"},\"inLanguage\":\"fr-FR\",\"potentialAction\":[{\"@type\":\"ReadAction\",\"target\":[\"https:\/\/www.facture.net\/blog\/vente-particuliers-facturation-b2c\/\"]}]},{\"@type\":\"ImageObject\",\"inLanguage\":\"fr-FR\",\"@id\":\"https:\/\/www.facture.net\/blog\/vente-particuliers-facturation-b2c\/#primaryimage\",\"url\":\"https:\/\/www.facture.net\/blog\/wp-content\/uploads\/sites\/3\/2021\/04\/facture-3-1.jpg\",\"contentUrl\":\"https:\/\/www.facture.net\/blog\/wp-content\/uploads\/sites\/3\/2021\/04\/facture-3-1.jpg\",\"width\":1024,\"height\":618,\"caption\":\"Source : freepik.com\"},{\"@type\":\"BreadcrumbList\",\"@id\":\"https:\/\/www.facture.net\/blog\/vente-particuliers-facturation-b2c\/#breadcrumb\",\"itemListElement\":[{\"@type\":\"ListItem\",\"position\":1,\"name\":\"Blog\",\"item\":\"https:\/\/www.facture.net\/blog\/\"},{\"@type\":\"ListItem\",\"position\":2,\"name\":\"Comptabilit\u00e9\",\"item\":\"https:\/\/www.facture.net\/blog\/comptabilite\/\"},{\"@type\":\"ListItem\",\"position\":3,\"name\":\"Facturation\",\"item\":\"https:\/\/www.facture.net\/blog\/comptabilite\/facturation\/\"},{\"@type\":\"ListItem\",\"position\":4,\"name\":\"Vente \u00e0 des particuliers&nbsp;: Comment cr\u00e9er une facture B2C&nbsp;?\"}]},{\"@type\":\"WebSite\",\"@id\":\"https:\/\/www.facture.net\/blog\/#website\",\"url\":\"https:\/\/www.facture.net\/blog\/\",\"name\":\"Facture.net\",\"description\":\"facture\",\"publisher\":{\"@id\":\"https:\/\/www.facture.net\/blog\/#organization\"},\"potentialAction\":[{\"@type\":\"SearchAction\",\"target\":{\"@type\":\"EntryPoint\",\"urlTemplate\":\"https:\/\/www.facture.net\/blog\/?s={search_term_string}\"},\"query-input\":{\"@type\":\"PropertyValueSpecification\",\"valueRequired\":true,\"valueName\":\"search_term_string\"}}],\"inLanguage\":\"fr-FR\"},{\"@type\":\"Organization\",\"@id\":\"https:\/\/www.facture.net\/blog\/#organization\",\"name\":\"Facture.net\",\"url\":\"https:\/\/www.facture.net\/blog\/\",\"logo\":{\"@type\":\"ImageObject\",\"inLanguage\":\"fr-FR\",\"@id\":\"https:\/\/www.facture.net\/blog\/#\/schema\/logo\/image\/\",\"url\":\"https:\/\/www.facture.net\/blog\/wp-content\/uploads\/sites\/3\/2022\/07\/logo-facture.svg\",\"contentUrl\":\"https:\/\/www.facture.net\/blog\/wp-content\/uploads\/sites\/3\/2022\/07\/logo-facture.svg\",\"width\":1,\"height\":1,\"caption\":\"Facture.net\"},\"image\":{\"@id\":\"https:\/\/www.facture.net\/blog\/#\/schema\/logo\/image\/\"}},{\"@type\":\"Person\",\"@id\":\"https:\/\/www.facture.net\/blog\/#\/schema\/person\/cc3b0a678aeffcae19ecc599eaf679e5\",\"name\":\"Thomas Lazzaroni\",\"image\":{\"@type\":\"ImageObject\",\"inLanguage\":\"fr-FR\",\"@id\":\"https:\/\/www.facture.net\/blog\/#\/schema\/person\/image\/\",\"url\":\"https:\/\/secure.gravatar.com\/avatar\/7306fb87b7017ab0955d07c2f2b771ac79e91965a2fca514df0c043f7c087fd2?s=96&d=mm&r=g\",\"contentUrl\":\"https:\/\/secure.gravatar.com\/avatar\/7306fb87b7017ab0955d07c2f2b771ac79e91965a2fca514df0c043f7c087fd2?s=96&d=mm&r=g\",\"caption\":\"Thomas Lazzaroni\"},\"description\":\"Depuis plus de 10 ans, je contribue \u00e0 faire rayonner nos sites en imaginant des strat\u00e9gies qui renforcent notre visibilit\u00e9 et notre position de r\u00e9f\u00e9rence.\",\"sameAs\":[\"https:\/\/totolazza.com\",\"https:\/\/www.linkedin.com\/in\/thomaslazzaroni\/\",\"https:\/\/x.com\/totolazza\"],\"url\":\"https:\/\/www.facture.net\/blog\/author\/thomas\/\"}]}<\/script>\n<!-- \/ Yoast SEO plugin. -->","yoast_head_json":{"title":"Vente \u00e0 des particuliers&nbsp;: Comment cr\u00e9er une facture B2C&nbsp;?","description":"Si vous \u00eates auto-entrepreneur, dirigeant d\u2019une TPE ou d\u2019une PME, savoir cr\u00e9er une facture est une \u00e9tape essentielle. Si votre activit\u00e9 s\u2019adresse \u00e0 des","robots":{"index":"index","follow":"follow","max-snippet":"max-snippet:-1","max-image-preview":"max-image-preview:large","max-video-preview":"max-video-preview:-1"},"canonical":"https:\/\/www.facture.net\/blog\/vente-particuliers-facturation-b2c\/","og_locale":"fr_FR","og_type":"article","og_title":"Vente \u00e0 des particuliers&nbsp;: Comment cr\u00e9er une facture B2C&nbsp;?","og_description":"Si vous \u00eates auto-entrepreneur, dirigeant d\u2019une TPE ou d\u2019une PME, savoir cr\u00e9er une facture est une \u00e9tape essentielle. Si votre activit\u00e9 s\u2019adresse \u00e0 des","og_url":"https:\/\/www.facture.net\/blog\/vente-particuliers-facturation-b2c\/","og_site_name":"Facture.net","article_published_time":"2021-05-13T08:30:26+00:00","article_modified_time":"2025-08-21T07:43:35+00:00","og_image":[{"width":1024,"height":618,"url":"https:\/\/www.facture.net\/blog\/wp-content\/uploads\/sites\/3\/2021\/04\/facture-3-1.jpg","type":"image\/jpeg"}],"author":"Thomas Lazzaroni","twitter_card":"summary_large_image","twitter_creator":"@totolazza","twitter_misc":{"\u00c9crit par":"Thomas Lazzaroni","Dur\u00e9e de lecture estim\u00e9e":"6 minutes"},"schema":{"@context":"https:\/\/schema.org","@graph":[{"@type":"Article","@id":"https:\/\/www.facture.net\/blog\/vente-particuliers-facturation-b2c\/#article","isPartOf":{"@id":"https:\/\/www.facture.net\/blog\/vente-particuliers-facturation-b2c\/"},"author":{"name":"Thomas Lazzaroni","@id":"https:\/\/www.facture.net\/blog\/#\/schema\/person\/cc3b0a678aeffcae19ecc599eaf679e5"},"headline":"Vente \u00e0 des particuliers&nbsp;: Comment cr\u00e9er une facture B2C&nbsp;?","datePublished":"2021-05-13T08:30:26+00:00","dateModified":"2025-08-21T07:43:35+00:00","mainEntityOfPage":{"@id":"https:\/\/www.facture.net\/blog\/vente-particuliers-facturation-b2c\/"},"wordCount":1198,"commentCount":0,"publisher":{"@id":"https:\/\/www.facture.net\/blog\/#organization"},"image":{"@id":"https:\/\/www.facture.net\/blog\/vente-particuliers-facturation-b2c\/#primaryimage"},"thumbnailUrl":"https:\/\/www.facture.net\/blog\/wp-content\/uploads\/sites\/3\/2021\/04\/facture-3-1.jpg","articleSection":["Facturation"],"inLanguage":"fr-FR","potentialAction":[{"@type":"CommentAction","name":"Comment","target":["https:\/\/www.facture.net\/blog\/vente-particuliers-facturation-b2c\/#respond"]}]},{"@type":"WebPage","@id":"https:\/\/www.facture.net\/blog\/vente-particuliers-facturation-b2c\/","url":"https:\/\/www.facture.net\/blog\/vente-particuliers-facturation-b2c\/","name":"Vente \u00e0 des particuliers&nbsp;: Comment cr\u00e9er une facture B2C&nbsp;?","isPartOf":{"@id":"https:\/\/www.facture.net\/blog\/#website"},"primaryImageOfPage":{"@id":"https:\/\/www.facture.net\/blog\/vente-particuliers-facturation-b2c\/#primaryimage"},"image":{"@id":"https:\/\/www.facture.net\/blog\/vente-particuliers-facturation-b2c\/#primaryimage"},"thumbnailUrl":"https:\/\/www.facture.net\/blog\/wp-content\/uploads\/sites\/3\/2021\/04\/facture-3-1.jpg","datePublished":"2021-05-13T08:30:26+00:00","dateModified":"2025-08-21T07:43:35+00:00","description":"Si vous \u00eates auto-entrepreneur, dirigeant d\u2019une TPE ou d\u2019une PME, savoir cr\u00e9er une facture est une \u00e9tape essentielle. Si votre activit\u00e9 s\u2019adresse \u00e0 des","breadcrumb":{"@id":"https:\/\/www.facture.net\/blog\/vente-particuliers-facturation-b2c\/#breadcrumb"},"inLanguage":"fr-FR","potentialAction":[{"@type":"ReadAction","target":["https:\/\/www.facture.net\/blog\/vente-particuliers-facturation-b2c\/"]}]},{"@type":"ImageObject","inLanguage":"fr-FR","@id":"https:\/\/www.facture.net\/blog\/vente-particuliers-facturation-b2c\/#primaryimage","url":"https:\/\/www.facture.net\/blog\/wp-content\/uploads\/sites\/3\/2021\/04\/facture-3-1.jpg","contentUrl":"https:\/\/www.facture.net\/blog\/wp-content\/uploads\/sites\/3\/2021\/04\/facture-3-1.jpg","width":1024,"height":618,"caption":"Source : freepik.com"},{"@type":"BreadcrumbList","@id":"https:\/\/www.facture.net\/blog\/vente-particuliers-facturation-b2c\/#breadcrumb","itemListElement":[{"@type":"ListItem","position":1,"name":"Blog","item":"https:\/\/www.facture.net\/blog\/"},{"@type":"ListItem","position":2,"name":"Comptabilit\u00e9","item":"https:\/\/www.facture.net\/blog\/comptabilite\/"},{"@type":"ListItem","position":3,"name":"Facturation","item":"https:\/\/www.facture.net\/blog\/comptabilite\/facturation\/"},{"@type":"ListItem","position":4,"name":"Vente \u00e0 des particuliers&nbsp;: Comment cr\u00e9er une facture B2C&nbsp;?"}]},{"@type":"WebSite","@id":"https:\/\/www.facture.net\/blog\/#website","url":"https:\/\/www.facture.net\/blog\/","name":"Facture.net","description":"facture","publisher":{"@id":"https:\/\/www.facture.net\/blog\/#organization"},"potentialAction":[{"@type":"SearchAction","target":{"@type":"EntryPoint","urlTemplate":"https:\/\/www.facture.net\/blog\/?s={search_term_string}"},"query-input":{"@type":"PropertyValueSpecification","valueRequired":true,"valueName":"search_term_string"}}],"inLanguage":"fr-FR"},{"@type":"Organization","@id":"https:\/\/www.facture.net\/blog\/#organization","name":"Facture.net","url":"https:\/\/www.facture.net\/blog\/","logo":{"@type":"ImageObject","inLanguage":"fr-FR","@id":"https:\/\/www.facture.net\/blog\/#\/schema\/logo\/image\/","url":"https:\/\/www.facture.net\/blog\/wp-content\/uploads\/sites\/3\/2022\/07\/logo-facture.svg","contentUrl":"https:\/\/www.facture.net\/blog\/wp-content\/uploads\/sites\/3\/2022\/07\/logo-facture.svg","width":1,"height":1,"caption":"Facture.net"},"image":{"@id":"https:\/\/www.facture.net\/blog\/#\/schema\/logo\/image\/"}},{"@type":"Person","@id":"https:\/\/www.facture.net\/blog\/#\/schema\/person\/cc3b0a678aeffcae19ecc599eaf679e5","name":"Thomas Lazzaroni","image":{"@type":"ImageObject","inLanguage":"fr-FR","@id":"https:\/\/www.facture.net\/blog\/#\/schema\/person\/image\/","url":"https:\/\/secure.gravatar.com\/avatar\/7306fb87b7017ab0955d07c2f2b771ac79e91965a2fca514df0c043f7c087fd2?s=96&d=mm&r=g","contentUrl":"https:\/\/secure.gravatar.com\/avatar\/7306fb87b7017ab0955d07c2f2b771ac79e91965a2fca514df0c043f7c087fd2?s=96&d=mm&r=g","caption":"Thomas Lazzaroni"},"description":"Depuis plus de 10 ans, je contribue \u00e0 faire rayonner nos sites en imaginant des strat\u00e9gies qui renforcent notre visibilit\u00e9 et notre position de r\u00e9f\u00e9rence.","sameAs":["https:\/\/totolazza.com","https:\/\/www.linkedin.com\/in\/thomaslazzaroni\/","https:\/\/x.com\/totolazza"],"url":"https:\/\/www.facture.net\/blog\/author\/thomas\/"}]}},"_links":{"self":[{"href":"https:\/\/www.facture.net\/blog\/wp-json\/wp\/v2\/posts\/2181","targetHints":{"allow":["GET"]}}],"collection":[{"href":"https:\/\/www.facture.net\/blog\/wp-json\/wp\/v2\/posts"}],"about":[{"href":"https:\/\/www.facture.net\/blog\/wp-json\/wp\/v2\/types\/post"}],"author":[{"embeddable":true,"href":"https:\/\/www.facture.net\/blog\/wp-json\/wp\/v2\/users\/5"}],"replies":[{"embeddable":true,"href":"https:\/\/www.facture.net\/blog\/wp-json\/wp\/v2\/comments?post=2181"}],"version-history":[{"count":0,"href":"https:\/\/www.facture.net\/blog\/wp-json\/wp\/v2\/posts\/2181\/revisions"}],"wp:featuredmedia":[{"embeddable":true,"href":"https:\/\/www.facture.net\/blog\/wp-json\/wp\/v2\/media\/2183"}],"wp:attachment":[{"href":"https:\/\/www.facture.net\/blog\/wp-json\/wp\/v2\/media?parent=2181"}],"wp:term":[{"taxonomy":"category","embeddable":true,"href":"https:\/\/www.facture.net\/blog\/wp-json\/wp\/v2\/categories?post=2181"},{"taxonomy":"post_tag","embeddable":true,"href":"https:\/\/www.facture.net\/blog\/wp-json\/wp\/v2\/tags?post=2181"}],"curies":[{"name":"wp","href":"https:\/\/api.w.org\/{rel}","templated":true}]}}