{"id":2170,"date":"2021-05-06T10:30:16","date_gmt":"2021-05-06T08:30:16","guid":{"rendered":"https:\/\/www.facture.net\/blog\/?p=2170"},"modified":"2025-08-21T09:43:35","modified_gmt":"2025-08-21T07:43:35","slug":"choix-regime-tva-entreprise","status":"publish","type":"post","link":"https:\/\/www.facture.net\/blog\/choix-regime-tva-entreprise\/","title":{"rendered":"Bien choisir le r\u00e9gime de TVA de votre entreprise"},"content":{"rendered":"<p>Choisir<strong> un r\u00e9gime de TVA<\/strong> pour votre entreprise est aussi important que le choix du statut juridique puisque le r\u00e9gime de TVA a un impact direct sur<strong> votre <a href=\"https:\/\/www.facture.net\/blog\/conseils-ameliorer-tresorerie\/\">tr\u00e9sorerie<\/a><\/strong>.<\/p>\n<p>On compte <strong>4 r\u00e9gimes de TVA <\/strong>en tout en France dont un <strong>r\u00e9gime d\u2019exon\u00e9ration.<\/strong> Votre entreprise doit \u00eatre soumise de plein droit \u00e0 l\u2019un des r\u00e9gimes en fonction de votre r\u00e9gime d\u2019imposition des b\u00e9n\u00e9fices et du chiffre d&#8217;affaires que vous r\u00e9alisez.<\/p>\n<p>Vous avez la possibilit\u00e9 de choisir votre r\u00e9gime de TVA mais ce choix a des cons\u00e9quences sur la <strong>charge administrative<\/strong> de l\u2019entreprise et sur la tr\u00e9sorerie. Voici ce que vous devez savoir pour <strong>bien choisir le r\u00e9gime de TVA de votre entreprise.<\/strong><\/p>\n<p>&nbsp;<\/p>\n<h2>Les 4 r\u00e9gimes d\u2019imposition \u00e0 la TVA<\/h2>\n<p>Vous \u00eates assujetti \u00e0 la TVA si vous r\u00e9alisez une des activit\u00e9s suivantes&nbsp;:<\/p>\n<ul>\n<li><strong>vente de marchandises <\/strong><\/li>\n<li><strong>prestation de services<\/strong><\/li>\n<li><strong>acquisitions<\/strong> intra-communautaires<\/li>\n<li><strong>importations<\/strong><\/li>\n<\/ul>\n<p>En fonction de votre activit\u00e9, <strong>le taux de paiement<\/strong> sur la taxe de la valeur ajout\u00e9e diff\u00e8re et les <a href=\"https:\/\/www.facture.net\/blog\/declaration-tva-a-savoir\/\"><strong>modalit\u00e9s de d\u00e9claration <\/strong><\/a>ne seront pas les m\u00eames.<\/p>\n<p>Il existe cependant des op\u00e9rations qui sont exon\u00e9r\u00e9es de TVA comme les activit\u00e9s d\u2019enseignement, les livraisons intra-communautaires ou les soins m\u00e9dicaux et param\u00e9dicaux.<\/p>\n<p>Voici les r\u00e9gimes de TVA en France&nbsp;:<\/p>\n<ul>\n<li><strong>la franchise en base de TVA <\/strong><\/li>\n<li><strong>le r\u00e9gime du r\u00e9el simplifi\u00e9 de TVA<\/strong><\/li>\n<li><strong>le r\u00e9gime du r\u00e9el normal de TVA<\/strong><\/li>\n<li><strong>le r\u00e9gime mini-r\u00e9el de TVA<\/strong><\/li>\n<\/ul>\n<p>En fonction du r\u00e9gime de TVA que vous choisirez, les obligations d\u00e9claratives ne seront pas les m\u00eames.<\/p>\n<figure id=\"attachment_2178\" aria-describedby=\"caption-attachment-2178\" style=\"width: 700px\" class=\"wp-caption aligncenter\"><img decoding=\"async\" class=\"size-full wp-image-2178\" src=\"https:\/\/www.facture.net\/blog\/wp-content\/uploads\/sites\/3\/2021\/04\/tvafr2-1.jpg\" alt=\"Choisir r\u00e9gime TVA\" width=\"700\" height=\"467\" srcset=\"https:\/\/www.facture.net\/blog\/wp-content\/uploads\/sites\/3\/2021\/04\/tvafr2-1.jpg 700w, https:\/\/www.facture.net\/blog\/wp-content\/uploads\/sites\/3\/2021\/04\/tvafr2-1-300x200.jpg 300w, https:\/\/www.facture.net\/blog\/wp-content\/uploads\/sites\/3\/2021\/04\/tvafr2-1-60x40.jpg 60w, https:\/\/www.facture.net\/blog\/wp-content\/uploads\/sites\/3\/2021\/04\/tvafr2-1-370x247.jpg 370w, https:\/\/www.facture.net\/blog\/wp-content\/uploads\/sites\/3\/2021\/04\/tvafr2-1-270x180.jpg 270w, https:\/\/www.facture.net\/blog\/wp-content\/uploads\/sites\/3\/2021\/04\/tvafr2-1-570x380.jpg 570w\" sizes=\"(max-width: 700px) 100vw, 700px\" \/><figcaption id=\"caption-attachment-2178\" class=\"wp-caption-text\">Source&nbsp;: Freepik.com<\/figcaption><\/figure>\n<p>&nbsp;<\/p>\n<h2>1. La franchise en base de TVA<\/h2>\n<p><strong>La franchise de TVA<\/strong> s\u2019applique aux entreprises qui g\u00e9n\u00e8rent peu de chiffre d\u2019affaires. Une entreprise en franchise en base de TVA ne paye pas la TVA et n\u2019est donc pas concern\u00e9e par les modalit\u00e9s de d\u00e9claration.<\/p>\n<p>Si vous choisissez ce r\u00e9gime, vous n\u2019aurez pas \u00e0 <a href=\"https:\/\/www.facture.net\/blog\/facturation-comment-calculer-tva\/\"><strong>facturer la TVA<\/strong><\/a> \u00e0 vos clients. Vous pouvez opter pour ce r\u00e9gime si votre chiffre d\u2019affaires annuel hors taxes de l\u2019exercice pr\u00e9c\u00e9dent est inf\u00e9rieur \u00e0&nbsp;:<\/p>\n<ul>\n<li>82 800 \u20ac pour <strong>les activit\u00e9s de ventes de marchandises<\/strong>, objets, livraisons de biens ou de ventes \u00e0 consommer sur place<\/li>\n<li>33 200 \u20ac pour les <strong>prestations de service <\/strong>et la majorit\u00e9 des professions lib\u00e9rales<\/li>\n<li>42 300 \u20ac pour les <strong>professions lib\u00e9rales r\u00e9glement\u00e9es.<\/strong><\/li>\n<\/ul>\n<p>Pour une <strong>cr\u00e9ation d\u2019entreprise<\/strong>, la franchise est de droit la premi\u00e8re ann\u00e9e d\u2019activit\u00e9 si le chiffre d\u2019affaires limite de 91 000 \u20ac ou 35 200 \u20ac n\u2019est pas atteint.<\/p>\n<p>Quel que soit votre<strong> r\u00e9gime d\u2019imposition,<\/strong> vous b\u00e9n\u00e9ficiez donc de plein droit de la franchise en base de TVA si votre chiffre d\u2019affaires est inf\u00e9rieur \u00e0 ces plafonds. Les activit\u00e9s agricoles et les op\u00e9rations sur immeubles sont exclues de ce r\u00e9gime quel que soit le chiffre d\u2019affaires qu\u2019elles g\u00e9n\u00e8rent.<\/p>\n<blockquote><p>Lorsque vous choisissez le r\u00e9gime de franchise de TVA, vous ne pouvez pas<a href=\"https:\/\/www.facture.net\/blog\/deduction-recuperation-tva\/\"><strong> d\u00e9duire la TVA <\/strong><\/a>de vos d\u00e9penses professionnelles puisque vous ne la collectez pas.<\/p><\/blockquote>\n<p>De plus, la TVA ne doit pas appara\u00eetre sur vos factures sur lesquelles vous devrez donc mentionner&nbsp;: <strong>\u201cArticle 293 B, TVA non applicable\u201d.\u00a0 <\/strong><\/p>\n<p>Si vous r\u00e9alisez beaucoup d\u2019investissements et que vous souhaitez d\u00e9duire la TVA de vos d\u00e9penses professionnelles, vous pourrez<strong> changer de r\u00e9gime<\/strong> sous conditions.<\/p>\n<figure id=\"attachment_2177\" aria-describedby=\"caption-attachment-2177\" style=\"width: 700px\" class=\"wp-caption aligncenter\"><img decoding=\"async\" class=\"size-full wp-image-2177\" src=\"https:\/\/www.facture.net\/blog\/wp-content\/uploads\/sites\/3\/2021\/04\/tvafr-1.jpg\" alt=\"Choisir r\u00e9gime TVA entreprise\" width=\"700\" height=\"467\" srcset=\"https:\/\/www.facture.net\/blog\/wp-content\/uploads\/sites\/3\/2021\/04\/tvafr-1.jpg 700w, https:\/\/www.facture.net\/blog\/wp-content\/uploads\/sites\/3\/2021\/04\/tvafr-1-300x200.jpg 300w, https:\/\/www.facture.net\/blog\/wp-content\/uploads\/sites\/3\/2021\/04\/tvafr-1-60x40.jpg 60w, https:\/\/www.facture.net\/blog\/wp-content\/uploads\/sites\/3\/2021\/04\/tvafr-1-370x247.jpg 370w, https:\/\/www.facture.net\/blog\/wp-content\/uploads\/sites\/3\/2021\/04\/tvafr-1-270x180.jpg 270w, https:\/\/www.facture.net\/blog\/wp-content\/uploads\/sites\/3\/2021\/04\/tvafr-1-570x380.jpg 570w\" sizes=\"(max-width: 700px) 100vw, 700px\" \/><figcaption id=\"caption-attachment-2177\" class=\"wp-caption-text\">Source&nbsp;: freepik.com<\/figcaption><\/figure>\n<p>&nbsp;<\/p>\n<h2>2. Le r\u00e9gime r\u00e9el normal de TVA<\/h2>\n<p><strong>Le r\u00e9gime r\u00e9el normal de TVA<\/strong> est le r\u00e9gime classique qui n\u00e9cessite une <a href=\"https:\/\/www.facture.net\/blog\/erreur-declaration-tva\/\">d\u00e9claration<\/a> mensuelle ou trimestrielle. Vous devrez payer chaque mois le <strong>solde positif de TVA<\/strong>. La d\u00e9claration trimestrielle est possible si la TVA exigible sur l\u2019ann\u00e9e ne d\u00e9passe pas 4000 \u20ac.<\/p>\n<p>Ce r\u00e9gime s\u2019applique \u00e0 des soci\u00e9t\u00e9s plus importantes dont le <strong>chiffre d\u2019affaires annuel<\/strong> est sup\u00e9rieur \u00e0&nbsp;:<\/p>\n<ul>\n<li>818 000 \u20ac pour les activit\u00e9s de vente de marchandises, de vente \u00e0 consommer sur place et de fourniture de logement<\/li>\n<li>247 000 \u20ac pour les professions lib\u00e9rales et prestations de services.<\/li>\n<\/ul>\n<p>Les entreprises qui rel\u00e8vent du RN doivent <strong>reverser la TVA <\/strong>d\u00e8s le d\u00e9but de leur activit\u00e9 sur la d\u00e9claration transmise d\u00e8s le mois ou le trimestre suivant le d\u00e9but de r\u00e9alisation de chiffre d\u2019affaires.<\/p>\n<p>Ce r\u00e9gime s\u2019applique aussi aux entreprises dont le <strong>montant de TVA exigible<\/strong> l\u2019ann\u00e9e pr\u00e9c\u00e9dente exc\u00e8de 15 000 \u20ac.<\/p>\n<p>&nbsp;<\/p>\n<h2>3. Le r\u00e9gime mini-r\u00e9el de TVA<\/h2>\n<p>Ce r\u00e9gime est tr\u00e8s proche du r\u00e9gime r\u00e9el normal de TVA, c\u2019est une option int\u00e9ressante pour certaines entreprises puisqu\u2019elle consiste \u00e0 choisir le r\u00e9gime r\u00e9el normal de TVA tout en restant au r\u00e9gime simplifi\u00e9 en mati\u00e8re d<strong>\u2019imposition des b\u00e9n\u00e9fices<\/strong>.<\/p>\n<p>Il est par contre\u00a0 essentiel de tenir une<strong> comptabilit\u00e9 compl\u00e8te<\/strong> et il y a de nombreuses <strong>formalit\u00e9s fiscales<\/strong> \u00e0 prendre en compte.<\/p>\n<p>C\u2019est une option int\u00e9ressante pour les soci\u00e9t\u00e9s de taille moyenne en <strong>cr\u00e9dit de TVA<\/strong> car elles peuvent r\u00e9cup\u00e9rer les cr\u00e9dits tous les mois ou \u00eatre rembours\u00e9es sans avoir \u00e0 changer de r\u00e9gime d\u2019imposition des b\u00e9n\u00e9fices.<\/p>\n<p>&nbsp;<\/p>\n<h2>4. Le r\u00e9gime du r\u00e9el simplifi\u00e9 de TVA<\/h2>\n<p>Ce r\u00e9gime peut s\u2019appliquer aux entreprises de taille moyenne. Vous devez alors d\u00e9poser une d\u00e9claration annuelle de r\u00e9gularisation le cas \u00e9ch\u00e9ant et payer deux acomptes semestriels en juillet et en d\u00e9cembre.<\/p>\n<p>Les acomptes sont <strong>calcul\u00e9s en fonction de la TVA r\u00e9gl\u00e9e l\u2019ann\u00e9e pr\u00e9c\u00e9dente<\/strong> cependant ils peuvent \u00eatre modul\u00e9s si l\u2019entreprise trouve qu\u2019ils sont trop \u00e9lev\u00e9s par rapport au chiffre d\u2019affaires pr\u00e9visionnel. Les nouvelles entreprises doivent anticiper le montant des acomptes.<\/p>\n<p>L\u2019acompte que vous versez au mois de juillet correspond \u00e0 <strong>55% de la TVA <\/strong>due au titre de l\u2019ann\u00e9e pr\u00e9c\u00e9dente et celui de d\u00e9cembre \u00e0<strong> 40% de ce montant. <\/strong>Il n\u2019y aura pas d\u2019acompte l\u2019ann\u00e9e suivante si la TVA due au titre de l\u2019ann\u00e9e pr\u00e9c\u00e9dente est inf\u00e9rieure \u00e0 1000 \u20ac.<\/p>\n<blockquote><p>La r\u00e9gularisation se fait lors du <strong>d\u00e9p\u00f4t de la d\u00e9claration annuelle CA12.<\/strong> Si le montant \u00e0 r\u00e9gler est sup\u00e9rieur aux acomptes vers\u00e9s, le solde est alors pay\u00e9 au tr\u00e9sor. Dans le cas contraire, l\u2019exc\u00e9dent est report\u00e9 sur l\u2019acompte suivant ou rembours\u00e9.<\/p><\/blockquote>\n<p>Votre entreprise est concern\u00e9e par le<strong> r\u00e9gime r\u00e9el simplifi\u00e9 de TVA<\/strong> si elle se trouve \u00eatre entre les seuils de la franchise de TVA et ceux du r\u00e9gime r\u00e9el normal.<\/p>\n<p>Les soci\u00e9t\u00e9s ayant pay\u00e9 plus de 15 000 \u20ac de TVA au titre de l\u2019ann\u00e9e pr\u00e9c\u00e9dente basculent obligatoirement au r\u00e9gime r\u00e9el normal de TVA quel que soit leur chiffre d\u2019affaires.<\/p>\n<p>&nbsp;<\/p>\n<p>Vous pouvez donc <strong>choisir le r\u00e9gime de TVA<\/strong> le mieux adapt\u00e9 \u00e0 votre activit\u00e9 mais aucun r\u00e9gime n\u2019est r\u00e9ellement plus avantageux qu\u2019un autre.<\/p>\n<p>En effet, cela d\u00e9pend de la taille de votre entreprise, de votre activit\u00e9 ou bien de votre situation \u00e0 l\u2019\u00e9gard de la TVA.<\/p>\n","protected":false},"excerpt":{"rendered":"<p>Choisir un r\u00e9gime de TVA pour votre entreprise est aussi important que le choix du statut juridique puisque le r\u00e9gime de TVA a un impact direct sur votre tr\u00e9sorerie. On compte 4 r\u00e9gimes de TVA en tout en France dont un r\u00e9gime d\u2019exon\u00e9ration. Votre entreprise doit \u00eatre soumise de plein droit \u00e0 l\u2019un des r\u00e9gimes [&hellip;]<\/p>\n","protected":false},"author":5,"featured_media":2176,"comment_status":"open","ping_status":"open","sticky":false,"template":"","format":"standard","meta":{"_acf_changed":false,"inline_featured_image":false,"footnotes":""},"categories":[14],"tags":[],"class_list":["post-2170","post","type-post","status-publish","format-standard","has-post-thumbnail","hentry","category-tva"],"acf":[],"yoast_head":"<!-- This site is optimized with the Yoast SEO plugin v25.9 - https:\/\/yoast.com\/wordpress\/plugins\/seo\/ -->\n<title>Bien choisir le r\u00e9gime de TVA de votre entreprise<\/title>\n<meta name=\"description\" content=\"Choisir un r\u00e9gime de TVA pour votre entreprise est aussi important que le choix du statut juridique puisque le r\u00e9gime de TVA a un impact direct sur votre\" \/>\n<meta name=\"robots\" content=\"index, follow, max-snippet:-1, max-image-preview:large, max-video-preview:-1\" \/>\n<link rel=\"canonical\" href=\"https:\/\/www.facture.net\/blog\/choix-regime-tva-entreprise\/\" \/>\n<meta property=\"og:locale\" content=\"fr_FR\" \/>\n<meta property=\"og:type\" content=\"article\" \/>\n<meta property=\"og:title\" content=\"Bien choisir le r\u00e9gime de TVA de votre entreprise\" \/>\n<meta property=\"og:description\" content=\"Choisir un r\u00e9gime de TVA pour votre entreprise est aussi important que le choix du statut juridique puisque le r\u00e9gime de TVA a un impact direct sur votre\" \/>\n<meta property=\"og:url\" content=\"https:\/\/www.facture.net\/blog\/choix-regime-tva-entreprise\/\" \/>\n<meta property=\"og:site_name\" content=\"Facture.net\" \/>\n<meta property=\"article:published_time\" content=\"2021-05-06T08:30:16+00:00\" \/>\n<meta property=\"article:modified_time\" content=\"2025-08-21T07:43:35+00:00\" \/>\n<meta property=\"og:image\" content=\"https:\/\/www.facture.net\/blog\/wp-content\/uploads\/sites\/3\/2021\/04\/tvaad-1.jpeg\" \/>\n\t<meta property=\"og:image:width\" content=\"1024\" \/>\n\t<meta property=\"og:image:height\" content=\"618\" \/>\n\t<meta property=\"og:image:type\" content=\"image\/jpeg\" \/>\n<meta name=\"author\" content=\"Thomas Lazzaroni\" \/>\n<meta name=\"twitter:card\" content=\"summary_large_image\" \/>\n<meta name=\"twitter:creator\" content=\"@totolazza\" \/>\n<meta name=\"twitter:label1\" content=\"\u00c9crit par\" \/>\n\t<meta name=\"twitter:data1\" content=\"Thomas Lazzaroni\" \/>\n\t<meta name=\"twitter:label2\" content=\"Dur\u00e9e de lecture estim\u00e9e\" \/>\n\t<meta name=\"twitter:data2\" content=\"6 minutes\" \/>\n<script type=\"application\/ld+json\" class=\"yoast-schema-graph\">{\"@context\":\"https:\/\/schema.org\",\"@graph\":[{\"@type\":\"Article\",\"@id\":\"https:\/\/www.facture.net\/blog\/choix-regime-tva-entreprise\/#article\",\"isPartOf\":{\"@id\":\"https:\/\/www.facture.net\/blog\/choix-regime-tva-entreprise\/\"},\"author\":{\"name\":\"Thomas Lazzaroni\",\"@id\":\"https:\/\/www.facture.net\/blog\/#\/schema\/person\/cc3b0a678aeffcae19ecc599eaf679e5\"},\"headline\":\"Bien choisir le r\u00e9gime de TVA de votre entreprise\",\"datePublished\":\"2021-05-06T08:30:16+00:00\",\"dateModified\":\"2025-08-21T07:43:35+00:00\",\"mainEntityOfPage\":{\"@id\":\"https:\/\/www.facture.net\/blog\/choix-regime-tva-entreprise\/\"},\"wordCount\":1243,\"commentCount\":0,\"publisher\":{\"@id\":\"https:\/\/www.facture.net\/blog\/#organization\"},\"image\":{\"@id\":\"https:\/\/www.facture.net\/blog\/choix-regime-tva-entreprise\/#primaryimage\"},\"thumbnailUrl\":\"https:\/\/www.facture.net\/blog\/wp-content\/uploads\/sites\/3\/2021\/04\/tvaad-1.jpeg\",\"articleSection\":[\"TVA\"],\"inLanguage\":\"fr-FR\",\"potentialAction\":[{\"@type\":\"CommentAction\",\"name\":\"Comment\",\"target\":[\"https:\/\/www.facture.net\/blog\/choix-regime-tva-entreprise\/#respond\"]}]},{\"@type\":\"WebPage\",\"@id\":\"https:\/\/www.facture.net\/blog\/choix-regime-tva-entreprise\/\",\"url\":\"https:\/\/www.facture.net\/blog\/choix-regime-tva-entreprise\/\",\"name\":\"Bien choisir le r\u00e9gime de TVA de votre entreprise\",\"isPartOf\":{\"@id\":\"https:\/\/www.facture.net\/blog\/#website\"},\"primaryImageOfPage\":{\"@id\":\"https:\/\/www.facture.net\/blog\/choix-regime-tva-entreprise\/#primaryimage\"},\"image\":{\"@id\":\"https:\/\/www.facture.net\/blog\/choix-regime-tva-entreprise\/#primaryimage\"},\"thumbnailUrl\":\"https:\/\/www.facture.net\/blog\/wp-content\/uploads\/sites\/3\/2021\/04\/tvaad-1.jpeg\",\"datePublished\":\"2021-05-06T08:30:16+00:00\",\"dateModified\":\"2025-08-21T07:43:35+00:00\",\"description\":\"Choisir un r\u00e9gime de TVA pour votre entreprise est aussi important que le choix du statut juridique puisque le r\u00e9gime de TVA a un impact direct sur votre\",\"breadcrumb\":{\"@id\":\"https:\/\/www.facture.net\/blog\/choix-regime-tva-entreprise\/#breadcrumb\"},\"inLanguage\":\"fr-FR\",\"potentialAction\":[{\"@type\":\"ReadAction\",\"target\":[\"https:\/\/www.facture.net\/blog\/choix-regime-tva-entreprise\/\"]}]},{\"@type\":\"ImageObject\",\"inLanguage\":\"fr-FR\",\"@id\":\"https:\/\/www.facture.net\/blog\/choix-regime-tva-entreprise\/#primaryimage\",\"url\":\"https:\/\/www.facture.net\/blog\/wp-content\/uploads\/sites\/3\/2021\/04\/tvaad-1.jpeg\",\"contentUrl\":\"https:\/\/www.facture.net\/blog\/wp-content\/uploads\/sites\/3\/2021\/04\/tvaad-1.jpeg\",\"width\":1024,\"height\":618,\"caption\":\"Source : Adobe stock\"},{\"@type\":\"BreadcrumbList\",\"@id\":\"https:\/\/www.facture.net\/blog\/choix-regime-tva-entreprise\/#breadcrumb\",\"itemListElement\":[{\"@type\":\"ListItem\",\"position\":1,\"name\":\"Blog\",\"item\":\"https:\/\/www.facture.net\/blog\/\"},{\"@type\":\"ListItem\",\"position\":2,\"name\":\"Comptabilit\u00e9\",\"item\":\"https:\/\/www.facture.net\/blog\/comptabilite\/\"},{\"@type\":\"ListItem\",\"position\":3,\"name\":\"Fiscalit\u00e9\",\"item\":\"https:\/\/www.facture.net\/blog\/comptabilite\/fiscalite\/\"},{\"@type\":\"ListItem\",\"position\":4,\"name\":\"TVA\",\"item\":\"https:\/\/www.facture.net\/blog\/comptabilite\/fiscalite\/tva\/\"},{\"@type\":\"ListItem\",\"position\":5,\"name\":\"Bien choisir le r\u00e9gime de TVA de votre entreprise\"}]},{\"@type\":\"WebSite\",\"@id\":\"https:\/\/www.facture.net\/blog\/#website\",\"url\":\"https:\/\/www.facture.net\/blog\/\",\"name\":\"Facture.net\",\"description\":\"facture\",\"publisher\":{\"@id\":\"https:\/\/www.facture.net\/blog\/#organization\"},\"potentialAction\":[{\"@type\":\"SearchAction\",\"target\":{\"@type\":\"EntryPoint\",\"urlTemplate\":\"https:\/\/www.facture.net\/blog\/?s={search_term_string}\"},\"query-input\":{\"@type\":\"PropertyValueSpecification\",\"valueRequired\":true,\"valueName\":\"search_term_string\"}}],\"inLanguage\":\"fr-FR\"},{\"@type\":\"Organization\",\"@id\":\"https:\/\/www.facture.net\/blog\/#organization\",\"name\":\"Facture.net\",\"url\":\"https:\/\/www.facture.net\/blog\/\",\"logo\":{\"@type\":\"ImageObject\",\"inLanguage\":\"fr-FR\",\"@id\":\"https:\/\/www.facture.net\/blog\/#\/schema\/logo\/image\/\",\"url\":\"https:\/\/www.facture.net\/blog\/wp-content\/uploads\/sites\/3\/2022\/07\/logo-facture.svg\",\"contentUrl\":\"https:\/\/www.facture.net\/blog\/wp-content\/uploads\/sites\/3\/2022\/07\/logo-facture.svg\",\"width\":1,\"height\":1,\"caption\":\"Facture.net\"},\"image\":{\"@id\":\"https:\/\/www.facture.net\/blog\/#\/schema\/logo\/image\/\"}},{\"@type\":\"Person\",\"@id\":\"https:\/\/www.facture.net\/blog\/#\/schema\/person\/cc3b0a678aeffcae19ecc599eaf679e5\",\"name\":\"Thomas Lazzaroni\",\"image\":{\"@type\":\"ImageObject\",\"inLanguage\":\"fr-FR\",\"@id\":\"https:\/\/www.facture.net\/blog\/#\/schema\/person\/image\/\",\"url\":\"https:\/\/secure.gravatar.com\/avatar\/7306fb87b7017ab0955d07c2f2b771ac79e91965a2fca514df0c043f7c087fd2?s=96&d=mm&r=g\",\"contentUrl\":\"https:\/\/secure.gravatar.com\/avatar\/7306fb87b7017ab0955d07c2f2b771ac79e91965a2fca514df0c043f7c087fd2?s=96&d=mm&r=g\",\"caption\":\"Thomas Lazzaroni\"},\"description\":\"Depuis plus de 10 ans, je contribue \u00e0 faire rayonner nos sites en imaginant des strat\u00e9gies qui renforcent notre visibilit\u00e9 et notre position de r\u00e9f\u00e9rence.\",\"sameAs\":[\"https:\/\/totolazza.com\",\"https:\/\/www.linkedin.com\/in\/thomaslazzaroni\/\",\"https:\/\/x.com\/totolazza\"],\"url\":\"https:\/\/www.facture.net\/blog\/author\/thomas\/\"}]}<\/script>\n<!-- \/ Yoast SEO plugin. -->","yoast_head_json":{"title":"Bien choisir le r\u00e9gime de TVA de votre entreprise","description":"Choisir un r\u00e9gime de TVA pour votre entreprise est aussi important que le choix du statut juridique puisque le r\u00e9gime de TVA a un impact direct sur votre","robots":{"index":"index","follow":"follow","max-snippet":"max-snippet:-1","max-image-preview":"max-image-preview:large","max-video-preview":"max-video-preview:-1"},"canonical":"https:\/\/www.facture.net\/blog\/choix-regime-tva-entreprise\/","og_locale":"fr_FR","og_type":"article","og_title":"Bien choisir le r\u00e9gime de TVA de votre entreprise","og_description":"Choisir un r\u00e9gime de TVA pour votre entreprise est aussi important que le choix du statut juridique puisque le r\u00e9gime de TVA a un impact direct sur votre","og_url":"https:\/\/www.facture.net\/blog\/choix-regime-tva-entreprise\/","og_site_name":"Facture.net","article_published_time":"2021-05-06T08:30:16+00:00","article_modified_time":"2025-08-21T07:43:35+00:00","og_image":[{"width":1024,"height":618,"url":"https:\/\/www.facture.net\/blog\/wp-content\/uploads\/sites\/3\/2021\/04\/tvaad-1.jpeg","type":"image\/jpeg"}],"author":"Thomas Lazzaroni","twitter_card":"summary_large_image","twitter_creator":"@totolazza","twitter_misc":{"\u00c9crit par":"Thomas Lazzaroni","Dur\u00e9e de lecture estim\u00e9e":"6 minutes"},"schema":{"@context":"https:\/\/schema.org","@graph":[{"@type":"Article","@id":"https:\/\/www.facture.net\/blog\/choix-regime-tva-entreprise\/#article","isPartOf":{"@id":"https:\/\/www.facture.net\/blog\/choix-regime-tva-entreprise\/"},"author":{"name":"Thomas Lazzaroni","@id":"https:\/\/www.facture.net\/blog\/#\/schema\/person\/cc3b0a678aeffcae19ecc599eaf679e5"},"headline":"Bien choisir le r\u00e9gime de TVA de votre entreprise","datePublished":"2021-05-06T08:30:16+00:00","dateModified":"2025-08-21T07:43:35+00:00","mainEntityOfPage":{"@id":"https:\/\/www.facture.net\/blog\/choix-regime-tva-entreprise\/"},"wordCount":1243,"commentCount":0,"publisher":{"@id":"https:\/\/www.facture.net\/blog\/#organization"},"image":{"@id":"https:\/\/www.facture.net\/blog\/choix-regime-tva-entreprise\/#primaryimage"},"thumbnailUrl":"https:\/\/www.facture.net\/blog\/wp-content\/uploads\/sites\/3\/2021\/04\/tvaad-1.jpeg","articleSection":["TVA"],"inLanguage":"fr-FR","potentialAction":[{"@type":"CommentAction","name":"Comment","target":["https:\/\/www.facture.net\/blog\/choix-regime-tva-entreprise\/#respond"]}]},{"@type":"WebPage","@id":"https:\/\/www.facture.net\/blog\/choix-regime-tva-entreprise\/","url":"https:\/\/www.facture.net\/blog\/choix-regime-tva-entreprise\/","name":"Bien choisir le r\u00e9gime de TVA de votre entreprise","isPartOf":{"@id":"https:\/\/www.facture.net\/blog\/#website"},"primaryImageOfPage":{"@id":"https:\/\/www.facture.net\/blog\/choix-regime-tva-entreprise\/#primaryimage"},"image":{"@id":"https:\/\/www.facture.net\/blog\/choix-regime-tva-entreprise\/#primaryimage"},"thumbnailUrl":"https:\/\/www.facture.net\/blog\/wp-content\/uploads\/sites\/3\/2021\/04\/tvaad-1.jpeg","datePublished":"2021-05-06T08:30:16+00:00","dateModified":"2025-08-21T07:43:35+00:00","description":"Choisir un r\u00e9gime de TVA pour votre entreprise est aussi important que le choix du statut juridique puisque le r\u00e9gime de TVA a un impact direct sur votre","breadcrumb":{"@id":"https:\/\/www.facture.net\/blog\/choix-regime-tva-entreprise\/#breadcrumb"},"inLanguage":"fr-FR","potentialAction":[{"@type":"ReadAction","target":["https:\/\/www.facture.net\/blog\/choix-regime-tva-entreprise\/"]}]},{"@type":"ImageObject","inLanguage":"fr-FR","@id":"https:\/\/www.facture.net\/blog\/choix-regime-tva-entreprise\/#primaryimage","url":"https:\/\/www.facture.net\/blog\/wp-content\/uploads\/sites\/3\/2021\/04\/tvaad-1.jpeg","contentUrl":"https:\/\/www.facture.net\/blog\/wp-content\/uploads\/sites\/3\/2021\/04\/tvaad-1.jpeg","width":1024,"height":618,"caption":"Source : Adobe stock"},{"@type":"BreadcrumbList","@id":"https:\/\/www.facture.net\/blog\/choix-regime-tva-entreprise\/#breadcrumb","itemListElement":[{"@type":"ListItem","position":1,"name":"Blog","item":"https:\/\/www.facture.net\/blog\/"},{"@type":"ListItem","position":2,"name":"Comptabilit\u00e9","item":"https:\/\/www.facture.net\/blog\/comptabilite\/"},{"@type":"ListItem","position":3,"name":"Fiscalit\u00e9","item":"https:\/\/www.facture.net\/blog\/comptabilite\/fiscalite\/"},{"@type":"ListItem","position":4,"name":"TVA","item":"https:\/\/www.facture.net\/blog\/comptabilite\/fiscalite\/tva\/"},{"@type":"ListItem","position":5,"name":"Bien choisir le r\u00e9gime de TVA de votre entreprise"}]},{"@type":"WebSite","@id":"https:\/\/www.facture.net\/blog\/#website","url":"https:\/\/www.facture.net\/blog\/","name":"Facture.net","description":"facture","publisher":{"@id":"https:\/\/www.facture.net\/blog\/#organization"},"potentialAction":[{"@type":"SearchAction","target":{"@type":"EntryPoint","urlTemplate":"https:\/\/www.facture.net\/blog\/?s={search_term_string}"},"query-input":{"@type":"PropertyValueSpecification","valueRequired":true,"valueName":"search_term_string"}}],"inLanguage":"fr-FR"},{"@type":"Organization","@id":"https:\/\/www.facture.net\/blog\/#organization","name":"Facture.net","url":"https:\/\/www.facture.net\/blog\/","logo":{"@type":"ImageObject","inLanguage":"fr-FR","@id":"https:\/\/www.facture.net\/blog\/#\/schema\/logo\/image\/","url":"https:\/\/www.facture.net\/blog\/wp-content\/uploads\/sites\/3\/2022\/07\/logo-facture.svg","contentUrl":"https:\/\/www.facture.net\/blog\/wp-content\/uploads\/sites\/3\/2022\/07\/logo-facture.svg","width":1,"height":1,"caption":"Facture.net"},"image":{"@id":"https:\/\/www.facture.net\/blog\/#\/schema\/logo\/image\/"}},{"@type":"Person","@id":"https:\/\/www.facture.net\/blog\/#\/schema\/person\/cc3b0a678aeffcae19ecc599eaf679e5","name":"Thomas Lazzaroni","image":{"@type":"ImageObject","inLanguage":"fr-FR","@id":"https:\/\/www.facture.net\/blog\/#\/schema\/person\/image\/","url":"https:\/\/secure.gravatar.com\/avatar\/7306fb87b7017ab0955d07c2f2b771ac79e91965a2fca514df0c043f7c087fd2?s=96&d=mm&r=g","contentUrl":"https:\/\/secure.gravatar.com\/avatar\/7306fb87b7017ab0955d07c2f2b771ac79e91965a2fca514df0c043f7c087fd2?s=96&d=mm&r=g","caption":"Thomas Lazzaroni"},"description":"Depuis plus de 10 ans, je contribue \u00e0 faire rayonner nos sites en imaginant des strat\u00e9gies qui renforcent notre visibilit\u00e9 et notre position de r\u00e9f\u00e9rence.","sameAs":["https:\/\/totolazza.com","https:\/\/www.linkedin.com\/in\/thomaslazzaroni\/","https:\/\/x.com\/totolazza"],"url":"https:\/\/www.facture.net\/blog\/author\/thomas\/"}]}},"_links":{"self":[{"href":"https:\/\/www.facture.net\/blog\/wp-json\/wp\/v2\/posts\/2170","targetHints":{"allow":["GET"]}}],"collection":[{"href":"https:\/\/www.facture.net\/blog\/wp-json\/wp\/v2\/posts"}],"about":[{"href":"https:\/\/www.facture.net\/blog\/wp-json\/wp\/v2\/types\/post"}],"author":[{"embeddable":true,"href":"https:\/\/www.facture.net\/blog\/wp-json\/wp\/v2\/users\/5"}],"replies":[{"embeddable":true,"href":"https:\/\/www.facture.net\/blog\/wp-json\/wp\/v2\/comments?post=2170"}],"version-history":[{"count":0,"href":"https:\/\/www.facture.net\/blog\/wp-json\/wp\/v2\/posts\/2170\/revisions"}],"wp:featuredmedia":[{"embeddable":true,"href":"https:\/\/www.facture.net\/blog\/wp-json\/wp\/v2\/media\/2176"}],"wp:attachment":[{"href":"https:\/\/www.facture.net\/blog\/wp-json\/wp\/v2\/media?parent=2170"}],"wp:term":[{"taxonomy":"category","embeddable":true,"href":"https:\/\/www.facture.net\/blog\/wp-json\/wp\/v2\/categories?post=2170"},{"taxonomy":"post_tag","embeddable":true,"href":"https:\/\/www.facture.net\/blog\/wp-json\/wp\/v2\/tags?post=2170"}],"curies":[{"name":"wp","href":"https:\/\/api.w.org\/{rel}","templated":true}]}}