{"id":2139,"date":"2021-04-29T10:30:31","date_gmt":"2021-04-29T08:30:31","guid":{"rendered":"https:\/\/www.facture.net\/blog\/?p=2139"},"modified":"2025-08-21T09:43:35","modified_gmt":"2025-08-21T07:43:35","slug":"b2b-facturation-entre-professionnels","status":"publish","type":"post","link":"https:\/\/www.facture.net\/blog\/b2b-facturation-entre-professionnels\/","title":{"rendered":"B2B&nbsp;: Comment cr\u00e9er une facture entre professionnels&nbsp;?"},"content":{"rendered":"<p>La facturation est une \u00e9tape essentielle pour toutes les activit\u00e9s professionnelles. Que vous soyez auto-entrepreneur ou dirigeant d\u2019entreprise, vous devez <strong>cr\u00e9er des factures <\/strong>qui <a href=\"https:\/\/www.facture.net\/blog\/mentions-obligatoires-facture\/\">respectent des r\u00e8gles bien sp\u00e9cifiques<\/a>.<\/p>\n<p>La facturation permet d\u2019<strong>assurer la transparence <\/strong>dans vos relations avec d\u2019autres professionnels et sert \u00e9galement \u00e0 assurer le <strong>respect de l\u2019interdiction de la revente \u00e0 perte. <\/strong>Voici ce que vous devez savoir pour <a href=\"https:\/\/www.facture.net\/blog\/comment-faire-une-facture\/\">cr\u00e9er une facture<\/a> entre professionnels.<\/p>\n<blockquote><p><strong>\u00c0 lire aussi&nbsp;:<\/strong> <a href=\"https:\/\/www.facture.net\/blog\/vente-particuliers-facturation-b2c\/\">Vente \u00e0 des particuliers&nbsp;: Comment cr\u00e9er une facture B2C&nbsp;?<\/a><\/p><\/blockquote>\n<h2>3 m\u00e9thodes pour cr\u00e9er une facture entre professionnels<\/h2>\n<p>Il est obligatoire d\u2019\u00e9tablir des <strong>factures entre professionnels<\/strong> lorsque vous vendez un service ou un produit. La facturation permet de garder une<strong> trace comptable<\/strong> et une preuve juridique de la transaction. Il s\u2019agit donc d\u2019un <strong>document comptable<\/strong> essentiel.<\/p>\n<p>Vous n\u2019\u00eates pas tenu d\u2019utiliser un <a href=\"https:\/\/www.facture.net\/blog\/logiciels-comptabilite-gratuits\/\">logiciel compta<\/a><strong>\u00a0certifi\u00e9<\/strong> pour \u00e9tablir vos documents comptables.<\/p>\n<p>En revanche, si vous \u00e9ditez vos factures en ligne, vous devez en garantir l\u2019int\u00e9grit\u00e9. Votre client ne doit pas pouvoir modifier la facture, c\u2019est pourquoi il est essentiel de pouvoir t\u00e9l\u00e9charger vos documents sous un format non modifiable comme le format pdf.<\/p>\n<p>Voici 3 m\u00e9thodes\u00a0 pour <strong>cr\u00e9er vos factures en ligne <\/strong>simplement et efficacement&nbsp;:<\/p>\n<h3>1. L\u2019outil de facturation en ligne&nbsp;: Facture.net, votre outil 100% gratuit<\/h3>\n<figure id=\"attachment_2142\" aria-describedby=\"caption-attachment-2142\" style=\"width: 700px\" class=\"wp-caption aligncenter\"><img decoding=\"async\" class=\"size-full wp-image-2142\" src=\"https:\/\/www.facture.net\/blog\/wp-content\/uploads\/sites\/3\/2021\/04\/Facture.net_-1.jpg\" alt=\"Cr\u00e9er facture B2B\" width=\"700\" height=\"329\" srcset=\"https:\/\/www.facture.net\/blog\/wp-content\/uploads\/sites\/3\/2021\/04\/Facture.net_-1.jpg 700w, https:\/\/www.facture.net\/blog\/wp-content\/uploads\/sites\/3\/2021\/04\/Facture.net_-1-300x141.jpg 300w, https:\/\/www.facture.net\/blog\/wp-content\/uploads\/sites\/3\/2021\/04\/Facture.net_-1-60x28.jpg 60w, https:\/\/www.facture.net\/blog\/wp-content\/uploads\/sites\/3\/2021\/04\/Facture.net_-1-370x174.jpg 370w, https:\/\/www.facture.net\/blog\/wp-content\/uploads\/sites\/3\/2021\/04\/Facture.net_-1-270x127.jpg 270w, https:\/\/www.facture.net\/blog\/wp-content\/uploads\/sites\/3\/2021\/04\/Facture.net_-1-570x268.jpg 570w\" sizes=\"(max-width: 700px) 100vw, 700px\" \/><figcaption id=\"caption-attachment-2142\" class=\"wp-caption-text\">Facture.Net<\/figcaption><\/figure>\n<p>Voici un outil gratuit et efficace pour <strong>cr\u00e9er vos factures en ligne.<\/strong> Avec <a href=\"https:\/\/www.facture.net\/\">Facture.net<\/a>, vous serez en mesure de <strong>g\u00e9n\u00e9rer des devis et des factures <\/strong>simplement et gratuitement.<\/p>\n<p>Cet outil en ligne vous permet de dupliquer et de transformer vos documents puis de les exporter sous des formats diff\u00e9rents. Vous pourrez rattacher chaque document \u00e0 l&#8217;un de vos clients afin d\u2019obtenir une vision d\u2019ensemble de toutes les factures g\u00e9n\u00e9r\u00e9es.<\/p>\n<p>Avec <strong>Facture.net<\/strong>, vous pouvez&nbsp;:<\/p>\n<ul>\n<li><a href=\"https:\/\/www.facture.net\/blog\/que-doit-comporter-un-devis\/\">Cr\u00e9er vos devis<\/a> et vos factures<\/li>\n<li>Vous servir d\u2019un moteur de recherche puissant<\/li>\n<li><strong>Exporter vos documents <\/strong>en un clic sous formats PDF, CSV, Excel ou JSON.<\/li>\n<li>Classer vos documents par cat\u00e9gories<\/li>\n<li>G\u00e9rer vos clients et ajouter des opportunit\u00e9s d\u2019affaires.<\/li>\n<\/ul>\n<p>Cet outil vous permet de <strong>rassembler votre gestion commerciale, augmenter votre chiffre d\u2019affaires <\/strong>en ne manquant aucune opportunit\u00e9 et <strong>facilite votre comptabilit\u00e9. <\/strong><\/p>\n<p>N\u2019h\u00e9sitez pas \u00e0 tester cet <strong><a href=\"https:\/\/www.facture.net\/blog\/4-astuces-pour-savoir-si-vous-utilisez-le-bon-logiciel-crm\/\">outil CRM<\/a> performant<\/strong> pour faciliter votre gestion commerciale et \u00e9tablir vos factures B2B.<\/p>\n<h3>2. Cr\u00e9er vos factures sur Excel<\/h3>\n<p>Vous pouvez utiliser Excel pour \u00e9diter facilement des <strong>factures compl\u00e8tes et l\u00e9gales <\/strong>tr\u00e8s rapidement. Il existe de nombreux <a href=\"https:\/\/www.codeur.com\/blog\/modele-facture-autoentrepreneur\/\" target=\"_blank\" rel=\"noopener noreferrer\"><strong>mod\u00e8les de factures \u00e0 t\u00e9l\u00e9charger<\/strong><\/a> mais vous pouvez \u00e9galement cr\u00e9er et personnaliser votre propre mod\u00e8le.<\/p>\n<p>De nombreux tutoriels sont disponibles sur le web pour apprendre \u00e0 utiliser les formules et<a href=\"https:\/\/www.facture.net\/blog\/comment-faire-une-facture\/\"> cr\u00e9er vos factures<\/a>.<\/p>\n<blockquote><p>Utilisez Excel si vous souhaitez g\u00e9n\u00e9rer plusieurs factures de mani\u00e8re automatique gr\u00e2ce \u00e0 <strong>sa base de donn\u00e9es.<\/strong><\/p><\/blockquote>\n<p>En utilisant ce logiciel, vous pouvez <strong>ins\u00e9rer des formules <\/strong>lorsque vous r\u00e9digez la facture afin que certains champs soient automatiquement mis \u00e0 jour pour vos prochains documents comptables.<\/p>\n<p>Prenez le temps de choisir un <strong>mod\u00e8le de facturation de base<\/strong> adapt\u00e9 \u00e0 vos besoins afin de l\u2019utiliser facilement et rapidement par la suite.<\/p>\n<h3>3. Cr\u00e9er vos factures sous Word<\/h3>\n<figure id=\"attachment_2143\" aria-describedby=\"caption-attachment-2143\" style=\"width: 700px\" class=\"wp-caption aligncenter\"><img decoding=\"async\" class=\"size-full wp-image-2143\" src=\"https:\/\/www.facture.net\/blog\/wp-content\/uploads\/sites\/3\/2021\/04\/Facture-Word-1.jpg\" alt=\"Cr\u00e9er facture b2b\" width=\"700\" height=\"359\" srcset=\"https:\/\/www.facture.net\/blog\/wp-content\/uploads\/sites\/3\/2021\/04\/Facture-Word-1.jpg 700w, https:\/\/www.facture.net\/blog\/wp-content\/uploads\/sites\/3\/2021\/04\/Facture-Word-1-300x154.jpg 300w, https:\/\/www.facture.net\/blog\/wp-content\/uploads\/sites\/3\/2021\/04\/Facture-Word-1-60x31.jpg 60w, https:\/\/www.facture.net\/blog\/wp-content\/uploads\/sites\/3\/2021\/04\/Facture-Word-1-370x190.jpg 370w, https:\/\/www.facture.net\/blog\/wp-content\/uploads\/sites\/3\/2021\/04\/Facture-Word-1-270x138.jpg 270w, https:\/\/www.facture.net\/blog\/wp-content\/uploads\/sites\/3\/2021\/04\/Facture-Word-1-585x300.jpg 585w, https:\/\/www.facture.net\/blog\/wp-content\/uploads\/sites\/3\/2021\/04\/Facture-Word-1-570x292.jpg 570w\" sizes=\"(max-width: 700px) 100vw, 700px\" \/><figcaption id=\"caption-attachment-2143\" class=\"wp-caption-text\">Mod\u00e8le facture Word<\/figcaption><\/figure>\n<p>Si vous \u00eates plus \u00e0 l\u2019aise avec ce logiciel, vous pouvez \u00e9galement l\u2019utiliser pour <strong>\u00e9diter vos factures<\/strong>.<\/p>\n<p>Des <strong>mod\u00e8les de facture \u00e0 t\u00e9l\u00e9charger<\/strong> incluant toutes les <strong>mentions l\u00e9gales obligatoires <\/strong>sont \u00e9galement mis \u00e0 disposition. Vous pouvez rapidement et facilement \u00e9tablir vos factures et les personnaliser puis les imprimer ou les convertir en PDF.<\/p>\n<blockquote><p>Cependant, le prix et la <a href=\"https:\/\/www.facture.net\/blog\/facturation-comment-calculer-tva\/\">TVA<\/a> ne peuvent pas \u00eatre calcul\u00e9s automatiquement sous word et il n\u2019est pas non plus possible d\u2019archiver les factures \u00e0 cause de l\u2019absence de base de donn\u00e9es.<\/p><\/blockquote>\n<p>Cr\u00e9er des factures en utilisant des <strong>mod\u00e8les sous word<\/strong> n\u2019est pas suffisant la plupart du temps car vous devez pouvoir r\u00e9pertorier les documents et garder une trace des transactions effectu\u00e9es entre professionnels.<\/p>\n<p><strong>\u00c9diter vos factures sous word<\/strong> est une solution si vous facturez peu mais les inconv\u00e9nients cit\u00e9s sont \u00e0 prendre en compte.<\/p>\n<p>Vous pouvez \u00e9galement \u00e9diter une facture sans utiliser de<a href=\"https:\/\/www.facture.net\/blog\/choisir-logiciel-de-facturation\/\"> logiciel de facturation<\/a> avec <strong>Microsoft Office<\/strong> par exemple, mais vous y passerez plus de temps qu\u2019avec un logiciel professionnel.<\/p>\n<h2><\/h2>\n<h2>Les obligations de facturation entre professionnels<\/h2>\n<p>Quel est <strong>le cadre juridique <\/strong>pour facturer entre professionnels&nbsp;? La facturation entre professionnels n\u2019est pas un simple usage commercial mais une obligation d\u00e9cr\u00e9t\u00e9e par le code du commerce.<\/p>\n<p>Une facture en bonne et due forme engage la responsabilit\u00e9 du vendeur comme de l\u2019acheteur. Pour conna\u00eetre les lois qui r\u00e9gissent la facturation entre professionnels, vous pouvez vous r\u00e9f\u00e9rer aux <strong>articles<\/strong> <strong>L441-3 et R441-3 du Code du commerce<\/strong>.<\/p>\n<p>Voici les<strong> obligations de facturation entre professionnels<\/strong> \u00e0 conna\u00eetre&nbsp;:<\/p>\n<ul>\n<li>Pour tout achat de produit ou r\u00e9alisation de service dans le cadre d\u2019une activit\u00e9 professionnelle, le vendeur a pour <strong>obligation de d\u00e9livrer une facture<\/strong>. L\u2019acheteur doit r\u00e9clamer une facture conforme \u00e0 la r\u00e9glementation s\u2019il ne l\u2019a pas re\u00e7u. Si l\u2019acheteur ne demande pas de facture, il peut se retrouver en faute en cas de litige pour<strong> \u201cd\u00e9lit d\u2019achat sans facture\u201d.<\/strong><\/li>\n<li>La facture entre professionnels doit \u00eatre d\u00e9livr\u00e9e d\u00e8s que<strong> la prestation de service <\/strong>est effectu\u00e9e ou d\u00e8s que l\u2019acte d\u2019achat d\u2019un produit est finalis\u00e9.<\/li>\n<li>L\u2019acheteur et le vendeur doivent conserver chacun un exemplaire du document pendant <strong>une dur\u00e9e l\u00e9gale de 6 ans<\/strong> \u00e0 compter de son \u00e9mission. Mais le code du commerce impose la conservation des documents comptables pour une dur\u00e9e de 10 ans apr\u00e8s la cl\u00f4ture de l\u2019exercice. Les factures \u00e9lectroniques doivent \u00eatre gard\u00e9es pendant 3 ans avant d\u2019\u00eatre archiv\u00e9es.<\/li>\n<li><a href=\"https:\/\/www.facture.net\/blog\/contenu-legal-facture\/\"><strong>Les mentions l\u00e9gales<\/strong><\/a> comme les \u00e9l\u00e9ments d\u2019identification de votre entreprise, la date d\u2019\u00e9mission de la facture ou encore la TVA doivent figurer sur les factures entre professionnels.<\/li>\n<\/ul>\n<p>Les probl\u00e8mes de facturation ne sont pas fr\u00e9quents entre professionnels puisqu\u2019il s\u2019agit souvent d\u2019une <strong>action syst\u00e9matis\u00e9e et informatis\u00e9e<\/strong>.<\/p>\n<blockquote><p>\u00c0 lire aussi&nbsp;: <a href=\"https:\/\/www.facture.net\/blog\/facturer-a-l-etranger\/\">Comment facturer un client \u00e0 l&#8217;\u00e9tranger&nbsp;?<\/a><\/p><\/blockquote>\n<p>En tant que vendeur, vous devez facturer vos prestations ou vos ventes de produits pour vous assurer d\u2019\u00eatre pay\u00e9. L\u2019acheteur quant \u00e0 lui, a tout int\u00e9r\u00eat \u00e0 r\u00e9clamer la facture pour <strong>int\u00e9grer la charge comptable <\/strong>correspondante afin de r\u00e9cup\u00e9rer la TVA.<\/p>\n<p>La facturation engage la responsabilit\u00e9 du vendeur et de l\u2019acheteur.<\/p>\n<p>Vous \u00eates \u00e0 pr\u00e9sent en mesure de <strong>cr\u00e9er des factures entre professionnels<\/strong>. N\u2019h\u00e9sitez pas \u00e0 tester et \u00e0 utiliser des outils performants comme <a href=\"https:\/\/www.facture.net\/\">Facture.net<\/a> pour cr\u00e9er efficacement et rapidement vos factures B2B.<\/p>\n","protected":false},"excerpt":{"rendered":"<p>La facturation est une \u00e9tape essentielle pour toutes les activit\u00e9s professionnelles. Que vous soyez auto-entrepreneur ou dirigeant d\u2019entreprise, vous devez cr\u00e9er des factures qui respectent des r\u00e8gles bien sp\u00e9cifiques. La facturation permet d\u2019assurer la transparence dans vos relations avec d\u2019autres professionnels et sert \u00e9galement \u00e0 assurer le respect de l\u2019interdiction de la revente \u00e0 perte. [&hellip;]<\/p>\n","protected":false},"author":5,"featured_media":2147,"comment_status":"open","ping_status":"open","sticky":false,"template":"","format":"standard","meta":{"_acf_changed":false,"inline_featured_image":false,"footnotes":""},"categories":[4],"tags":[],"class_list":["post-2139","post","type-post","status-publish","format-standard","has-post-thumbnail","hentry","category-facturation"],"acf":[],"yoast_head":"<!-- This site is optimized with the Yoast SEO plugin v25.9 - https:\/\/yoast.com\/wordpress\/plugins\/seo\/ -->\n<title>B2B : Comment cr\u00e9er une facture entre professionnels&nbsp;?<\/title>\n<meta name=\"description\" content=\"La facturation est une \u00e9tape essentielle pour toutes les activit\u00e9s professionnelles. Que vous soyez auto-entrepreneur ou dirigeant d\u2019entreprise, vous\" \/>\n<meta name=\"robots\" content=\"index, follow, max-snippet:-1, max-image-preview:large, max-video-preview:-1\" \/>\n<link rel=\"canonical\" href=\"https:\/\/www.facture.net\/blog\/b2b-facturation-entre-professionnels\/\" \/>\n<meta property=\"og:locale\" content=\"fr_FR\" \/>\n<meta property=\"og:type\" content=\"article\" \/>\n<meta property=\"og:title\" content=\"B2B : Comment cr\u00e9er une facture entre professionnels&nbsp;?\" \/>\n<meta property=\"og:description\" content=\"La facturation est une \u00e9tape essentielle pour toutes les activit\u00e9s professionnelles. Que vous soyez auto-entrepreneur ou dirigeant d\u2019entreprise, vous\" \/>\n<meta property=\"og:url\" content=\"https:\/\/www.facture.net\/blog\/b2b-facturation-entre-professionnels\/\" \/>\n<meta property=\"og:site_name\" content=\"Facture.net\" \/>\n<meta property=\"article:published_time\" content=\"2021-04-29T08:30:31+00:00\" \/>\n<meta property=\"article:modified_time\" content=\"2025-08-21T07:43:35+00:00\" \/>\n<meta property=\"og:image\" content=\"https:\/\/www.facture.net\/blog\/wp-content\/uploads\/sites\/3\/2021\/04\/image-a-la-une-1.jpg\" \/>\n\t<meta property=\"og:image:width\" content=\"1024\" \/>\n\t<meta property=\"og:image:height\" content=\"618\" \/>\n\t<meta property=\"og:image:type\" content=\"image\/jpeg\" \/>\n<meta name=\"author\" content=\"Thomas Lazzaroni\" \/>\n<meta name=\"twitter:card\" content=\"summary_large_image\" \/>\n<meta name=\"twitter:creator\" content=\"@totolazza\" \/>\n<meta name=\"twitter:label1\" content=\"\u00c9crit par\" \/>\n\t<meta name=\"twitter:data1\" content=\"Thomas Lazzaroni\" \/>\n\t<meta name=\"twitter:label2\" content=\"Dur\u00e9e de lecture estim\u00e9e\" \/>\n\t<meta name=\"twitter:data2\" content=\"6 minutes\" \/>\n<script type=\"application\/ld+json\" class=\"yoast-schema-graph\">{\"@context\":\"https:\/\/schema.org\",\"@graph\":[{\"@type\":\"Article\",\"@id\":\"https:\/\/www.facture.net\/blog\/b2b-facturation-entre-professionnels\/#article\",\"isPartOf\":{\"@id\":\"https:\/\/www.facture.net\/blog\/b2b-facturation-entre-professionnels\/\"},\"author\":{\"name\":\"Thomas Lazzaroni\",\"@id\":\"https:\/\/www.facture.net\/blog\/#\/schema\/person\/cc3b0a678aeffcae19ecc599eaf679e5\"},\"headline\":\"B2B&nbsp;: Comment cr\u00e9er une facture entre professionnels&nbsp;?\",\"datePublished\":\"2021-04-29T08:30:31+00:00\",\"dateModified\":\"2025-08-21T07:43:35+00:00\",\"mainEntityOfPage\":{\"@id\":\"https:\/\/www.facture.net\/blog\/b2b-facturation-entre-professionnels\/\"},\"wordCount\":1167,\"commentCount\":2,\"publisher\":{\"@id\":\"https:\/\/www.facture.net\/blog\/#organization\"},\"image\":{\"@id\":\"https:\/\/www.facture.net\/blog\/b2b-facturation-entre-professionnels\/#primaryimage\"},\"thumbnailUrl\":\"https:\/\/www.facture.net\/blog\/wp-content\/uploads\/sites\/3\/2021\/04\/image-a-la-une-1.jpg\",\"articleSection\":[\"Facturation\"],\"inLanguage\":\"fr-FR\",\"potentialAction\":[{\"@type\":\"CommentAction\",\"name\":\"Comment\",\"target\":[\"https:\/\/www.facture.net\/blog\/b2b-facturation-entre-professionnels\/#respond\"]}]},{\"@type\":\"WebPage\",\"@id\":\"https:\/\/www.facture.net\/blog\/b2b-facturation-entre-professionnels\/\",\"url\":\"https:\/\/www.facture.net\/blog\/b2b-facturation-entre-professionnels\/\",\"name\":\"B2B : Comment cr\u00e9er une facture entre professionnels&nbsp;?\",\"isPartOf\":{\"@id\":\"https:\/\/www.facture.net\/blog\/#website\"},\"primaryImageOfPage\":{\"@id\":\"https:\/\/www.facture.net\/blog\/b2b-facturation-entre-professionnels\/#primaryimage\"},\"image\":{\"@id\":\"https:\/\/www.facture.net\/blog\/b2b-facturation-entre-professionnels\/#primaryimage\"},\"thumbnailUrl\":\"https:\/\/www.facture.net\/blog\/wp-content\/uploads\/sites\/3\/2021\/04\/image-a-la-une-1.jpg\",\"datePublished\":\"2021-04-29T08:30:31+00:00\",\"dateModified\":\"2025-08-21T07:43:35+00:00\",\"description\":\"La facturation est une \u00e9tape essentielle pour toutes les activit\u00e9s professionnelles. Que vous soyez auto-entrepreneur ou dirigeant d\u2019entreprise, vous\",\"breadcrumb\":{\"@id\":\"https:\/\/www.facture.net\/blog\/b2b-facturation-entre-professionnels\/#breadcrumb\"},\"inLanguage\":\"fr-FR\",\"potentialAction\":[{\"@type\":\"ReadAction\",\"target\":[\"https:\/\/www.facture.net\/blog\/b2b-facturation-entre-professionnels\/\"]}]},{\"@type\":\"ImageObject\",\"inLanguage\":\"fr-FR\",\"@id\":\"https:\/\/www.facture.net\/blog\/b2b-facturation-entre-professionnels\/#primaryimage\",\"url\":\"https:\/\/www.facture.net\/blog\/wp-content\/uploads\/sites\/3\/2021\/04\/image-a-la-une-1.jpg\",\"contentUrl\":\"https:\/\/www.facture.net\/blog\/wp-content\/uploads\/sites\/3\/2021\/04\/image-a-la-une-1.jpg\",\"width\":1024,\"height\":618,\"caption\":\"Source Adobe Stock\"},{\"@type\":\"BreadcrumbList\",\"@id\":\"https:\/\/www.facture.net\/blog\/b2b-facturation-entre-professionnels\/#breadcrumb\",\"itemListElement\":[{\"@type\":\"ListItem\",\"position\":1,\"name\":\"Blog\",\"item\":\"https:\/\/www.facture.net\/blog\/\"},{\"@type\":\"ListItem\",\"position\":2,\"name\":\"Comptabilit\u00e9\",\"item\":\"https:\/\/www.facture.net\/blog\/comptabilite\/\"},{\"@type\":\"ListItem\",\"position\":3,\"name\":\"Facturation\",\"item\":\"https:\/\/www.facture.net\/blog\/comptabilite\/facturation\/\"},{\"@type\":\"ListItem\",\"position\":4,\"name\":\"B2B&nbsp;: Comment cr\u00e9er une facture entre professionnels&nbsp;?\"}]},{\"@type\":\"WebSite\",\"@id\":\"https:\/\/www.facture.net\/blog\/#website\",\"url\":\"https:\/\/www.facture.net\/blog\/\",\"name\":\"Facture.net\",\"description\":\"facture\",\"publisher\":{\"@id\":\"https:\/\/www.facture.net\/blog\/#organization\"},\"potentialAction\":[{\"@type\":\"SearchAction\",\"target\":{\"@type\":\"EntryPoint\",\"urlTemplate\":\"https:\/\/www.facture.net\/blog\/?s={search_term_string}\"},\"query-input\":{\"@type\":\"PropertyValueSpecification\",\"valueRequired\":true,\"valueName\":\"search_term_string\"}}],\"inLanguage\":\"fr-FR\"},{\"@type\":\"Organization\",\"@id\":\"https:\/\/www.facture.net\/blog\/#organization\",\"name\":\"Facture.net\",\"url\":\"https:\/\/www.facture.net\/blog\/\",\"logo\":{\"@type\":\"ImageObject\",\"inLanguage\":\"fr-FR\",\"@id\":\"https:\/\/www.facture.net\/blog\/#\/schema\/logo\/image\/\",\"url\":\"https:\/\/www.facture.net\/blog\/wp-content\/uploads\/sites\/3\/2022\/07\/logo-facture.svg\",\"contentUrl\":\"https:\/\/www.facture.net\/blog\/wp-content\/uploads\/sites\/3\/2022\/07\/logo-facture.svg\",\"width\":1,\"height\":1,\"caption\":\"Facture.net\"},\"image\":{\"@id\":\"https:\/\/www.facture.net\/blog\/#\/schema\/logo\/image\/\"}},{\"@type\":\"Person\",\"@id\":\"https:\/\/www.facture.net\/blog\/#\/schema\/person\/cc3b0a678aeffcae19ecc599eaf679e5\",\"name\":\"Thomas Lazzaroni\",\"image\":{\"@type\":\"ImageObject\",\"inLanguage\":\"fr-FR\",\"@id\":\"https:\/\/www.facture.net\/blog\/#\/schema\/person\/image\/\",\"url\":\"https:\/\/secure.gravatar.com\/avatar\/7306fb87b7017ab0955d07c2f2b771ac79e91965a2fca514df0c043f7c087fd2?s=96&d=mm&r=g\",\"contentUrl\":\"https:\/\/secure.gravatar.com\/avatar\/7306fb87b7017ab0955d07c2f2b771ac79e91965a2fca514df0c043f7c087fd2?s=96&d=mm&r=g\",\"caption\":\"Thomas Lazzaroni\"},\"description\":\"Depuis plus de 10 ans, je contribue \u00e0 faire rayonner nos sites en imaginant des strat\u00e9gies qui renforcent notre visibilit\u00e9 et notre position de r\u00e9f\u00e9rence.\",\"sameAs\":[\"https:\/\/totolazza.com\",\"https:\/\/www.linkedin.com\/in\/thomaslazzaroni\/\",\"https:\/\/x.com\/totolazza\"],\"url\":\"https:\/\/www.facture.net\/blog\/author\/thomas\/\"}]}<\/script>\n<!-- \/ Yoast SEO plugin. -->","yoast_head_json":{"title":"B2B : Comment cr\u00e9er une facture entre professionnels&nbsp;?","description":"La facturation est une \u00e9tape essentielle pour toutes les activit\u00e9s professionnelles. Que vous soyez auto-entrepreneur ou dirigeant d\u2019entreprise, vous","robots":{"index":"index","follow":"follow","max-snippet":"max-snippet:-1","max-image-preview":"max-image-preview:large","max-video-preview":"max-video-preview:-1"},"canonical":"https:\/\/www.facture.net\/blog\/b2b-facturation-entre-professionnels\/","og_locale":"fr_FR","og_type":"article","og_title":"B2B : Comment cr\u00e9er une facture entre professionnels&nbsp;?","og_description":"La facturation est une \u00e9tape essentielle pour toutes les activit\u00e9s professionnelles. Que vous soyez auto-entrepreneur ou dirigeant d\u2019entreprise, vous","og_url":"https:\/\/www.facture.net\/blog\/b2b-facturation-entre-professionnels\/","og_site_name":"Facture.net","article_published_time":"2021-04-29T08:30:31+00:00","article_modified_time":"2025-08-21T07:43:35+00:00","og_image":[{"width":1024,"height":618,"url":"https:\/\/www.facture.net\/blog\/wp-content\/uploads\/sites\/3\/2021\/04\/image-a-la-une-1.jpg","type":"image\/jpeg"}],"author":"Thomas Lazzaroni","twitter_card":"summary_large_image","twitter_creator":"@totolazza","twitter_misc":{"\u00c9crit par":"Thomas Lazzaroni","Dur\u00e9e de lecture estim\u00e9e":"6 minutes"},"schema":{"@context":"https:\/\/schema.org","@graph":[{"@type":"Article","@id":"https:\/\/www.facture.net\/blog\/b2b-facturation-entre-professionnels\/#article","isPartOf":{"@id":"https:\/\/www.facture.net\/blog\/b2b-facturation-entre-professionnels\/"},"author":{"name":"Thomas Lazzaroni","@id":"https:\/\/www.facture.net\/blog\/#\/schema\/person\/cc3b0a678aeffcae19ecc599eaf679e5"},"headline":"B2B&nbsp;: Comment cr\u00e9er une facture entre professionnels&nbsp;?","datePublished":"2021-04-29T08:30:31+00:00","dateModified":"2025-08-21T07:43:35+00:00","mainEntityOfPage":{"@id":"https:\/\/www.facture.net\/blog\/b2b-facturation-entre-professionnels\/"},"wordCount":1167,"commentCount":2,"publisher":{"@id":"https:\/\/www.facture.net\/blog\/#organization"},"image":{"@id":"https:\/\/www.facture.net\/blog\/b2b-facturation-entre-professionnels\/#primaryimage"},"thumbnailUrl":"https:\/\/www.facture.net\/blog\/wp-content\/uploads\/sites\/3\/2021\/04\/image-a-la-une-1.jpg","articleSection":["Facturation"],"inLanguage":"fr-FR","potentialAction":[{"@type":"CommentAction","name":"Comment","target":["https:\/\/www.facture.net\/blog\/b2b-facturation-entre-professionnels\/#respond"]}]},{"@type":"WebPage","@id":"https:\/\/www.facture.net\/blog\/b2b-facturation-entre-professionnels\/","url":"https:\/\/www.facture.net\/blog\/b2b-facturation-entre-professionnels\/","name":"B2B : Comment cr\u00e9er une facture entre professionnels&nbsp;?","isPartOf":{"@id":"https:\/\/www.facture.net\/blog\/#website"},"primaryImageOfPage":{"@id":"https:\/\/www.facture.net\/blog\/b2b-facturation-entre-professionnels\/#primaryimage"},"image":{"@id":"https:\/\/www.facture.net\/blog\/b2b-facturation-entre-professionnels\/#primaryimage"},"thumbnailUrl":"https:\/\/www.facture.net\/blog\/wp-content\/uploads\/sites\/3\/2021\/04\/image-a-la-une-1.jpg","datePublished":"2021-04-29T08:30:31+00:00","dateModified":"2025-08-21T07:43:35+00:00","description":"La facturation est une \u00e9tape essentielle pour toutes les activit\u00e9s professionnelles. Que vous soyez auto-entrepreneur ou dirigeant d\u2019entreprise, vous","breadcrumb":{"@id":"https:\/\/www.facture.net\/blog\/b2b-facturation-entre-professionnels\/#breadcrumb"},"inLanguage":"fr-FR","potentialAction":[{"@type":"ReadAction","target":["https:\/\/www.facture.net\/blog\/b2b-facturation-entre-professionnels\/"]}]},{"@type":"ImageObject","inLanguage":"fr-FR","@id":"https:\/\/www.facture.net\/blog\/b2b-facturation-entre-professionnels\/#primaryimage","url":"https:\/\/www.facture.net\/blog\/wp-content\/uploads\/sites\/3\/2021\/04\/image-a-la-une-1.jpg","contentUrl":"https:\/\/www.facture.net\/blog\/wp-content\/uploads\/sites\/3\/2021\/04\/image-a-la-une-1.jpg","width":1024,"height":618,"caption":"Source Adobe Stock"},{"@type":"BreadcrumbList","@id":"https:\/\/www.facture.net\/blog\/b2b-facturation-entre-professionnels\/#breadcrumb","itemListElement":[{"@type":"ListItem","position":1,"name":"Blog","item":"https:\/\/www.facture.net\/blog\/"},{"@type":"ListItem","position":2,"name":"Comptabilit\u00e9","item":"https:\/\/www.facture.net\/blog\/comptabilite\/"},{"@type":"ListItem","position":3,"name":"Facturation","item":"https:\/\/www.facture.net\/blog\/comptabilite\/facturation\/"},{"@type":"ListItem","position":4,"name":"B2B&nbsp;: Comment cr\u00e9er une facture entre professionnels&nbsp;?"}]},{"@type":"WebSite","@id":"https:\/\/www.facture.net\/blog\/#website","url":"https:\/\/www.facture.net\/blog\/","name":"Facture.net","description":"facture","publisher":{"@id":"https:\/\/www.facture.net\/blog\/#organization"},"potentialAction":[{"@type":"SearchAction","target":{"@type":"EntryPoint","urlTemplate":"https:\/\/www.facture.net\/blog\/?s={search_term_string}"},"query-input":{"@type":"PropertyValueSpecification","valueRequired":true,"valueName":"search_term_string"}}],"inLanguage":"fr-FR"},{"@type":"Organization","@id":"https:\/\/www.facture.net\/blog\/#organization","name":"Facture.net","url":"https:\/\/www.facture.net\/blog\/","logo":{"@type":"ImageObject","inLanguage":"fr-FR","@id":"https:\/\/www.facture.net\/blog\/#\/schema\/logo\/image\/","url":"https:\/\/www.facture.net\/blog\/wp-content\/uploads\/sites\/3\/2022\/07\/logo-facture.svg","contentUrl":"https:\/\/www.facture.net\/blog\/wp-content\/uploads\/sites\/3\/2022\/07\/logo-facture.svg","width":1,"height":1,"caption":"Facture.net"},"image":{"@id":"https:\/\/www.facture.net\/blog\/#\/schema\/logo\/image\/"}},{"@type":"Person","@id":"https:\/\/www.facture.net\/blog\/#\/schema\/person\/cc3b0a678aeffcae19ecc599eaf679e5","name":"Thomas Lazzaroni","image":{"@type":"ImageObject","inLanguage":"fr-FR","@id":"https:\/\/www.facture.net\/blog\/#\/schema\/person\/image\/","url":"https:\/\/secure.gravatar.com\/avatar\/7306fb87b7017ab0955d07c2f2b771ac79e91965a2fca514df0c043f7c087fd2?s=96&d=mm&r=g","contentUrl":"https:\/\/secure.gravatar.com\/avatar\/7306fb87b7017ab0955d07c2f2b771ac79e91965a2fca514df0c043f7c087fd2?s=96&d=mm&r=g","caption":"Thomas Lazzaroni"},"description":"Depuis plus de 10 ans, je contribue \u00e0 faire rayonner nos sites en imaginant des strat\u00e9gies qui renforcent notre visibilit\u00e9 et notre position de r\u00e9f\u00e9rence.","sameAs":["https:\/\/totolazza.com","https:\/\/www.linkedin.com\/in\/thomaslazzaroni\/","https:\/\/x.com\/totolazza"],"url":"https:\/\/www.facture.net\/blog\/author\/thomas\/"}]}},"_links":{"self":[{"href":"https:\/\/www.facture.net\/blog\/wp-json\/wp\/v2\/posts\/2139","targetHints":{"allow":["GET"]}}],"collection":[{"href":"https:\/\/www.facture.net\/blog\/wp-json\/wp\/v2\/posts"}],"about":[{"href":"https:\/\/www.facture.net\/blog\/wp-json\/wp\/v2\/types\/post"}],"author":[{"embeddable":true,"href":"https:\/\/www.facture.net\/blog\/wp-json\/wp\/v2\/users\/5"}],"replies":[{"embeddable":true,"href":"https:\/\/www.facture.net\/blog\/wp-json\/wp\/v2\/comments?post=2139"}],"version-history":[{"count":0,"href":"https:\/\/www.facture.net\/blog\/wp-json\/wp\/v2\/posts\/2139\/revisions"}],"wp:featuredmedia":[{"embeddable":true,"href":"https:\/\/www.facture.net\/blog\/wp-json\/wp\/v2\/media\/2147"}],"wp:attachment":[{"href":"https:\/\/www.facture.net\/blog\/wp-json\/wp\/v2\/media?parent=2139"}],"wp:term":[{"taxonomy":"category","embeddable":true,"href":"https:\/\/www.facture.net\/blog\/wp-json\/wp\/v2\/categories?post=2139"},{"taxonomy":"post_tag","embeddable":true,"href":"https:\/\/www.facture.net\/blog\/wp-json\/wp\/v2\/tags?post=2139"}],"curies":[{"name":"wp","href":"https:\/\/api.w.org\/{rel}","templated":true}]}}