{"id":1552,"date":"2026-04-16T09:10:00","date_gmt":"2026-04-16T07:10:00","guid":{"rendered":"https:\/\/www.facture.net\/blog\/?p=1552"},"modified":"2026-04-16T09:10:00","modified_gmt":"2026-04-16T07:10:00","slug":"temps-conservation-factures","status":"publish","type":"post","link":"https:\/\/www.facture.net\/blog\/temps-conservation-factures\/","title":{"rendered":"Combien de temps faut-il conserver vos factures&nbsp;?"},"content":{"rendered":"\n<p>Il existe un certain nombre de r\u00e8gles \u00e0 conna\u00eetre sur la <strong>conservation des factures<\/strong> au sein d\u2019une entreprise. Si vous ne respectez pas ces r\u00e8gles, vous pouvez vous exposer \u00e0 de lourdes sanctions. En effet, vous \u00eates tenus de conserver les factures des fournisseurs et des clients mais \u00e9galement tous les autres justificatifs comptables. Pour organiser tous ces documents, vous devez mettre en place un syst\u00e8me d\u2019archivage efficace.<\/p>\n\n\n\n<p>Mais <strong>combien de temps garder les factures<\/strong> et de quelle fa\u00e7on faut-il les conserver pour assurer une bonne gestion de la comptabilit\u00e9 de l\u2019entreprise&nbsp;?<\/p>\n\n\n\n<figure class=\"wp-block-image size-large\"><a href=\"#guide-facturation\"><img decoding=\"async\" width=\"1024\" height=\"238\" src=\"https:\/\/www.facture.net\/blog\/wp-content\/uploads\/sites\/3\/2025\/12\/F-banniere-guide-facturation-2026-1024x238.png\" alt=\"guide facturation\" class=\"wp-image-12084\" srcset=\"https:\/\/www.facture.net\/blog\/wp-content\/uploads\/sites\/3\/2025\/12\/F-banniere-guide-facturation-2026-1024x238.png 1024w, https:\/\/www.facture.net\/blog\/wp-content\/uploads\/sites\/3\/2025\/12\/F-banniere-guide-facturation-2026-300x70.png 300w, https:\/\/www.facture.net\/blog\/wp-content\/uploads\/sites\/3\/2025\/12\/F-banniere-guide-facturation-2026-768x179.png 768w, https:\/\/www.facture.net\/blog\/wp-content\/uploads\/sites\/3\/2025\/12\/F-banniere-guide-facturation-2026-60x14.png 60w, https:\/\/www.facture.net\/blog\/wp-content\/uploads\/sites\/3\/2025\/12\/F-banniere-guide-facturation-2026-370x86.png 370w, https:\/\/www.facture.net\/blog\/wp-content\/uploads\/sites\/3\/2025\/12\/F-banniere-guide-facturation-2026-270x63.png 270w, https:\/\/www.facture.net\/blog\/wp-content\/uploads\/sites\/3\/2025\/12\/F-banniere-guide-facturation-2026-570x133.png 570w, https:\/\/www.facture.net\/blog\/wp-content\/uploads\/sites\/3\/2025\/12\/F-banniere-guide-facturation-2026-740x172.png 740w, https:\/\/www.facture.net\/blog\/wp-content\/uploads\/sites\/3\/2025\/12\/F-banniere-guide-facturation-2026.png 1380w\" sizes=\"(max-width: 1024px) 100vw, 1024px\" \/><\/a><\/figure>\n\n\n\n<h2 class=\"wp-block-heading\">Combien de temps devez-vous conserver vos factures professionnelles&nbsp;?<\/h2>\n\n\n\n<p>En r\u00e8gle g\u00e9n\u00e9rale, le Code du Commerce stipule que toutes les factures clients et fournisseurs ainsi que les justificatifs comptables doivent \u00eatre conserv\u00e9s <strong>pendant 10 ans<\/strong> \u00e0 compter de la derni\u00e8re op\u00e9ration comptable.<\/p>\n\n\n\n<p>La l\u00e9gislation fiscale, quant \u00e0 elle, d\u00e9clare que toutes les factures et pi\u00e8ces justificatives comptables doivent \u00eatre conserv\u00e9es pendant 6 ans \u00e0 partir de la date d\u2019\u00e9tablissement ou de la derni\u00e8re op\u00e9ration qui appara\u00eet sur les registres de la soci\u00e9t\u00e9.<\/p>\n\n\n\n<p>Il faut surtout retenir que les livres, les registres comptables et les pi\u00e8ces justificatives sont \u00e0 conserver au moins 10 ans. Cette <strong>dur\u00e9e de conservation des factures<\/strong> garantit la conformit\u00e9 aux exigences l\u00e9gales et fiscales.<\/p>\n\n\n\n<p>Par ailleurs, les justificatifs comme les bons de commande, bons de livraison ou de r\u00e9ception doivent \u00e9galement \u00eatre conserv\u00e9s pendant 10 ans, car ils peuvent servir de <strong>preuves compl\u00e9mentaires<\/strong> en cas de contr\u00f4le fiscal.<\/p>\n\n\n\n<blockquote class=\"wp-block-quote is-layout-flow wp-block-quote-is-layout-flow\">\n<p><strong>\u00c0 lire aussi&nbsp;:<\/strong><a title=\"Quel est le d\u00e9lai de paiement d\u2019une facture&nbsp;?\" href=\"https:\/\/www.facture.net\/blog\/delai-reglement-facture\/\"> Quel est le d\u00e9lai de paiement d\u2019une facture&nbsp;?<\/a><\/p>\n<\/blockquote>\n\n\n\n<h2 class=\"wp-block-heading\">Sous quels formats stocker vos factures&nbsp;?<\/h2>\n\n\n\n<p>Il est n\u00e9cessaire de conserver vos factures professionnelles en France et l\u2019administration fiscale doit imp\u00e9rativement y avoir acc\u00e8s. Pour la <strong>conservation des factures<\/strong>, deux options s\u2019offrent \u00e0 vous&nbsp;:<\/p>\n\n\n\n<h3 class=\"wp-block-heading\">1. Facture sous format papier<\/h3>\n\n\n\n<p>Pour conserver tous vos justificatifs comptables, vous devrez les archiver de mani\u00e8re simple et organis\u00e9e afin de pouvoir vous y retrouver facilement. Si votre entreprise finalise de nombreuses transactions et que vous n\u2019avez pas un syst\u00e8me d\u2019archivage performant, la <strong>conservation des factures<\/strong> peut rapidement devenir difficile \u00e0 g\u00e9rer.<\/p>\n\n\n\n<p>Vous pouvez tout \u00e0 fait <strong>conserver une facture papier en format \u00e9lectronique<\/strong>. Votre entreprise peut num\u00e9riser les factures papier et les archiver sur un serveur informatique sous certaines conditions&nbsp;:<\/p>\n\n\n\n<ul class=\"wp-block-list\">\n<li>La facture doit \u00eatre identique \u00e0 la version papier.<\/li>\n\n\n\n<li>Le document \u00e9lectronique doit \u00eatre enregistr\u00e9 en version PDF avec signature num\u00e9rique ou cachet serveur conforme au RGS (R\u00e9f\u00e9rentiel G\u00e9n\u00e9ral de S\u00e9curit\u00e9).<\/li>\n\n\n\n<li>La facture \u00e9lectronique doit faire appara\u00eetre tout ajout ou changement effectu\u00e9 sur la facture papier initiale.<\/li>\n<\/ul>\n\n\n\n<p>Si ces conditions ne sont pas respect\u00e9es, les documents devront \u00eatre conserv\u00e9s sous format papier.<\/p>\n\n\n\n<h3 class=\"wp-block-heading\">2. Facture sous format \u00e9lectronique<\/h3>\n\n\n\n<p>Il est devenu essentiel et m\u00eame obligatoire en 2020 de <strong><a href=\"https:\/\/www.facture.net\/blog\/dematerialisation-des-factures\/\">d\u00e9mat\u00e9rialiser les factures<\/a><\/strong>. La d\u00e9mat\u00e9rialisation fiscale vous permet de mettre en place un syst\u00e8me de facturation enti\u00e8rement num\u00e9ris\u00e9.<\/p>\n\n\n\n<p>Les factures \u00e9lectroniques doivent \u00eatre conserv\u00e9es sur un support informatique. Ce dernier doit se trouver en France ou dans un autre \u00c9tat membre de l\u2019Union europ\u00e9enne. Il peut \u00e9galement \u00eatre dans un pays situ\u00e9 en dehors de l\u2019Union europ\u00e9enne, \u00e0 condition qu\u2019il fournisse des garanties \u00e9quivalentes \u00e0 celles des \u00c9tats membres de l\u2019Union europ\u00e9enne concernant l\u2019acc\u00e8s aux donn\u00e9es. Dans cette derni\u00e8re hypoth\u00e8se, l\u2019entreprise doit en informer l\u2019administration fiscale.<\/p>\n\n\n\n<p>Les r\u00e8gles de <strong>conservation des factures<\/strong> \u00e9lectroniques pour l\u2019administration fiscale sont les suivantes&nbsp;:<\/p>\n\n\n\n<ul class=\"wp-block-list\">\n<li>Les factures \u00e9mises sous format \u00e9lectronique doivent \u00eatre conserv\u00e9es sous le m\u00eame format pendant une dur\u00e9e de 3 ans. Puis, l\u2019entreprise peut d\u00e9cider de conserver la facture sous le m\u00eame format \u00e9lectronique ou bien adopter un autre format, tel que le format papier pendant encore 3 ans. Le d\u00e9lai court \u00e0 compter de la date \u00e0 laquelle la facture a \u00e9t\u00e9 \u00e9mise.<\/li>\n\n\n\n<li>Les factures sign\u00e9es \u00e9lectroniquement doivent \u00eatre conserv\u00e9es dans leur format d\u2019origine pendant 6 ans.<\/li>\n<\/ul>\n\n\n\n<blockquote class=\"wp-block-quote is-layout-flow wp-block-quote-is-layout-flow\">\n<p>Toute impression de la facture pendant ce d\u00e9lai de conservation obligatoire est consid\u00e9r\u00e9e comme \u00e9tant une copie de la facture originale.<\/p>\n<\/blockquote>\n\n\n\n<p>La <strong>conservation des factures \u00e9lectroniques<\/strong> offre de nombreux avantages&nbsp;: r\u00e9duction des co\u00fbts, optimisation de l\u2019espace de stockage, et meilleure accessibilit\u00e9 des donn\u00e9es.<\/p>\n\n\n\n<h2 class=\"wp-block-heading\">Les sanctions relatives au non-respect de l\u2019obligation de conserver les factures<\/h2>\n\n\n\n<p>Si vous ne respectez pas l\u2019obligation de <strong>conservation des factures<\/strong> durant la p\u00e9riode exig\u00e9e par le Code du Commerce ou la l\u00e9gislation fiscale, vous vous exposez \u00e0 de lourdes sanctions&nbsp;:<\/p>\n\n\n\n<ul class=\"wp-block-list\">\n<li>Non-conservation des factures clients&nbsp;: p\u00e9nalit\u00e9s de 50% des montants factur\u00e9s.<\/li>\n\n\n\n<li>Non-conservation des factures fournisseurs&nbsp;: rejet de la d\u00e9duction des charges, entra\u00eenant une taxation des b\u00e9n\u00e9fices suppl\u00e9mentaires.<\/li>\n\n\n\n<li>Absence des autres documents comptables&nbsp;: rejet de la comptabilit\u00e9, suivi d\u2019une proc\u00e9dure de rectification par l\u2019administration fiscale. Le b\u00e9n\u00e9fice de l\u2019entreprise sera alors recalcul\u00e9 sur la p\u00e9riode concern\u00e9e.<\/li>\n<\/ul>\n\n\n\n<h2 class=\"wp-block-heading\">Respectez les r\u00e8gles de conservation des factures pour \u00e9viter des sanctions<\/h2>\n\n\n\n<p>Il est essentiel de respecter les r\u00e8gles concernant le <strong>d\u00e9lai de conservation des factures pour une entreprise<\/strong>. Ces documents doivent \u00eatre archiv\u00e9s pendant 10 ans, avec un syst\u00e8me organis\u00e9 et facilement accessible. En adoptant les bonnes pratiques, vous assurez une gestion comptable optimale tout en \u00e9vitant des sanctions co\u00fbteuses de la part de l\u2019administration fiscale.<\/p>\n\n\n\n<h2 class=\"wp-block-heading\" id=\"guide-facturation\">Votre guide sur la facturation<\/h2>\n\n\n\n<figure class=\"wp-block-image size-large\"><img decoding=\"async\" width=\"1024\" height=\"645\" src=\"https:\/\/www.facture.net\/blog\/wp-content\/uploads\/sites\/3\/2025\/12\/Guide-facturation-2026-Facture-1024x645.png\" alt=\"guide facturation\" class=\"wp-image-12082\" srcset=\"https:\/\/www.facture.net\/blog\/wp-content\/uploads\/sites\/3\/2025\/12\/Guide-facturation-2026-Facture-1024x645.png 1024w, https:\/\/www.facture.net\/blog\/wp-content\/uploads\/sites\/3\/2025\/12\/Guide-facturation-2026-Facture-300x189.png 300w, https:\/\/www.facture.net\/blog\/wp-content\/uploads\/sites\/3\/2025\/12\/Guide-facturation-2026-Facture-768x484.png 768w, https:\/\/www.facture.net\/blog\/wp-content\/uploads\/sites\/3\/2025\/12\/Guide-facturation-2026-Facture-60x38.png 60w, https:\/\/www.facture.net\/blog\/wp-content\/uploads\/sites\/3\/2025\/12\/Guide-facturation-2026-Facture-370x233.png 370w, https:\/\/www.facture.net\/blog\/wp-content\/uploads\/sites\/3\/2025\/12\/Guide-facturation-2026-Facture-270x170.png 270w, https:\/\/www.facture.net\/blog\/wp-content\/uploads\/sites\/3\/2025\/12\/Guide-facturation-2026-Facture-570x359.png 570w, https:\/\/www.facture.net\/blog\/wp-content\/uploads\/sites\/3\/2025\/12\/Guide-facturation-2026-Facture-740x466.png 740w, https:\/\/www.facture.net\/blog\/wp-content\/uploads\/sites\/3\/2025\/12\/Guide-facturation-2026-Facture.png 1200w\" sizes=\"(max-width: 1024px) 100vw, 1024px\" \/><\/figure>\n\n\n\n<div class=\"side-all newsletter_box\">\n<p class=\"h4 widget-title\" style=\"margin-top: 0\">Recevez gratuitement votre guide sur la facturation<\/p>\n        \n                                                        \n                                                        \n                                                        \n<button class=\"mks_button mks_button_medium button_side_all rounded\" type=\"submit\" aria-label=\"Inscription\" style=\"background-color: #4e46e5;color: #fff\">Recevoir le guide\n<\/button>\n<p class=\"small\">Vous consentez \u00e0 recevoir les communications de Codeur SAS, \u00e9diteur de Facture.net, par email. Consultez la <a href=\"https:\/\/www.codeur.com\/pages\/politique-de-confidentialite\" target=\"_blank\">Politique de Confidentialit\u00e9<\/a>.\n        <\/p><\/div>\n","protected":false},"excerpt":{"rendered":"<p>Il existe un certain nombre de r\u00e8gles \u00e0 conna\u00eetre sur la conservation des factures au sein d\u2019une entreprise. Si vous ne respectez pas ces r\u00e8gles, vous pouvez vous exposer \u00e0 de lourdes sanctions. En effet, vous \u00eates tenus de conserver les factures des fournisseurs et des clients mais \u00e9galement tous les autres justificatifs comptables. Pour [&hellip;]<\/p>\n","protected":false},"author":5,"featured_media":10190,"comment_status":"open","ping_status":"open","sticky":false,"template":"","format":"standard","meta":{"_acf_changed":false,"inline_featured_image":false,"footnotes":""},"categories":[4],"tags":[],"class_list":["post-1552","post","type-post","status-publish","format-standard","has-post-thumbnail","hentry","category-facturation"],"acf":[],"yoast_head":"<!-- This site is optimized with the Yoast SEO plugin v25.9 - https:\/\/yoast.com\/wordpress\/plugins\/seo\/ -->\n<title>Les r\u00e8gles de conservation des factures - Facture.net<\/title>\n<meta name=\"description\" content=\"Il existe un certain nombre de r\u00e8gles \u00e0 conna\u00eetre sur la conservation des factures au sein d\u2019une entreprise. Si vous ne respectez pas ces r\u00e8gles, vous\" \/>\n<meta name=\"robots\" content=\"index, follow, max-snippet:-1, max-image-preview:large, max-video-preview:-1\" \/>\n<link rel=\"canonical\" href=\"https:\/\/www.facture.net\/blog\/temps-conservation-factures\/\" \/>\n<meta property=\"og:locale\" content=\"fr_FR\" \/>\n<meta property=\"og:type\" content=\"article\" \/>\n<meta property=\"og:title\" content=\"Les r\u00e8gles de conservation des factures - Facture.net\" \/>\n<meta property=\"og:description\" content=\"Il existe un certain nombre de r\u00e8gles \u00e0 conna\u00eetre sur la conservation des factures au sein d\u2019une entreprise. Si vous ne respectez pas ces r\u00e8gles, vous\" \/>\n<meta property=\"og:url\" content=\"https:\/\/www.facture.net\/blog\/temps-conservation-factures\/\" \/>\n<meta property=\"og:site_name\" content=\"Facture.net\" \/>\n<meta property=\"article:published_time\" content=\"2026-04-16T07:10:00+00:00\" \/>\n<meta property=\"og:image\" content=\"https:\/\/www.facture.net\/blog\/wp-content\/uploads\/sites\/3\/2020\/09\/conservation-des-factures.jpg\" \/>\n\t<meta property=\"og:image:width\" content=\"1200\" \/>\n\t<meta property=\"og:image:height\" content=\"675\" \/>\n\t<meta property=\"og:image:type\" content=\"image\/jpeg\" \/>\n<meta name=\"author\" content=\"Thomas Lazzaroni\" \/>\n<meta name=\"twitter:card\" content=\"summary_large_image\" \/>\n<meta name=\"twitter:creator\" content=\"@totolazza\" \/>\n<meta name=\"twitter:label1\" content=\"\u00c9crit par\" \/>\n\t<meta name=\"twitter:data1\" content=\"Thomas Lazzaroni\" \/>\n\t<meta name=\"twitter:label2\" content=\"Dur\u00e9e de lecture estim\u00e9e\" \/>\n\t<meta name=\"twitter:data2\" content=\"5 minutes\" \/>\n<script type=\"application\/ld+json\" class=\"yoast-schema-graph\">{\"@context\":\"https:\/\/schema.org\",\"@graph\":[{\"@type\":\"Article\",\"@id\":\"https:\/\/www.facture.net\/blog\/temps-conservation-factures\/#article\",\"isPartOf\":{\"@id\":\"https:\/\/www.facture.net\/blog\/temps-conservation-factures\/\"},\"author\":{\"name\":\"Thomas Lazzaroni\",\"@id\":\"https:\/\/www.facture.net\/blog\/#\/schema\/person\/cc3b0a678aeffcae19ecc599eaf679e5\"},\"headline\":\"Combien de temps faut-il conserver vos factures&nbsp;?\",\"datePublished\":\"2026-04-16T07:10:00+00:00\",\"mainEntityOfPage\":{\"@id\":\"https:\/\/www.facture.net\/blog\/temps-conservation-factures\/\"},\"wordCount\":961,\"commentCount\":1,\"publisher\":{\"@id\":\"https:\/\/www.facture.net\/blog\/#organization\"},\"image\":{\"@id\":\"https:\/\/www.facture.net\/blog\/temps-conservation-factures\/#primaryimage\"},\"thumbnailUrl\":\"https:\/\/www.facture.net\/blog\/wp-content\/uploads\/sites\/3\/2020\/09\/conservation-des-factures.jpg\",\"articleSection\":[\"Facturation\"],\"inLanguage\":\"fr-FR\",\"potentialAction\":[{\"@type\":\"CommentAction\",\"name\":\"Comment\",\"target\":[\"https:\/\/www.facture.net\/blog\/temps-conservation-factures\/#respond\"]}]},{\"@type\":\"WebPage\",\"@id\":\"https:\/\/www.facture.net\/blog\/temps-conservation-factures\/\",\"url\":\"https:\/\/www.facture.net\/blog\/temps-conservation-factures\/\",\"name\":\"Les r\u00e8gles de conservation des factures - Facture.net\",\"isPartOf\":{\"@id\":\"https:\/\/www.facture.net\/blog\/#website\"},\"primaryImageOfPage\":{\"@id\":\"https:\/\/www.facture.net\/blog\/temps-conservation-factures\/#primaryimage\"},\"image\":{\"@id\":\"https:\/\/www.facture.net\/blog\/temps-conservation-factures\/#primaryimage\"},\"thumbnailUrl\":\"https:\/\/www.facture.net\/blog\/wp-content\/uploads\/sites\/3\/2020\/09\/conservation-des-factures.jpg\",\"datePublished\":\"2026-04-16T07:10:00+00:00\",\"description\":\"Il existe un certain nombre de r\u00e8gles \u00e0 conna\u00eetre sur la conservation des factures au sein d\u2019une entreprise. Si vous ne respectez pas ces r\u00e8gles, vous\",\"breadcrumb\":{\"@id\":\"https:\/\/www.facture.net\/blog\/temps-conservation-factures\/#breadcrumb\"},\"inLanguage\":\"fr-FR\",\"potentialAction\":[{\"@type\":\"ReadAction\",\"target\":[\"https:\/\/www.facture.net\/blog\/temps-conservation-factures\/\"]}]},{\"@type\":\"ImageObject\",\"inLanguage\":\"fr-FR\",\"@id\":\"https:\/\/www.facture.net\/blog\/temps-conservation-factures\/#primaryimage\",\"url\":\"https:\/\/www.facture.net\/blog\/wp-content\/uploads\/sites\/3\/2020\/09\/conservation-des-factures.jpg\",\"contentUrl\":\"https:\/\/www.facture.net\/blog\/wp-content\/uploads\/sites\/3\/2020\/09\/conservation-des-factures.jpg\",\"width\":1200,\"height\":675,\"caption\":\"conservation des factures\"},{\"@type\":\"BreadcrumbList\",\"@id\":\"https:\/\/www.facture.net\/blog\/temps-conservation-factures\/#breadcrumb\",\"itemListElement\":[{\"@type\":\"ListItem\",\"position\":1,\"name\":\"Blog\",\"item\":\"https:\/\/www.facture.net\/blog\/\"},{\"@type\":\"ListItem\",\"position\":2,\"name\":\"Comptabilit\u00e9\",\"item\":\"https:\/\/www.facture.net\/blog\/comptabilite\/\"},{\"@type\":\"ListItem\",\"position\":3,\"name\":\"Facturation\",\"item\":\"https:\/\/www.facture.net\/blog\/comptabilite\/facturation\/\"},{\"@type\":\"ListItem\",\"position\":4,\"name\":\"Combien de temps faut-il conserver vos factures&nbsp;?\"}]},{\"@type\":\"WebSite\",\"@id\":\"https:\/\/www.facture.net\/blog\/#website\",\"url\":\"https:\/\/www.facture.net\/blog\/\",\"name\":\"Facture.net\",\"description\":\"facture\",\"publisher\":{\"@id\":\"https:\/\/www.facture.net\/blog\/#organization\"},\"potentialAction\":[{\"@type\":\"SearchAction\",\"target\":{\"@type\":\"EntryPoint\",\"urlTemplate\":\"https:\/\/www.facture.net\/blog\/?s={search_term_string}\"},\"query-input\":{\"@type\":\"PropertyValueSpecification\",\"valueRequired\":true,\"valueName\":\"search_term_string\"}}],\"inLanguage\":\"fr-FR\"},{\"@type\":\"Organization\",\"@id\":\"https:\/\/www.facture.net\/blog\/#organization\",\"name\":\"Facture.net\",\"url\":\"https:\/\/www.facture.net\/blog\/\",\"logo\":{\"@type\":\"ImageObject\",\"inLanguage\":\"fr-FR\",\"@id\":\"https:\/\/www.facture.net\/blog\/#\/schema\/logo\/image\/\",\"url\":\"https:\/\/www.facture.net\/blog\/wp-content\/uploads\/sites\/3\/2022\/07\/logo-facture.svg\",\"contentUrl\":\"https:\/\/www.facture.net\/blog\/wp-content\/uploads\/sites\/3\/2022\/07\/logo-facture.svg\",\"width\":1,\"height\":1,\"caption\":\"Facture.net\"},\"image\":{\"@id\":\"https:\/\/www.facture.net\/blog\/#\/schema\/logo\/image\/\"}},{\"@type\":\"Person\",\"@id\":\"https:\/\/www.facture.net\/blog\/#\/schema\/person\/cc3b0a678aeffcae19ecc599eaf679e5\",\"name\":\"Thomas Lazzaroni\",\"image\":{\"@type\":\"ImageObject\",\"inLanguage\":\"fr-FR\",\"@id\":\"https:\/\/www.facture.net\/blog\/#\/schema\/person\/image\/\",\"url\":\"https:\/\/secure.gravatar.com\/avatar\/7306fb87b7017ab0955d07c2f2b771ac79e91965a2fca514df0c043f7c087fd2?s=96&d=mm&r=g\",\"contentUrl\":\"https:\/\/secure.gravatar.com\/avatar\/7306fb87b7017ab0955d07c2f2b771ac79e91965a2fca514df0c043f7c087fd2?s=96&d=mm&r=g\",\"caption\":\"Thomas Lazzaroni\"},\"description\":\"Depuis plus de 10 ans, je contribue \u00e0 faire rayonner nos sites en imaginant des strat\u00e9gies qui renforcent notre visibilit\u00e9 et notre position de r\u00e9f\u00e9rence.\",\"sameAs\":[\"https:\/\/totolazza.com\",\"https:\/\/www.linkedin.com\/in\/thomaslazzaroni\/\",\"https:\/\/x.com\/totolazza\"],\"url\":\"https:\/\/www.facture.net\/blog\/author\/thomas\/\"}]}<\/script>\n<!-- \/ Yoast SEO plugin. -->","yoast_head_json":{"title":"Les r\u00e8gles de conservation des factures - Facture.net","description":"Il existe un certain nombre de r\u00e8gles \u00e0 conna\u00eetre sur la conservation des factures au sein d\u2019une entreprise. Si vous ne respectez pas ces r\u00e8gles, vous","robots":{"index":"index","follow":"follow","max-snippet":"max-snippet:-1","max-image-preview":"max-image-preview:large","max-video-preview":"max-video-preview:-1"},"canonical":"https:\/\/www.facture.net\/blog\/temps-conservation-factures\/","og_locale":"fr_FR","og_type":"article","og_title":"Les r\u00e8gles de conservation des factures - Facture.net","og_description":"Il existe un certain nombre de r\u00e8gles \u00e0 conna\u00eetre sur la conservation des factures au sein d\u2019une entreprise. Si vous ne respectez pas ces r\u00e8gles, vous","og_url":"https:\/\/www.facture.net\/blog\/temps-conservation-factures\/","og_site_name":"Facture.net","article_published_time":"2026-04-16T07:10:00+00:00","og_image":[{"width":1200,"height":675,"url":"https:\/\/www.facture.net\/blog\/wp-content\/uploads\/sites\/3\/2020\/09\/conservation-des-factures.jpg","type":"image\/jpeg"}],"author":"Thomas Lazzaroni","twitter_card":"summary_large_image","twitter_creator":"@totolazza","twitter_misc":{"\u00c9crit par":"Thomas Lazzaroni","Dur\u00e9e de lecture estim\u00e9e":"5 minutes"},"schema":{"@context":"https:\/\/schema.org","@graph":[{"@type":"Article","@id":"https:\/\/www.facture.net\/blog\/temps-conservation-factures\/#article","isPartOf":{"@id":"https:\/\/www.facture.net\/blog\/temps-conservation-factures\/"},"author":{"name":"Thomas Lazzaroni","@id":"https:\/\/www.facture.net\/blog\/#\/schema\/person\/cc3b0a678aeffcae19ecc599eaf679e5"},"headline":"Combien de temps faut-il conserver vos factures&nbsp;?","datePublished":"2026-04-16T07:10:00+00:00","mainEntityOfPage":{"@id":"https:\/\/www.facture.net\/blog\/temps-conservation-factures\/"},"wordCount":961,"commentCount":1,"publisher":{"@id":"https:\/\/www.facture.net\/blog\/#organization"},"image":{"@id":"https:\/\/www.facture.net\/blog\/temps-conservation-factures\/#primaryimage"},"thumbnailUrl":"https:\/\/www.facture.net\/blog\/wp-content\/uploads\/sites\/3\/2020\/09\/conservation-des-factures.jpg","articleSection":["Facturation"],"inLanguage":"fr-FR","potentialAction":[{"@type":"CommentAction","name":"Comment","target":["https:\/\/www.facture.net\/blog\/temps-conservation-factures\/#respond"]}]},{"@type":"WebPage","@id":"https:\/\/www.facture.net\/blog\/temps-conservation-factures\/","url":"https:\/\/www.facture.net\/blog\/temps-conservation-factures\/","name":"Les r\u00e8gles de conservation des factures - Facture.net","isPartOf":{"@id":"https:\/\/www.facture.net\/blog\/#website"},"primaryImageOfPage":{"@id":"https:\/\/www.facture.net\/blog\/temps-conservation-factures\/#primaryimage"},"image":{"@id":"https:\/\/www.facture.net\/blog\/temps-conservation-factures\/#primaryimage"},"thumbnailUrl":"https:\/\/www.facture.net\/blog\/wp-content\/uploads\/sites\/3\/2020\/09\/conservation-des-factures.jpg","datePublished":"2026-04-16T07:10:00+00:00","description":"Il existe un certain nombre de r\u00e8gles \u00e0 conna\u00eetre sur la conservation des factures au sein d\u2019une entreprise. Si vous ne respectez pas ces r\u00e8gles, vous","breadcrumb":{"@id":"https:\/\/www.facture.net\/blog\/temps-conservation-factures\/#breadcrumb"},"inLanguage":"fr-FR","potentialAction":[{"@type":"ReadAction","target":["https:\/\/www.facture.net\/blog\/temps-conservation-factures\/"]}]},{"@type":"ImageObject","inLanguage":"fr-FR","@id":"https:\/\/www.facture.net\/blog\/temps-conservation-factures\/#primaryimage","url":"https:\/\/www.facture.net\/blog\/wp-content\/uploads\/sites\/3\/2020\/09\/conservation-des-factures.jpg","contentUrl":"https:\/\/www.facture.net\/blog\/wp-content\/uploads\/sites\/3\/2020\/09\/conservation-des-factures.jpg","width":1200,"height":675,"caption":"conservation des factures"},{"@type":"BreadcrumbList","@id":"https:\/\/www.facture.net\/blog\/temps-conservation-factures\/#breadcrumb","itemListElement":[{"@type":"ListItem","position":1,"name":"Blog","item":"https:\/\/www.facture.net\/blog\/"},{"@type":"ListItem","position":2,"name":"Comptabilit\u00e9","item":"https:\/\/www.facture.net\/blog\/comptabilite\/"},{"@type":"ListItem","position":3,"name":"Facturation","item":"https:\/\/www.facture.net\/blog\/comptabilite\/facturation\/"},{"@type":"ListItem","position":4,"name":"Combien de temps faut-il conserver vos factures&nbsp;?"}]},{"@type":"WebSite","@id":"https:\/\/www.facture.net\/blog\/#website","url":"https:\/\/www.facture.net\/blog\/","name":"Facture.net","description":"facture","publisher":{"@id":"https:\/\/www.facture.net\/blog\/#organization"},"potentialAction":[{"@type":"SearchAction","target":{"@type":"EntryPoint","urlTemplate":"https:\/\/www.facture.net\/blog\/?s={search_term_string}"},"query-input":{"@type":"PropertyValueSpecification","valueRequired":true,"valueName":"search_term_string"}}],"inLanguage":"fr-FR"},{"@type":"Organization","@id":"https:\/\/www.facture.net\/blog\/#organization","name":"Facture.net","url":"https:\/\/www.facture.net\/blog\/","logo":{"@type":"ImageObject","inLanguage":"fr-FR","@id":"https:\/\/www.facture.net\/blog\/#\/schema\/logo\/image\/","url":"https:\/\/www.facture.net\/blog\/wp-content\/uploads\/sites\/3\/2022\/07\/logo-facture.svg","contentUrl":"https:\/\/www.facture.net\/blog\/wp-content\/uploads\/sites\/3\/2022\/07\/logo-facture.svg","width":1,"height":1,"caption":"Facture.net"},"image":{"@id":"https:\/\/www.facture.net\/blog\/#\/schema\/logo\/image\/"}},{"@type":"Person","@id":"https:\/\/www.facture.net\/blog\/#\/schema\/person\/cc3b0a678aeffcae19ecc599eaf679e5","name":"Thomas Lazzaroni","image":{"@type":"ImageObject","inLanguage":"fr-FR","@id":"https:\/\/www.facture.net\/blog\/#\/schema\/person\/image\/","url":"https:\/\/secure.gravatar.com\/avatar\/7306fb87b7017ab0955d07c2f2b771ac79e91965a2fca514df0c043f7c087fd2?s=96&d=mm&r=g","contentUrl":"https:\/\/secure.gravatar.com\/avatar\/7306fb87b7017ab0955d07c2f2b771ac79e91965a2fca514df0c043f7c087fd2?s=96&d=mm&r=g","caption":"Thomas Lazzaroni"},"description":"Depuis plus de 10 ans, je contribue \u00e0 faire rayonner nos sites en imaginant des strat\u00e9gies qui renforcent notre visibilit\u00e9 et notre position de r\u00e9f\u00e9rence.","sameAs":["https:\/\/totolazza.com","https:\/\/www.linkedin.com\/in\/thomaslazzaroni\/","https:\/\/x.com\/totolazza"],"url":"https:\/\/www.facture.net\/blog\/author\/thomas\/"}]}},"_links":{"self":[{"href":"https:\/\/www.facture.net\/blog\/wp-json\/wp\/v2\/posts\/1552","targetHints":{"allow":["GET"]}}],"collection":[{"href":"https:\/\/www.facture.net\/blog\/wp-json\/wp\/v2\/posts"}],"about":[{"href":"https:\/\/www.facture.net\/blog\/wp-json\/wp\/v2\/types\/post"}],"author":[{"embeddable":true,"href":"https:\/\/www.facture.net\/blog\/wp-json\/wp\/v2\/users\/5"}],"replies":[{"embeddable":true,"href":"https:\/\/www.facture.net\/blog\/wp-json\/wp\/v2\/comments?post=1552"}],"version-history":[{"count":1,"href":"https:\/\/www.facture.net\/blog\/wp-json\/wp\/v2\/posts\/1552\/revisions"}],"predecessor-version":[{"id":12334,"href":"https:\/\/www.facture.net\/blog\/wp-json\/wp\/v2\/posts\/1552\/revisions\/12334"}],"wp:featuredmedia":[{"embeddable":true,"href":"https:\/\/www.facture.net\/blog\/wp-json\/wp\/v2\/media\/10190"}],"wp:attachment":[{"href":"https:\/\/www.facture.net\/blog\/wp-json\/wp\/v2\/media?parent=1552"}],"wp:term":[{"taxonomy":"category","embeddable":true,"href":"https:\/\/www.facture.net\/blog\/wp-json\/wp\/v2\/categories?post=1552"},{"taxonomy":"post_tag","embeddable":true,"href":"https:\/\/www.facture.net\/blog\/wp-json\/wp\/v2\/tags?post=1552"}],"curies":[{"name":"wp","href":"https:\/\/api.w.org\/{rel}","templated":true}]}}