{"id":1346,"date":"2020-05-14T10:00:37","date_gmt":"2020-05-14T08:00:37","guid":{"rendered":"https:\/\/www.facture.net\/blog\/?p=1346"},"modified":"2025-08-21T09:42:53","modified_gmt":"2025-08-21T07:42:53","slug":"micro-entreprise-cumul-activites","status":"publish","type":"post","link":"https:\/\/www.facture.net\/blog\/micro-entreprise-cumul-activites\/","title":{"rendered":"Micro-entreprise&nbsp;: Comment cumuler plusieurs activit\u00e9s&nbsp;?"},"content":{"rendered":"<p>Vous \u00eates micro-entrepreneur et vous souhaitez cumuler plusieurs activit\u00e9s&nbsp;? Bonne nouvelle, c\u2019est possible&nbsp;!<\/p>\n<p>La micro-entreprise vous permet de cumuler des revenus en plus d\u2019un salaire ou d\u2019une <a href=\"https:\/\/www.facture.net\/blog\/cumul-retraite-micro-entreprise\/\">pension de retraite<\/a> notamment. Vous \u00eates \u00e9galement en droit de pratiquer plusieurs activit\u00e9s n\u2019ayant aucun rapport entre elles.<\/p>\n<p>Cependant, il y a certaines conditions \u00e0 prendre en compte. Voici tout ce que vous devez savoir pour cumuler plusieurs activit\u00e9s en tant qu\u2019auto-entrepreneur.<\/p>\n<h2>R\u00e9glementation du cumul d\u2019activit\u00e9s en micro-entreprise<\/h2>\n<p>Au sein de votre micro-entreprise, vous avez le droit de cumuler plusieurs activit\u00e9s professionnelles. Celles-ci peuvent \u00eatre <a href=\"https:\/\/www.facture.net\/blog\/creation-entreprise-artisanale\/\">artisanales<\/a>, lib\u00e9rales ou commerciales.<\/p>\n<p>M\u00eame si vous pratiquez et d\u00e9clarez diff\u00e9rentes activit\u00e9s, vous n\u2019aurez qu\u2019un num\u00e9ro de <a href=\"https:\/\/www.facture.net\/blog\/obtenir-numero-siret-siren\/\">Siren<\/a> et de <a href=\"https:\/\/www.facture.net\/blog\/facturation-sans-siret\/\">Siret<\/a>. Votre seuil de chiffre d\u2019affaires reste aussi identique.\u00a0Vous devez donc respecter le plafond autoris\u00e9.<\/p>\n<blockquote><p><strong>\u00c0 lire aussi&nbsp;: <\/strong><a title=\"Auto-entreprise&nbsp;: les 9 erreurs courantes \u00e0 \u00e9viter\" href=\"https:\/\/www.facture.net\/blog\/erreurs-auto-entreprise\/\">Auto-entreprise&nbsp;: les 9 erreurs courantes \u00e0 \u00e9viter<\/a><\/p><\/blockquote>\n<h3>Comment conna\u00eetre le montant du plafond de chiffre d&#8217;affaires de ma micro-entreprise&nbsp;?<\/h3>\n<p><strong>Il vous suffit de d\u00e9terminer votre activit\u00e9 principale. Autrement dit, celle qui vous apporte le plus de chiffre d\u2019affaires.<\/strong><\/p>\n<p>Lors de votre inscription au Centre de Formalit\u00e9s des Entreprises (CFE), vous devez d\u00e9clarer l\u2019activit\u00e9 principale exerc\u00e9e qui d\u00e9terminera alors votre <a href=\"https:\/\/www.facture.net\/blog\/comment-trouver-le-code-ape-de-son-activite\/\" target=\"_blank\" rel=\"noopener\">code APE<\/a> (code attribu\u00e9 par l\u2019INSEE lors de la d\u00e9claration d\u2019activit\u00e9 de l\u2019entreprise).<\/p>\n<p>La micro-entreprise b\u00e9n\u00e9ficie d\u2019un r\u00e9gime simplifi\u00e9, vous n\u2019aurez qu\u2019<strong>un seul chiffre d\u2019affaires \u00e0 d\u00e9clarer<\/strong> qui devra <strong>\u00eatre r\u00e9parti par activit\u00e9 lors de votre d\u00e9claration de revenus aux imp\u00f4ts<\/strong>.<\/p>\n<blockquote><p>Est-ce que vos activit\u00e9s appartiennent au r\u00e9gime BIC (B\u00e9n\u00e9fices Industriels ou Commerciaux) ou au BNC (B\u00e9n\u00e9fices non commerciaux)&nbsp;? Si elles appartiennent aux deux alors le montant des cotisations sociales ne sera pas forc\u00e9ment le m\u00eame pour chaque activit\u00e9 exerc\u00e9e au sein de votre micro-entreprise.<\/p><\/blockquote>\n<p><img decoding=\"async\" class=\"aligncenter size-full wp-image-1350\" src=\"https:\/\/www.facture.net\/blog\/wp-content\/uploads\/sites\/3\/2020\/05\/entrepreneur-plusieurs-activites-1.jpg\" alt=\"auto-entrepreneur plusieurs activit\u00e9s\" width=\"700\" height=\"467\" srcset=\"https:\/\/www.facture.net\/blog\/wp-content\/uploads\/sites\/3\/2020\/05\/entrepreneur-plusieurs-activites-1.jpg 700w, https:\/\/www.facture.net\/blog\/wp-content\/uploads\/sites\/3\/2020\/05\/entrepreneur-plusieurs-activites-1-300x200.jpg 300w, https:\/\/www.facture.net\/blog\/wp-content\/uploads\/sites\/3\/2020\/05\/entrepreneur-plusieurs-activites-1-60x40.jpg 60w, https:\/\/www.facture.net\/blog\/wp-content\/uploads\/sites\/3\/2020\/05\/entrepreneur-plusieurs-activites-1-370x247.jpg 370w, https:\/\/www.facture.net\/blog\/wp-content\/uploads\/sites\/3\/2020\/05\/entrepreneur-plusieurs-activites-1-270x180.jpg 270w, https:\/\/www.facture.net\/blog\/wp-content\/uploads\/sites\/3\/2020\/05\/entrepreneur-plusieurs-activites-1-570x380.jpg 570w\" sizes=\"(max-width: 700px) 100vw, 700px\" \/><\/p>\n<blockquote><p>Il est possible de d\u00e9clarer une micro-entreprise si vous \u00eates salari\u00e9 sous certaines conditions&nbsp;:<\/p>\n<ul>\n<li>Vous ne devez pas concurrencer votre employeur.<\/li>\n<li>Vous devez signer un contrat qui vous autorise \u00e0 exercer une autre activit\u00e9 ind\u00e9pendante.<\/li>\n<\/ul>\n<p>Nous vous invitons \u00e0 lire le d\u00e9tail de ces conditions sur notre <a href=\"https:\/\/www.facture.net\/blog\/cumuler-emploi-salarie-auto-entrepreneur\/\" target=\"_blank\" rel=\"noopener\">article d\u00e9di\u00e9<\/a>.<\/p><\/blockquote>\n<h2>Cumuler des activit\u00e9s li\u00e9es<\/h2>\n<p><strong>Vous \u00eates autoris\u00e9 \u00e0 cumuler plusieurs activit\u00e9s li\u00e9es ou non li\u00e9es au sein de votre micro-entreprise.\u00a0<\/strong><\/p>\n<p>Les activit\u00e9s li\u00e9es concernent souvent des auto-entrepreneurs qui fournissent un service ainsi que les mat\u00e9riaux essentiels \u00e0 sa r\u00e9alisation. Ainsi, un peintre en b\u00e2timent peut \u00e0 la fois r\u00e9pondre \u00e0 la demande de prestation d\u2019un client en r\u00e9alisant la peinture et \u00e9galement vendre les pots utilis\u00e9s.<\/p>\n<p>Le montant des cotisations sociales en micro-entreprise&nbsp;:<\/p>\n<ul>\n<li>12,8% du chiffre d\u2019affaires correspond aux activit\u00e9s commerciales.<\/li>\n<li>22% du chiffre d\u2019affaires correspond aux activit\u00e9s lib\u00e9rales ou prestations de services.<\/li>\n<\/ul>\n<p>Deux cas sont \u00e0 prendre en compte&nbsp;:<\/p>\n<ul>\n<li><strong>L\u2019activit\u00e9 la plus importante concerne la vente de marchandises qui rapporte plus que la prestation de services ou bien les deux sont \u00e0 parts \u00e9gales.<\/strong> Il s\u2019agit alors d\u2019une activit\u00e9 consid\u00e9r\u00e9e comme mixte. Le plafond de chiffre d\u2019affaires s\u2019\u00e9l\u00e8ve \u00e0 172 200 \u20ac. La prestation de services ne peut exc\u00e9der 72 500 \u20ac.<\/li>\n<li><strong>L\u2019activit\u00e9 la plus importante concerne la prestation de services&nbsp;:<\/strong> votre plafond de chiffre d\u2019affaires s\u2019\u00e9l\u00e8ve alors \u00e0 72 500 \u20ac auquel vous pourrez ajouter jusqu\u2019\u00e0 130 700 \u20ac de vente de marchandises.<\/li>\n<\/ul>\n<blockquote><p><strong>\u00c0 lire aussi&nbsp;: <\/strong><a href=\"https:\/\/www.facture.net\/blog\/declarer-chiffre-daffaires\/\">Auto-entrepreneur&nbsp;: comment d\u00e9clarer votre chiffre d\u2019affaires\u00a0?<\/a><\/p><\/blockquote>\n<h2>Cumuler des activit\u00e9s non li\u00e9es au sein d\u2019une micro-entreprise<\/h2>\n<p>Vos activit\u00e9s peuvent tr\u00e8s bien n\u2019avoir aucun rapport entre elles. Si celles-ci n\u2019appartiennent pas \u00e0 la m\u00eame cat\u00e9gorie, vous devrez <strong>d\u00e9terminer l\u2019activit\u00e9 la plus importante pour conna\u00eetre les r\u00e8gles concernant les cotisations sociales et les plafonds de chiffres d\u2019affaires de votre micro-entreprise<\/strong>.<\/p>\n<p>Si les activit\u00e9s distinctes exerc\u00e9es appartiennent \u00e0 la m\u00eame cat\u00e9gorie, votre plafond de chiffre d\u2019affaires sera le m\u00eame.<\/p>\n<p>Par exemple, pour deux activit\u00e9s lib\u00e9rales ou artisanales, le plafond de chiffre d\u2019affaires sera de 72 500 euros et 22% de cotisations sociales. Si les activit\u00e9s cumul\u00e9es sont commerciales, votre plafond de chiffres d\u2019affaires sera de 176 200 euros avec 12,8% de cotisations sociales.<\/p>\n<p><img decoding=\"async\" class=\"aligncenter size-full wp-image-1349\" src=\"https:\/\/www.facture.net\/blog\/wp-content\/uploads\/sites\/3\/2020\/05\/cumul-activite-freelance-1.jpg\" alt=\"cumul d'activit\u00e9s freelance\" width=\"700\" height=\"467\" srcset=\"https:\/\/www.facture.net\/blog\/wp-content\/uploads\/sites\/3\/2020\/05\/cumul-activite-freelance-1.jpg 700w, https:\/\/www.facture.net\/blog\/wp-content\/uploads\/sites\/3\/2020\/05\/cumul-activite-freelance-1-300x200.jpg 300w, https:\/\/www.facture.net\/blog\/wp-content\/uploads\/sites\/3\/2020\/05\/cumul-activite-freelance-1-60x40.jpg 60w, https:\/\/www.facture.net\/blog\/wp-content\/uploads\/sites\/3\/2020\/05\/cumul-activite-freelance-1-370x247.jpg 370w, https:\/\/www.facture.net\/blog\/wp-content\/uploads\/sites\/3\/2020\/05\/cumul-activite-freelance-1-270x180.jpg 270w, https:\/\/www.facture.net\/blog\/wp-content\/uploads\/sites\/3\/2020\/05\/cumul-activite-freelance-1-570x380.jpg 570w\" sizes=\"(max-width: 700px) 100vw, 700px\" \/><\/p>\n<h2>Comment d\u00e9clarer plusieurs activit\u00e9s&nbsp;?<\/h2>\n<p>Maintenant que vous avez pris connaissance des r\u00e9glementations li\u00e9es au cumul d\u2019activit\u00e9s au sein d\u2019une micro-entreprise, vous \u00eates pr\u00eat \u00e0 passer \u00e0 la d\u00e9claration. Avec le r\u00e9gime simplifi\u00e9 de la micro-entreprise, rien de plus facile&nbsp;!<\/p>\n<p>Lors de la <a href=\"https:\/\/www.facture.net\/blog\/comment-creer-une-micro-entreprise\/\">cr\u00e9ation de votre auto-entreprise<\/a> aupr\u00e8s de l\u2019URSSAF ou de votre centre de formalit\u00e9s des entreprises, vous devrez d\u00e9terminer l\u2019activit\u00e9 la plus importante comme vu pr\u00e9c\u00e9demment, la d\u00e9clarer puis d\u00e9clarer les activit\u00e9s secondaires.<\/p>\n<blockquote><p>Si votre micro-entreprise est d\u00e9j\u00e0 existante et que vous voulez ajouter une activit\u00e9, vous pourrez faire une modification aupr\u00e8s de votre Centre de Formalit\u00e9s des Entreprises (CFE).<\/p><\/blockquote>\n<blockquote><p><strong>\u00c0 lire aussi&nbsp;: <\/strong><a title=\"Auto-entrepreneurs\u00a0: quels sont vos droits \u00e0 la formation\u00a0?\" href=\"https:\/\/www.facture.net\/blog\/autoentrepreneurs-droits-formation\/\">Auto-entrepreneurs&nbsp;: quels sont vos droits \u00e0 la formation&nbsp;?<\/a><\/p><\/blockquote>\n<p>Votre micro-entreprise peut se d\u00e9velopper en cumulant plusieurs activit\u00e9s. De plus, les d\u00e9marches sont tr\u00e8s simples \u00e0 effectuer. N\u2019h\u00e9sitez plus \u00e0 <a href=\"https:\/\/www.facture.net\/blog\/freelance-renforcer-competences-booster-ventes\/\">\u00e9largir vos comp\u00e9tences et votre offre<\/a> au service de vos clients.<\/p>\n","protected":false},"excerpt":{"rendered":"<p>Vous \u00eates micro-entrepreneur et vous souhaitez cumuler plusieurs activit\u00e9s&nbsp;? Bonne nouvelle, c\u2019est possible&nbsp;! La micro-entreprise vous permet de cumuler des revenus en plus d\u2019un salaire ou d\u2019une pension de retraite notamment. Vous \u00eates \u00e9galement en droit de pratiquer plusieurs activit\u00e9s n\u2019ayant aucun rapport entre elles. Cependant, il y a certaines conditions \u00e0 prendre en compte. [&hellip;]<\/p>\n","protected":false},"author":1,"featured_media":1348,"comment_status":"open","ping_status":"open","sticky":false,"template":"","format":"standard","meta":{"_acf_changed":false,"inline_featured_image":false,"footnotes":""},"categories":[3],"tags":[],"class_list":["post-1346","post","type-post","status-publish","format-standard","has-post-thumbnail","hentry","category-entrepreneuriat"],"acf":[],"yoast_head":"<!-- This site is optimized with the Yoast SEO plugin v25.9 - https:\/\/yoast.com\/wordpress\/plugins\/seo\/ -->\n<title>Micro-entreprise : Comment cumuler plusieurs activit\u00e9s&nbsp;?<\/title>\n<meta name=\"description\" content=\"Vous \u00eates micro-entrepreneur et vous souhaitez cumuler plusieurs activit\u00e9s ? Bonne nouvelle, c\u2019est possible ! La micro-entreprise vous permet de cumuler\" \/>\n<meta name=\"robots\" content=\"index, follow, max-snippet:-1, max-image-preview:large, max-video-preview:-1\" \/>\n<link rel=\"canonical\" href=\"https:\/\/www.facture.net\/blog\/micro-entreprise-cumul-activites\/\" \/>\n<meta property=\"og:locale\" content=\"fr_FR\" \/>\n<meta property=\"og:type\" content=\"article\" \/>\n<meta property=\"og:title\" content=\"Micro-entreprise : Comment cumuler plusieurs activit\u00e9s&nbsp;?\" \/>\n<meta property=\"og:description\" content=\"Vous \u00eates micro-entrepreneur et vous souhaitez cumuler plusieurs activit\u00e9s ? Bonne nouvelle, c\u2019est possible ! La micro-entreprise vous permet de cumuler\" \/>\n<meta property=\"og:url\" content=\"https:\/\/www.facture.net\/blog\/micro-entreprise-cumul-activites\/\" \/>\n<meta property=\"og:site_name\" content=\"Facture.net\" \/>\n<meta property=\"article:published_time\" content=\"2020-05-14T08:00:37+00:00\" \/>\n<meta property=\"article:modified_time\" content=\"2025-08-21T07:42:53+00:00\" \/>\n<meta property=\"og:image\" content=\"https:\/\/www.facture.net\/blog\/wp-content\/uploads\/sites\/3\/2020\/05\/microentreprise-cumul-1.jpg\" \/>\n\t<meta property=\"og:image:width\" content=\"1024\" \/>\n\t<meta property=\"og:image:height\" content=\"618\" \/>\n\t<meta property=\"og:image:type\" content=\"image\/jpeg\" \/>\n<meta name=\"author\" content=\"Laura Michaud\" \/>\n<meta name=\"twitter:card\" content=\"summary_large_image\" \/>\n<meta name=\"twitter:label1\" content=\"\u00c9crit par\" \/>\n\t<meta name=\"twitter:data1\" content=\"Laura Michaud\" \/>\n\t<meta name=\"twitter:label2\" content=\"Dur\u00e9e de lecture estim\u00e9e\" \/>\n\t<meta name=\"twitter:data2\" content=\"4 minutes\" \/>\n<script type=\"application\/ld+json\" class=\"yoast-schema-graph\">{\"@context\":\"https:\/\/schema.org\",\"@graph\":[{\"@type\":\"Article\",\"@id\":\"https:\/\/www.facture.net\/blog\/micro-entreprise-cumul-activites\/#article\",\"isPartOf\":{\"@id\":\"https:\/\/www.facture.net\/blog\/micro-entreprise-cumul-activites\/\"},\"author\":{\"name\":\"Laura Michaud\",\"@id\":\"https:\/\/www.facture.net\/blog\/#\/schema\/person\/33c0ef04707fbe50a096f282050bb5f2\"},\"headline\":\"Micro-entreprise&nbsp;: Comment cumuler plusieurs activit\u00e9s&nbsp;?\",\"datePublished\":\"2020-05-14T08:00:37+00:00\",\"dateModified\":\"2025-08-21T07:42:53+00:00\",\"mainEntityOfPage\":{\"@id\":\"https:\/\/www.facture.net\/blog\/micro-entreprise-cumul-activites\/\"},\"wordCount\":887,\"commentCount\":0,\"publisher\":{\"@id\":\"https:\/\/www.facture.net\/blog\/#organization\"},\"image\":{\"@id\":\"https:\/\/www.facture.net\/blog\/micro-entreprise-cumul-activites\/#primaryimage\"},\"thumbnailUrl\":\"https:\/\/www.facture.net\/blog\/wp-content\/uploads\/sites\/3\/2020\/05\/microentreprise-cumul-1.jpg\",\"articleSection\":[\"Entrepreneuriat\"],\"inLanguage\":\"fr-FR\",\"potentialAction\":[{\"@type\":\"CommentAction\",\"name\":\"Comment\",\"target\":[\"https:\/\/www.facture.net\/blog\/micro-entreprise-cumul-activites\/#respond\"]}]},{\"@type\":\"WebPage\",\"@id\":\"https:\/\/www.facture.net\/blog\/micro-entreprise-cumul-activites\/\",\"url\":\"https:\/\/www.facture.net\/blog\/micro-entreprise-cumul-activites\/\",\"name\":\"Micro-entreprise : Comment cumuler plusieurs activit\u00e9s&nbsp;?\",\"isPartOf\":{\"@id\":\"https:\/\/www.facture.net\/blog\/#website\"},\"primaryImageOfPage\":{\"@id\":\"https:\/\/www.facture.net\/blog\/micro-entreprise-cumul-activites\/#primaryimage\"},\"image\":{\"@id\":\"https:\/\/www.facture.net\/blog\/micro-entreprise-cumul-activites\/#primaryimage\"},\"thumbnailUrl\":\"https:\/\/www.facture.net\/blog\/wp-content\/uploads\/sites\/3\/2020\/05\/microentreprise-cumul-1.jpg\",\"datePublished\":\"2020-05-14T08:00:37+00:00\",\"dateModified\":\"2025-08-21T07:42:53+00:00\",\"description\":\"Vous \u00eates micro-entrepreneur et vous souhaitez cumuler plusieurs activit\u00e9s ? Bonne nouvelle, c\u2019est possible ! La micro-entreprise vous permet de cumuler\",\"breadcrumb\":{\"@id\":\"https:\/\/www.facture.net\/blog\/micro-entreprise-cumul-activites\/#breadcrumb\"},\"inLanguage\":\"fr-FR\",\"potentialAction\":[{\"@type\":\"ReadAction\",\"target\":[\"https:\/\/www.facture.net\/blog\/micro-entreprise-cumul-activites\/\"]}]},{\"@type\":\"ImageObject\",\"inLanguage\":\"fr-FR\",\"@id\":\"https:\/\/www.facture.net\/blog\/micro-entreprise-cumul-activites\/#primaryimage\",\"url\":\"https:\/\/www.facture.net\/blog\/wp-content\/uploads\/sites\/3\/2020\/05\/microentreprise-cumul-1.jpg\",\"contentUrl\":\"https:\/\/www.facture.net\/blog\/wp-content\/uploads\/sites\/3\/2020\/05\/microentreprise-cumul-1.jpg\",\"width\":1024,\"height\":618,\"caption\":\"cumul d'activit\u00e9 micro-entreprise\"},{\"@type\":\"BreadcrumbList\",\"@id\":\"https:\/\/www.facture.net\/blog\/micro-entreprise-cumul-activites\/#breadcrumb\",\"itemListElement\":[{\"@type\":\"ListItem\",\"position\":1,\"name\":\"Blog\",\"item\":\"https:\/\/www.facture.net\/blog\/\"},{\"@type\":\"ListItem\",\"position\":2,\"name\":\"Entrepreneuriat\",\"item\":\"https:\/\/www.facture.net\/blog\/entrepreneuriat\/\"},{\"@type\":\"ListItem\",\"position\":3,\"name\":\"Micro-entreprise&nbsp;: Comment cumuler plusieurs activit\u00e9s&nbsp;?\"}]},{\"@type\":\"WebSite\",\"@id\":\"https:\/\/www.facture.net\/blog\/#website\",\"url\":\"https:\/\/www.facture.net\/blog\/\",\"name\":\"Facture.net\",\"description\":\"facture\",\"publisher\":{\"@id\":\"https:\/\/www.facture.net\/blog\/#organization\"},\"potentialAction\":[{\"@type\":\"SearchAction\",\"target\":{\"@type\":\"EntryPoint\",\"urlTemplate\":\"https:\/\/www.facture.net\/blog\/?s={search_term_string}\"},\"query-input\":{\"@type\":\"PropertyValueSpecification\",\"valueRequired\":true,\"valueName\":\"search_term_string\"}}],\"inLanguage\":\"fr-FR\"},{\"@type\":\"Organization\",\"@id\":\"https:\/\/www.facture.net\/blog\/#organization\",\"name\":\"Facture.net\",\"url\":\"https:\/\/www.facture.net\/blog\/\",\"logo\":{\"@type\":\"ImageObject\",\"inLanguage\":\"fr-FR\",\"@id\":\"https:\/\/www.facture.net\/blog\/#\/schema\/logo\/image\/\",\"url\":\"https:\/\/www.facture.net\/blog\/wp-content\/uploads\/sites\/3\/2022\/07\/logo-facture.svg\",\"contentUrl\":\"https:\/\/www.facture.net\/blog\/wp-content\/uploads\/sites\/3\/2022\/07\/logo-facture.svg\",\"width\":1,\"height\":1,\"caption\":\"Facture.net\"},\"image\":{\"@id\":\"https:\/\/www.facture.net\/blog\/#\/schema\/logo\/image\/\"}},{\"@type\":\"Person\",\"@id\":\"https:\/\/www.facture.net\/blog\/#\/schema\/person\/33c0ef04707fbe50a096f282050bb5f2\",\"name\":\"Laura Michaud\",\"image\":{\"@type\":\"ImageObject\",\"inLanguage\":\"fr-FR\",\"@id\":\"https:\/\/www.facture.net\/blog\/#\/schema\/person\/image\/\",\"url\":\"https:\/\/secure.gravatar.com\/avatar\/c3328cc0c887f98cec6b2979af3311ab6333fc7cc2d4847514cfec6a56fa08a7?s=96&d=mm&r=g\",\"contentUrl\":\"https:\/\/secure.gravatar.com\/avatar\/c3328cc0c887f98cec6b2979af3311ab6333fc7cc2d4847514cfec6a56fa08a7?s=96&d=mm&r=g\",\"caption\":\"Laura Michaud\"},\"description\":\"Laura connait tous les meilleurs outils pour g\u00e9rer des projets et une entreprise. Cr\u00e9ative, c'est aussi une sp\u00e9cialiste des outils de cr\u00e9ation graphique pour faire briller une entreprise.\",\"sameAs\":[\"https:\/\/www.linkedin.com\/in\/michaudlaura\/\"],\"url\":\"https:\/\/www.facture.net\/blog\/author\/laura\/\"}]}<\/script>\n<!-- \/ Yoast SEO plugin. -->","yoast_head_json":{"title":"Micro-entreprise : Comment cumuler plusieurs activit\u00e9s&nbsp;?","description":"Vous \u00eates micro-entrepreneur et vous souhaitez cumuler plusieurs activit\u00e9s ? Bonne nouvelle, c\u2019est possible ! La micro-entreprise vous permet de cumuler","robots":{"index":"index","follow":"follow","max-snippet":"max-snippet:-1","max-image-preview":"max-image-preview:large","max-video-preview":"max-video-preview:-1"},"canonical":"https:\/\/www.facture.net\/blog\/micro-entreprise-cumul-activites\/","og_locale":"fr_FR","og_type":"article","og_title":"Micro-entreprise : Comment cumuler plusieurs activit\u00e9s&nbsp;?","og_description":"Vous \u00eates micro-entrepreneur et vous souhaitez cumuler plusieurs activit\u00e9s ? Bonne nouvelle, c\u2019est possible ! La micro-entreprise vous permet de cumuler","og_url":"https:\/\/www.facture.net\/blog\/micro-entreprise-cumul-activites\/","og_site_name":"Facture.net","article_published_time":"2020-05-14T08:00:37+00:00","article_modified_time":"2025-08-21T07:42:53+00:00","og_image":[{"width":1024,"height":618,"url":"https:\/\/www.facture.net\/blog\/wp-content\/uploads\/sites\/3\/2020\/05\/microentreprise-cumul-1.jpg","type":"image\/jpeg"}],"author":"Laura Michaud","twitter_card":"summary_large_image","twitter_misc":{"\u00c9crit par":"Laura Michaud","Dur\u00e9e de lecture estim\u00e9e":"4 minutes"},"schema":{"@context":"https:\/\/schema.org","@graph":[{"@type":"Article","@id":"https:\/\/www.facture.net\/blog\/micro-entreprise-cumul-activites\/#article","isPartOf":{"@id":"https:\/\/www.facture.net\/blog\/micro-entreprise-cumul-activites\/"},"author":{"name":"Laura Michaud","@id":"https:\/\/www.facture.net\/blog\/#\/schema\/person\/33c0ef04707fbe50a096f282050bb5f2"},"headline":"Micro-entreprise&nbsp;: Comment cumuler plusieurs activit\u00e9s&nbsp;?","datePublished":"2020-05-14T08:00:37+00:00","dateModified":"2025-08-21T07:42:53+00:00","mainEntityOfPage":{"@id":"https:\/\/www.facture.net\/blog\/micro-entreprise-cumul-activites\/"},"wordCount":887,"commentCount":0,"publisher":{"@id":"https:\/\/www.facture.net\/blog\/#organization"},"image":{"@id":"https:\/\/www.facture.net\/blog\/micro-entreprise-cumul-activites\/#primaryimage"},"thumbnailUrl":"https:\/\/www.facture.net\/blog\/wp-content\/uploads\/sites\/3\/2020\/05\/microentreprise-cumul-1.jpg","articleSection":["Entrepreneuriat"],"inLanguage":"fr-FR","potentialAction":[{"@type":"CommentAction","name":"Comment","target":["https:\/\/www.facture.net\/blog\/micro-entreprise-cumul-activites\/#respond"]}]},{"@type":"WebPage","@id":"https:\/\/www.facture.net\/blog\/micro-entreprise-cumul-activites\/","url":"https:\/\/www.facture.net\/blog\/micro-entreprise-cumul-activites\/","name":"Micro-entreprise : Comment cumuler plusieurs activit\u00e9s&nbsp;?","isPartOf":{"@id":"https:\/\/www.facture.net\/blog\/#website"},"primaryImageOfPage":{"@id":"https:\/\/www.facture.net\/blog\/micro-entreprise-cumul-activites\/#primaryimage"},"image":{"@id":"https:\/\/www.facture.net\/blog\/micro-entreprise-cumul-activites\/#primaryimage"},"thumbnailUrl":"https:\/\/www.facture.net\/blog\/wp-content\/uploads\/sites\/3\/2020\/05\/microentreprise-cumul-1.jpg","datePublished":"2020-05-14T08:00:37+00:00","dateModified":"2025-08-21T07:42:53+00:00","description":"Vous \u00eates micro-entrepreneur et vous souhaitez cumuler plusieurs activit\u00e9s ? Bonne nouvelle, c\u2019est possible ! La micro-entreprise vous permet de cumuler","breadcrumb":{"@id":"https:\/\/www.facture.net\/blog\/micro-entreprise-cumul-activites\/#breadcrumb"},"inLanguage":"fr-FR","potentialAction":[{"@type":"ReadAction","target":["https:\/\/www.facture.net\/blog\/micro-entreprise-cumul-activites\/"]}]},{"@type":"ImageObject","inLanguage":"fr-FR","@id":"https:\/\/www.facture.net\/blog\/micro-entreprise-cumul-activites\/#primaryimage","url":"https:\/\/www.facture.net\/blog\/wp-content\/uploads\/sites\/3\/2020\/05\/microentreprise-cumul-1.jpg","contentUrl":"https:\/\/www.facture.net\/blog\/wp-content\/uploads\/sites\/3\/2020\/05\/microentreprise-cumul-1.jpg","width":1024,"height":618,"caption":"cumul d'activit\u00e9 micro-entreprise"},{"@type":"BreadcrumbList","@id":"https:\/\/www.facture.net\/blog\/micro-entreprise-cumul-activites\/#breadcrumb","itemListElement":[{"@type":"ListItem","position":1,"name":"Blog","item":"https:\/\/www.facture.net\/blog\/"},{"@type":"ListItem","position":2,"name":"Entrepreneuriat","item":"https:\/\/www.facture.net\/blog\/entrepreneuriat\/"},{"@type":"ListItem","position":3,"name":"Micro-entreprise&nbsp;: Comment cumuler plusieurs activit\u00e9s&nbsp;?"}]},{"@type":"WebSite","@id":"https:\/\/www.facture.net\/blog\/#website","url":"https:\/\/www.facture.net\/blog\/","name":"Facture.net","description":"facture","publisher":{"@id":"https:\/\/www.facture.net\/blog\/#organization"},"potentialAction":[{"@type":"SearchAction","target":{"@type":"EntryPoint","urlTemplate":"https:\/\/www.facture.net\/blog\/?s={search_term_string}"},"query-input":{"@type":"PropertyValueSpecification","valueRequired":true,"valueName":"search_term_string"}}],"inLanguage":"fr-FR"},{"@type":"Organization","@id":"https:\/\/www.facture.net\/blog\/#organization","name":"Facture.net","url":"https:\/\/www.facture.net\/blog\/","logo":{"@type":"ImageObject","inLanguage":"fr-FR","@id":"https:\/\/www.facture.net\/blog\/#\/schema\/logo\/image\/","url":"https:\/\/www.facture.net\/blog\/wp-content\/uploads\/sites\/3\/2022\/07\/logo-facture.svg","contentUrl":"https:\/\/www.facture.net\/blog\/wp-content\/uploads\/sites\/3\/2022\/07\/logo-facture.svg","width":1,"height":1,"caption":"Facture.net"},"image":{"@id":"https:\/\/www.facture.net\/blog\/#\/schema\/logo\/image\/"}},{"@type":"Person","@id":"https:\/\/www.facture.net\/blog\/#\/schema\/person\/33c0ef04707fbe50a096f282050bb5f2","name":"Laura Michaud","image":{"@type":"ImageObject","inLanguage":"fr-FR","@id":"https:\/\/www.facture.net\/blog\/#\/schema\/person\/image\/","url":"https:\/\/secure.gravatar.com\/avatar\/c3328cc0c887f98cec6b2979af3311ab6333fc7cc2d4847514cfec6a56fa08a7?s=96&d=mm&r=g","contentUrl":"https:\/\/secure.gravatar.com\/avatar\/c3328cc0c887f98cec6b2979af3311ab6333fc7cc2d4847514cfec6a56fa08a7?s=96&d=mm&r=g","caption":"Laura Michaud"},"description":"Laura connait tous les meilleurs outils pour g\u00e9rer des projets et une entreprise. Cr\u00e9ative, c'est aussi une sp\u00e9cialiste des outils de cr\u00e9ation graphique pour faire briller une entreprise.","sameAs":["https:\/\/www.linkedin.com\/in\/michaudlaura\/"],"url":"https:\/\/www.facture.net\/blog\/author\/laura\/"}]}},"_links":{"self":[{"href":"https:\/\/www.facture.net\/blog\/wp-json\/wp\/v2\/posts\/1346","targetHints":{"allow":["GET"]}}],"collection":[{"href":"https:\/\/www.facture.net\/blog\/wp-json\/wp\/v2\/posts"}],"about":[{"href":"https:\/\/www.facture.net\/blog\/wp-json\/wp\/v2\/types\/post"}],"author":[{"embeddable":true,"href":"https:\/\/www.facture.net\/blog\/wp-json\/wp\/v2\/users\/1"}],"replies":[{"embeddable":true,"href":"https:\/\/www.facture.net\/blog\/wp-json\/wp\/v2\/comments?post=1346"}],"version-history":[{"count":0,"href":"https:\/\/www.facture.net\/blog\/wp-json\/wp\/v2\/posts\/1346\/revisions"}],"wp:featuredmedia":[{"embeddable":true,"href":"https:\/\/www.facture.net\/blog\/wp-json\/wp\/v2\/media\/1348"}],"wp:attachment":[{"href":"https:\/\/www.facture.net\/blog\/wp-json\/wp\/v2\/media?parent=1346"}],"wp:term":[{"taxonomy":"category","embeddable":true,"href":"https:\/\/www.facture.net\/blog\/wp-json\/wp\/v2\/categories?post=1346"},{"taxonomy":"post_tag","embeddable":true,"href":"https:\/\/www.facture.net\/blog\/wp-json\/wp\/v2\/tags?post=1346"}],"curies":[{"name":"wp","href":"https:\/\/api.w.org\/{rel}","templated":true}]}}