{"id":1102,"date":"2026-02-20T09:30:00","date_gmt":"2026-02-20T08:30:00","guid":{"rendered":"https:\/\/www.facture.net\/blog\/?p=1102"},"modified":"2026-02-20T09:30:00","modified_gmt":"2026-02-20T08:30:00","slug":"assurance-professionnelle-raisons-souscrire","status":"publish","type":"post","link":"https:\/\/www.facture.net\/blog\/assurance-professionnelle-raisons-souscrire\/","title":{"rendered":"Pourquoi prendre une assurance professionnelle&nbsp;?"},"content":{"rendered":"\n<p>Une assurance professionnelle&nbsp;? Si vous \u00eates cr\u00e9ateur d\u2019entreprise, que vous travaillez en freelance ou que vous venez de reprendre une activit\u00e9, l&#8217;assurance peut vous sembler secondaire face \u00e0 toutes vos autres priorit\u00e9s. <\/p>\n\n\n\n<p>Cependant, chaque activit\u00e9 comporte des risques qui peuvent compromettre la p\u00e9rennit\u00e9 de votre entreprise et l&#8217;assurance professionnelle est alors indispensable pour vous prot\u00e9ger efficacement contre ces al\u00e9as.<\/p>\n\n\n\n<p>Que vous soyez soumis \u00e0 une <a href=\"https:\/\/www.facture.net\/blog\/obligations-assurances-entreprises\/\">obligation l\u00e9gale<\/a> ou non, cette couverture permet de pr\u00e9venir les risques que la tr\u00e9sorerie de votre entreprise pourrait difficilement supporter. Voici 6 raisons de consid\u00e9rer cette assurance comme une priorit\u00e9.<\/p>\n\n\n\n<h2 class=\"wp-block-heading partner-label\"><a href=\"https:\/\/hubs.ly\/Q02bNwgm0\" target=\"_blank\" rel=\"noopener sponsored\">Stello<\/a>, l&#8217;assurance professionnelle sur mesure<\/h2>\n\n\n\n<figure class=\"wp-block-image\"><a href=\"https:\/\/hubs.ly\/Q02bNwgm0\" target=\"_blank\" rel=\"noopener sponsored\"><img decoding=\"async\" width=\"2560\" height=\"1446\" src=\"https:\/\/www.facture.net\/blog\/wp-content\/uploads\/sites\/3\/2022\/04\/stello-facture-scaled.jpg\" alt=\"Stello, assurance professionnelle\" class=\"wp-image-6003\" srcset=\"https:\/\/www.facture.net\/blog\/wp-content\/uploads\/sites\/3\/2022\/04\/stello-facture-scaled.jpg 2560w, https:\/\/www.facture.net\/blog\/wp-content\/uploads\/sites\/3\/2022\/04\/stello-facture-300x169.jpg 300w, https:\/\/www.facture.net\/blog\/wp-content\/uploads\/sites\/3\/2022\/04\/stello-facture-1024x578.jpg 1024w, https:\/\/www.facture.net\/blog\/wp-content\/uploads\/sites\/3\/2022\/04\/stello-facture-768x434.jpg 768w, https:\/\/www.facture.net\/blog\/wp-content\/uploads\/sites\/3\/2022\/04\/stello-facture-1536x867.jpg 1536w, https:\/\/www.facture.net\/blog\/wp-content\/uploads\/sites\/3\/2022\/04\/stello-facture-2048x1157.jpg 2048w, https:\/\/www.facture.net\/blog\/wp-content\/uploads\/sites\/3\/2022\/04\/stello-facture-60x34.jpg 60w, https:\/\/www.facture.net\/blog\/wp-content\/uploads\/sites\/3\/2022\/04\/stello-facture-370x209.jpg 370w, https:\/\/www.facture.net\/blog\/wp-content\/uploads\/sites\/3\/2022\/04\/stello-facture-270x152.jpg 270w, https:\/\/www.facture.net\/blog\/wp-content\/uploads\/sites\/3\/2022\/04\/stello-facture-570x322.jpg 570w, https:\/\/www.facture.net\/blog\/wp-content\/uploads\/sites\/3\/2022\/04\/stello-facture-740x418.jpg 740w\" sizes=\"(max-width: 2560px) 100vw, 2560px\" \/><\/a><\/figure>\n\n\n\n<p>Puisque personne n&#8217;est \u00e0 l&#8217;abri des p\u00e9pins, Facture.net a choisi pour ses lecteurs et utilisateurs une assurance professionnelle \u00e0 la carte, qui s&#8217;adapte parfaitement aux besoins et \u00e0 l&#8217;activit\u00e9 de chacun&nbsp;!<\/p>\n\n\n\n<p>Avec <a href=\"https:\/\/hubs.ly\/Q02bNwgm0\" target=\"_blank\" rel=\"noopener sponsored\">Stello<\/a>, constituez votre assurance sur mesure selon vos besoins du moment&nbsp;:<\/p>\n\n\n\n<ul class=\"wp-block-list\">\n<li>Responsabilit\u00e9 Civile professionnelle<\/li>\n\n\n\n<li>Protection juridique<\/li>\n\n\n\n<li>Pr\u00e9voyance<\/li>\n\n\n\n<li>Assurance de votre mat\u00e9riel informatique<\/li>\n\n\n\n<li>Assurance de vos locaux et\/ou bureaux<\/li>\n<\/ul>\n\n\n\n<blockquote class=\"wp-block-quote is-layout-flow wp-block-quote-is-layout-flow\">\n<p>Profitez d&#8217;<a href=\"https:\/\/hubs.ly\/Q02bNwgm0\" target=\"_blank\" rel=\"noopener sponsored\">un mois offert<\/a> sur votre contrat d&#8217;assurance avec le code <strong>FREELAND_1MOIS<\/strong><\/p>\n<\/blockquote>\n\n\n\n<figure class=\"wp-block-image\"><a href=\"https:\/\/hubs.ly\/Q02bNwgm0\" target=\"_blank\" rel=\"noopener sponsored\"><img decoding=\"async\" width=\"1200\" height=\"500\" src=\"https:\/\/www.facture.net\/blog\/wp-content\/uploads\/sites\/3\/2020\/01\/banner-stello-rcpro.jpg\" alt=\"1 mois offert sur votre assurance responsabilit\u00e9 civile pro Stello\" class=\"wp-image-6634\" srcset=\"https:\/\/www.facture.net\/blog\/wp-content\/uploads\/sites\/3\/2020\/01\/banner-stello-rcpro.jpg 1200w, https:\/\/www.facture.net\/blog\/wp-content\/uploads\/sites\/3\/2020\/01\/banner-stello-rcpro-300x125.jpg 300w, https:\/\/www.facture.net\/blog\/wp-content\/uploads\/sites\/3\/2020\/01\/banner-stello-rcpro-1024x427.jpg 1024w, https:\/\/www.facture.net\/blog\/wp-content\/uploads\/sites\/3\/2020\/01\/banner-stello-rcpro-768x320.jpg 768w, https:\/\/www.facture.net\/blog\/wp-content\/uploads\/sites\/3\/2020\/01\/banner-stello-rcpro-60x25.jpg 60w, https:\/\/www.facture.net\/blog\/wp-content\/uploads\/sites\/3\/2020\/01\/banner-stello-rcpro-370x154.jpg 370w, https:\/\/www.facture.net\/blog\/wp-content\/uploads\/sites\/3\/2020\/01\/banner-stello-rcpro-270x113.jpg 270w, https:\/\/www.facture.net\/blog\/wp-content\/uploads\/sites\/3\/2020\/01\/banner-stello-rcpro-570x238.jpg 570w, https:\/\/www.facture.net\/blog\/wp-content\/uploads\/sites\/3\/2020\/01\/banner-stello-rcpro-740x308.jpg 740w\" sizes=\"(max-width: 1200px) 100vw, 1200px\" \/><\/a><\/figure>\n\n\n\n<h2 class=\"wp-block-heading\">1. Faire face aux d\u00e9fauts de paiement<\/h2>\n\n\n\n<p>Le <a href=\"https:\/\/www.facture.net\/blog\/5-astuces-pour-eviter-les-impayes\/\">d\u00e9faut de paiement<\/a> est l\u2019un des plus grands dangers pour une entreprise, en particulier lorsqu\u2019elle d\u00e9bute. Si votre structure juridique n\u2019isole pas votre <a href=\"https:\/\/www.facture.net\/blog\/creation-entreprise-proteger-patrimoine-personnel\/\">patrimoine personnel<\/a>, un impay\u00e9 important pourrait mettre vos biens en p\u00e9ril.<\/p>\n\n\n\n<p>En souscrivant \u00e0 une assurance professionnelle, vous pouvez vous prot\u00e9ger d\u2019un tel cas de figure. Elle vous permettra de couvrir vos dettes, de sortir la t\u00eate de l\u2019eau et de mettre vos proches \u00e0 l\u2019abri.<\/p>\n\n\n\n<h2 class=\"wp-block-heading\">2. Faciliter vos emprunts<\/h2>\n\n\n\n<p>Si vous d\u00e9cidez de faire appel \u00e0 des financements ext\u00e9rieurs pour votre entreprise, comme une <a href=\"https:\/\/www.facture.net\/blog\/lever-de-fonds-financer-entreprise\/\">lev\u00e9e de fonds<\/a> par exemple, votre interlocuteur aura besoin de garanties.<\/p>\n\n\n\n<p>Une assurance professionnelle r\u00e9pond parfaitement \u00e0 ce genre de besoin et agit comme un <strong>garant <\/strong>aux yeux des \u00e9tablissements bancaires ou d\u2019\u00e9ventuels partenaires. C\u2019est une mani\u00e8re pour le cr\u00e9ancier de se pr\u00e9munir d\u2019une quelconque insolvabilit\u00e9 de votre part.<\/p>\n\n\n\n<h2 class=\"wp-block-heading\">3. Prot\u00e9ger vos locaux<\/h2>\n\n\n\n<p>Oui, il se pourrait qu\u2019il ne se passe jamais rien et que vous ayez pay\u00e9 une assurance sans qu\u2019elle ne vous soit utile&#8230; Mais imaginons qu\u2019un drame arrive&nbsp;: une catastrophe m\u00e9t\u00e9o, un incendie, un cambriolage, un immeuble insalubre qui s\u2019effondre&#8230;<\/p>\n\n\n\n<p>Assurer vos biens semble alors assez logique. Une assurance professionnelle peut vous prot\u00e9ger, par exemple, d\u2019une <strong>d\u00e9gradation de vos locaux ou bureaux<\/strong> qui emp\u00eacherait la reprise d\u2019exploitation de votre activit\u00e9.<\/p>\n\n\n\n<h2 class=\"wp-block-heading\">4. Prot\u00e9ger votre mat\u00e9riel<\/h2>\n\n\n\n<p>Vous avez certainement investi dans du mat\u00e9riel de pointe pour pratiquer votre activit\u00e9&nbsp;:<\/p>\n\n\n\n<ul class=\"wp-block-list\">\n<li>Mat\u00e9riel informatique&nbsp;: ordinateurs, imprimantes&#8230;<\/li>\n\n\n\n<li>Mat\u00e9riel technique li\u00e9 \u00e0 votre activit\u00e9<\/li>\n<\/ul>\n\n\n\n<p>Ce mat\u00e9riel co\u00fbteux peut \u00eatre assur\u00e9 contre le vol et la casse. En cas d&#8217;infortune, vous pourrez donc r\u00e9investir plus facilement pour remplacer le mat\u00e9riel vol\u00e9 ou cass\u00e9 gr\u00e2ce aux indemnit\u00e9s vers\u00e9es par l&#8217;assurance professionnelle.<\/p>\n\n\n\n<h2 class=\"wp-block-heading\">5. S\u00e9curiser vos donn\u00e9es<\/h2>\n\n\n\n<p>Le risque est partout, m\u00eame sur la toile. Les attaques malveillantes et vols de donn\u00e9es sont plus nombreux qu\u2019il n\u2019y para\u00eet. Une assurance professionnelle peut vous prot\u00e9ger des cons\u00e9quences financi\u00e8res et juridiques li\u00e9es aux violations de donn\u00e9es et autres br\u00e8ches de s\u00e9curit\u00e9.<\/p>\n\n\n\n<h2 class=\"wp-block-heading\">6. Respecter les obligations l\u00e9gales<\/h2>\n\n\n\n<p>Les cas que nous avons cit\u00e9s pr\u00e9alablement appartiennent tous au registre du facultatif. Bien qu\u2019il soit fortement conseill\u00e9 de souscrire \u00e0 une assurance pour se prot\u00e9ger de ces risques, rien ne vous y oblige.<\/p>\n\n\n\n<p>Il existe cependant des assurances pour lesquelles vous avez l\u2019<strong>obligation l\u00e9gale de souscrire<\/strong>. Parmi elles&nbsp;:<\/p>\n\n\n\n<ul class=\"wp-block-list\">\n<li>Garantie des biens pour les locataires de locaux professionnels.<\/li>\n\n\n\n<li>Assurance des v\u00e9hicules circulant sur la voie publique.<\/li>\n\n\n\n<li>Responsabilit\u00e9 civile professionnelle obligatoire pour certaines professions r\u00e9glement\u00e9es (BTP, sant\u00e9, etc.).<\/li>\n\n\n\n<li>Protection pour le transit de fonds, sp\u00e9cifique aux avocats, notaires ou agents immobiliers manipulant des sommes importantes.<\/li>\n<\/ul>\n\n\n\n<p>Obligatoire ou non, <strong><a href=\"https:\/\/hubs.ly\/Q02bNwgm0\" target=\"_blank\" rel=\"noopener sponsored\">b\u00e9n\u00e9ficiez d&#8217;un mois offert sur votre contrat d&#8217;assurance STELLO avec le code FREELAND_1MOIS<\/a>&nbsp;!<\/strong><\/p>\n","protected":false},"excerpt":{"rendered":"<p>Une assurance professionnelle&nbsp;? Si vous \u00eates cr\u00e9ateur d\u2019entreprise, que vous travaillez en freelance ou que vous venez de reprendre une activit\u00e9, l&#8217;assurance peut vous sembler secondaire face \u00e0 toutes vos autres priorit\u00e9s. Cependant, chaque activit\u00e9 comporte des risques qui peuvent compromettre la p\u00e9rennit\u00e9 de votre entreprise et l&#8217;assurance professionnelle est alors indispensable pour vous prot\u00e9ger [&hellip;]<\/p>\n","protected":false},"author":1,"featured_media":10487,"comment_status":"open","ping_status":"open","sticky":false,"template":"","format":"standard","meta":{"_acf_changed":false,"inline_featured_image":false,"footnotes":""},"categories":[20],"tags":[],"class_list":["post-1102","post","type-post","status-publish","format-standard","has-post-thumbnail","hentry","category-creation-entreprise"],"acf":[],"yoast_head":"<!-- This site is optimized with the Yoast SEO plugin v25.9 - https:\/\/yoast.com\/wordpress\/plugins\/seo\/ -->\n<title>Pourquoi prendre une assurance professionnelle ?<\/title>\n<meta name=\"description\" content=\"Une assurance professionnelle&nbsp;? Si vous \u00eates cr\u00e9ateur d\u2019entreprise, que vous travaillez en freelance ou que vous venez de reprendre une activit\u00e9,\" \/>\n<meta name=\"robots\" content=\"index, follow, max-snippet:-1, max-image-preview:large, max-video-preview:-1\" \/>\n<link rel=\"canonical\" href=\"https:\/\/www.facture.net\/blog\/assurance-professionnelle-raisons-souscrire\/\" \/>\n<meta property=\"og:locale\" content=\"fr_FR\" \/>\n<meta property=\"og:type\" content=\"article\" \/>\n<meta property=\"og:title\" content=\"Pourquoi prendre une assurance professionnelle ?\" \/>\n<meta property=\"og:description\" content=\"Une assurance professionnelle&nbsp;? Si vous \u00eates cr\u00e9ateur d\u2019entreprise, que vous travaillez en freelance ou que vous venez de reprendre une activit\u00e9,\" \/>\n<meta property=\"og:url\" content=\"https:\/\/www.facture.net\/blog\/assurance-professionnelle-raisons-souscrire\/\" \/>\n<meta property=\"og:site_name\" content=\"Facture.net\" \/>\n<meta property=\"article:published_time\" content=\"2026-02-20T08:30:00+00:00\" \/>\n<meta property=\"og:image\" content=\"https:\/\/www.facture.net\/blog\/wp-content\/uploads\/sites\/3\/2020\/01\/assurance-professionnelle-raisons-souscrire.jpg\" \/>\n\t<meta property=\"og:image:width\" content=\"1200\" \/>\n\t<meta property=\"og:image:height\" content=\"675\" \/>\n\t<meta property=\"og:image:type\" content=\"image\/jpeg\" \/>\n<meta name=\"author\" content=\"Laura Michaud\" \/>\n<meta name=\"twitter:card\" content=\"summary_large_image\" \/>\n<meta name=\"twitter:label1\" content=\"\u00c9crit par\" \/>\n\t<meta name=\"twitter:data1\" content=\"Laura Michaud\" \/>\n\t<meta name=\"twitter:label2\" content=\"Dur\u00e9e de lecture estim\u00e9e\" \/>\n\t<meta name=\"twitter:data2\" content=\"4 minutes\" \/>\n<script type=\"application\/ld+json\" class=\"yoast-schema-graph\">{\"@context\":\"https:\/\/schema.org\",\"@graph\":[{\"@type\":\"Article\",\"@id\":\"https:\/\/www.facture.net\/blog\/assurance-professionnelle-raisons-souscrire\/#article\",\"isPartOf\":{\"@id\":\"https:\/\/www.facture.net\/blog\/assurance-professionnelle-raisons-souscrire\/\"},\"author\":{\"name\":\"Laura Michaud\",\"@id\":\"https:\/\/www.facture.net\/blog\/#\/schema\/person\/33c0ef04707fbe50a096f282050bb5f2\"},\"headline\":\"Pourquoi prendre une assurance professionnelle&nbsp;?\",\"datePublished\":\"2026-02-20T08:30:00+00:00\",\"mainEntityOfPage\":{\"@id\":\"https:\/\/www.facture.net\/blog\/assurance-professionnelle-raisons-souscrire\/\"},\"wordCount\":706,\"commentCount\":0,\"publisher\":{\"@id\":\"https:\/\/www.facture.net\/blog\/#organization\"},\"image\":{\"@id\":\"https:\/\/www.facture.net\/blog\/assurance-professionnelle-raisons-souscrire\/#primaryimage\"},\"thumbnailUrl\":\"https:\/\/www.facture.net\/blog\/wp-content\/uploads\/sites\/3\/2020\/01\/assurance-professionnelle-raisons-souscrire.jpg\",\"articleSection\":[\"Cr\u00e9ation d'entreprise\"],\"inLanguage\":\"fr-FR\",\"potentialAction\":[{\"@type\":\"CommentAction\",\"name\":\"Comment\",\"target\":[\"https:\/\/www.facture.net\/blog\/assurance-professionnelle-raisons-souscrire\/#respond\"]}]},{\"@type\":\"WebPage\",\"@id\":\"https:\/\/www.facture.net\/blog\/assurance-professionnelle-raisons-souscrire\/\",\"url\":\"https:\/\/www.facture.net\/blog\/assurance-professionnelle-raisons-souscrire\/\",\"name\":\"Pourquoi prendre une assurance professionnelle ?\",\"isPartOf\":{\"@id\":\"https:\/\/www.facture.net\/blog\/#website\"},\"primaryImageOfPage\":{\"@id\":\"https:\/\/www.facture.net\/blog\/assurance-professionnelle-raisons-souscrire\/#primaryimage\"},\"image\":{\"@id\":\"https:\/\/www.facture.net\/blog\/assurance-professionnelle-raisons-souscrire\/#primaryimage\"},\"thumbnailUrl\":\"https:\/\/www.facture.net\/blog\/wp-content\/uploads\/sites\/3\/2020\/01\/assurance-professionnelle-raisons-souscrire.jpg\",\"datePublished\":\"2026-02-20T08:30:00+00:00\",\"description\":\"Une assurance professionnelle&nbsp;? Si vous \u00eates cr\u00e9ateur d\u2019entreprise, que vous travaillez en freelance ou que vous venez de reprendre une activit\u00e9,\",\"breadcrumb\":{\"@id\":\"https:\/\/www.facture.net\/blog\/assurance-professionnelle-raisons-souscrire\/#breadcrumb\"},\"inLanguage\":\"fr-FR\",\"potentialAction\":[{\"@type\":\"ReadAction\",\"target\":[\"https:\/\/www.facture.net\/blog\/assurance-professionnelle-raisons-souscrire\/\"]}]},{\"@type\":\"ImageObject\",\"inLanguage\":\"fr-FR\",\"@id\":\"https:\/\/www.facture.net\/blog\/assurance-professionnelle-raisons-souscrire\/#primaryimage\",\"url\":\"https:\/\/www.facture.net\/blog\/wp-content\/uploads\/sites\/3\/2020\/01\/assurance-professionnelle-raisons-souscrire.jpg\",\"contentUrl\":\"https:\/\/www.facture.net\/blog\/wp-content\/uploads\/sites\/3\/2020\/01\/assurance-professionnelle-raisons-souscrire.jpg\",\"width\":1200,\"height\":675,\"caption\":\"assurance professionnelle\"},{\"@type\":\"BreadcrumbList\",\"@id\":\"https:\/\/www.facture.net\/blog\/assurance-professionnelle-raisons-souscrire\/#breadcrumb\",\"itemListElement\":[{\"@type\":\"ListItem\",\"position\":1,\"name\":\"Blog\",\"item\":\"https:\/\/www.facture.net\/blog\/\"},{\"@type\":\"ListItem\",\"position\":2,\"name\":\"Entrepreneuriat\",\"item\":\"https:\/\/www.facture.net\/blog\/entrepreneuriat\/\"},{\"@type\":\"ListItem\",\"position\":3,\"name\":\"Cr\u00e9ation d'entreprise\",\"item\":\"https:\/\/www.facture.net\/blog\/entrepreneuriat\/creation-entreprise\/\"},{\"@type\":\"ListItem\",\"position\":4,\"name\":\"Pourquoi prendre une assurance professionnelle&nbsp;?\"}]},{\"@type\":\"WebSite\",\"@id\":\"https:\/\/www.facture.net\/blog\/#website\",\"url\":\"https:\/\/www.facture.net\/blog\/\",\"name\":\"Facture.net\",\"description\":\"facture\",\"publisher\":{\"@id\":\"https:\/\/www.facture.net\/blog\/#organization\"},\"potentialAction\":[{\"@type\":\"SearchAction\",\"target\":{\"@type\":\"EntryPoint\",\"urlTemplate\":\"https:\/\/www.facture.net\/blog\/?s={search_term_string}\"},\"query-input\":{\"@type\":\"PropertyValueSpecification\",\"valueRequired\":true,\"valueName\":\"search_term_string\"}}],\"inLanguage\":\"fr-FR\"},{\"@type\":\"Organization\",\"@id\":\"https:\/\/www.facture.net\/blog\/#organization\",\"name\":\"Facture.net\",\"url\":\"https:\/\/www.facture.net\/blog\/\",\"logo\":{\"@type\":\"ImageObject\",\"inLanguage\":\"fr-FR\",\"@id\":\"https:\/\/www.facture.net\/blog\/#\/schema\/logo\/image\/\",\"url\":\"https:\/\/www.facture.net\/blog\/wp-content\/uploads\/sites\/3\/2022\/07\/logo-facture.svg\",\"contentUrl\":\"https:\/\/www.facture.net\/blog\/wp-content\/uploads\/sites\/3\/2022\/07\/logo-facture.svg\",\"width\":1,\"height\":1,\"caption\":\"Facture.net\"},\"image\":{\"@id\":\"https:\/\/www.facture.net\/blog\/#\/schema\/logo\/image\/\"}},{\"@type\":\"Person\",\"@id\":\"https:\/\/www.facture.net\/blog\/#\/schema\/person\/33c0ef04707fbe50a096f282050bb5f2\",\"name\":\"Laura Michaud\",\"image\":{\"@type\":\"ImageObject\",\"inLanguage\":\"fr-FR\",\"@id\":\"https:\/\/www.facture.net\/blog\/#\/schema\/person\/image\/\",\"url\":\"https:\/\/secure.gravatar.com\/avatar\/c3328cc0c887f98cec6b2979af3311ab6333fc7cc2d4847514cfec6a56fa08a7?s=96&d=mm&r=g\",\"contentUrl\":\"https:\/\/secure.gravatar.com\/avatar\/c3328cc0c887f98cec6b2979af3311ab6333fc7cc2d4847514cfec6a56fa08a7?s=96&d=mm&r=g\",\"caption\":\"Laura Michaud\"},\"description\":\"Laura connait tous les meilleurs outils pour g\u00e9rer des projets et une entreprise. Cr\u00e9ative, c'est aussi une sp\u00e9cialiste des outils de cr\u00e9ation graphique pour faire briller une entreprise.\",\"sameAs\":[\"https:\/\/www.linkedin.com\/in\/michaudlaura\/\"],\"url\":\"https:\/\/www.facture.net\/blog\/author\/laura\/\"}]}<\/script>\n<!-- \/ Yoast SEO plugin. -->","yoast_head_json":{"title":"Pourquoi prendre une assurance professionnelle ?","description":"Une assurance professionnelle&nbsp;? Si vous \u00eates cr\u00e9ateur d\u2019entreprise, que vous travaillez en freelance ou que vous venez de reprendre une activit\u00e9,","robots":{"index":"index","follow":"follow","max-snippet":"max-snippet:-1","max-image-preview":"max-image-preview:large","max-video-preview":"max-video-preview:-1"},"canonical":"https:\/\/www.facture.net\/blog\/assurance-professionnelle-raisons-souscrire\/","og_locale":"fr_FR","og_type":"article","og_title":"Pourquoi prendre une assurance professionnelle ?","og_description":"Une assurance professionnelle&nbsp;? Si vous \u00eates cr\u00e9ateur d\u2019entreprise, que vous travaillez en freelance ou que vous venez de reprendre une activit\u00e9,","og_url":"https:\/\/www.facture.net\/blog\/assurance-professionnelle-raisons-souscrire\/","og_site_name":"Facture.net","article_published_time":"2026-02-20T08:30:00+00:00","og_image":[{"width":1200,"height":675,"url":"https:\/\/www.facture.net\/blog\/wp-content\/uploads\/sites\/3\/2020\/01\/assurance-professionnelle-raisons-souscrire.jpg","type":"image\/jpeg"}],"author":"Laura Michaud","twitter_card":"summary_large_image","twitter_misc":{"\u00c9crit par":"Laura Michaud","Dur\u00e9e de lecture estim\u00e9e":"4 minutes"},"schema":{"@context":"https:\/\/schema.org","@graph":[{"@type":"Article","@id":"https:\/\/www.facture.net\/blog\/assurance-professionnelle-raisons-souscrire\/#article","isPartOf":{"@id":"https:\/\/www.facture.net\/blog\/assurance-professionnelle-raisons-souscrire\/"},"author":{"name":"Laura Michaud","@id":"https:\/\/www.facture.net\/blog\/#\/schema\/person\/33c0ef04707fbe50a096f282050bb5f2"},"headline":"Pourquoi prendre une assurance professionnelle&nbsp;?","datePublished":"2026-02-20T08:30:00+00:00","mainEntityOfPage":{"@id":"https:\/\/www.facture.net\/blog\/assurance-professionnelle-raisons-souscrire\/"},"wordCount":706,"commentCount":0,"publisher":{"@id":"https:\/\/www.facture.net\/blog\/#organization"},"image":{"@id":"https:\/\/www.facture.net\/blog\/assurance-professionnelle-raisons-souscrire\/#primaryimage"},"thumbnailUrl":"https:\/\/www.facture.net\/blog\/wp-content\/uploads\/sites\/3\/2020\/01\/assurance-professionnelle-raisons-souscrire.jpg","articleSection":["Cr\u00e9ation d'entreprise"],"inLanguage":"fr-FR","potentialAction":[{"@type":"CommentAction","name":"Comment","target":["https:\/\/www.facture.net\/blog\/assurance-professionnelle-raisons-souscrire\/#respond"]}]},{"@type":"WebPage","@id":"https:\/\/www.facture.net\/blog\/assurance-professionnelle-raisons-souscrire\/","url":"https:\/\/www.facture.net\/blog\/assurance-professionnelle-raisons-souscrire\/","name":"Pourquoi prendre une assurance professionnelle ?","isPartOf":{"@id":"https:\/\/www.facture.net\/blog\/#website"},"primaryImageOfPage":{"@id":"https:\/\/www.facture.net\/blog\/assurance-professionnelle-raisons-souscrire\/#primaryimage"},"image":{"@id":"https:\/\/www.facture.net\/blog\/assurance-professionnelle-raisons-souscrire\/#primaryimage"},"thumbnailUrl":"https:\/\/www.facture.net\/blog\/wp-content\/uploads\/sites\/3\/2020\/01\/assurance-professionnelle-raisons-souscrire.jpg","datePublished":"2026-02-20T08:30:00+00:00","description":"Une assurance professionnelle&nbsp;? Si vous \u00eates cr\u00e9ateur d\u2019entreprise, que vous travaillez en freelance ou que vous venez de reprendre une activit\u00e9,","breadcrumb":{"@id":"https:\/\/www.facture.net\/blog\/assurance-professionnelle-raisons-souscrire\/#breadcrumb"},"inLanguage":"fr-FR","potentialAction":[{"@type":"ReadAction","target":["https:\/\/www.facture.net\/blog\/assurance-professionnelle-raisons-souscrire\/"]}]},{"@type":"ImageObject","inLanguage":"fr-FR","@id":"https:\/\/www.facture.net\/blog\/assurance-professionnelle-raisons-souscrire\/#primaryimage","url":"https:\/\/www.facture.net\/blog\/wp-content\/uploads\/sites\/3\/2020\/01\/assurance-professionnelle-raisons-souscrire.jpg","contentUrl":"https:\/\/www.facture.net\/blog\/wp-content\/uploads\/sites\/3\/2020\/01\/assurance-professionnelle-raisons-souscrire.jpg","width":1200,"height":675,"caption":"assurance professionnelle"},{"@type":"BreadcrumbList","@id":"https:\/\/www.facture.net\/blog\/assurance-professionnelle-raisons-souscrire\/#breadcrumb","itemListElement":[{"@type":"ListItem","position":1,"name":"Blog","item":"https:\/\/www.facture.net\/blog\/"},{"@type":"ListItem","position":2,"name":"Entrepreneuriat","item":"https:\/\/www.facture.net\/blog\/entrepreneuriat\/"},{"@type":"ListItem","position":3,"name":"Cr\u00e9ation d'entreprise","item":"https:\/\/www.facture.net\/blog\/entrepreneuriat\/creation-entreprise\/"},{"@type":"ListItem","position":4,"name":"Pourquoi prendre une assurance professionnelle&nbsp;?"}]},{"@type":"WebSite","@id":"https:\/\/www.facture.net\/blog\/#website","url":"https:\/\/www.facture.net\/blog\/","name":"Facture.net","description":"facture","publisher":{"@id":"https:\/\/www.facture.net\/blog\/#organization"},"potentialAction":[{"@type":"SearchAction","target":{"@type":"EntryPoint","urlTemplate":"https:\/\/www.facture.net\/blog\/?s={search_term_string}"},"query-input":{"@type":"PropertyValueSpecification","valueRequired":true,"valueName":"search_term_string"}}],"inLanguage":"fr-FR"},{"@type":"Organization","@id":"https:\/\/www.facture.net\/blog\/#organization","name":"Facture.net","url":"https:\/\/www.facture.net\/blog\/","logo":{"@type":"ImageObject","inLanguage":"fr-FR","@id":"https:\/\/www.facture.net\/blog\/#\/schema\/logo\/image\/","url":"https:\/\/www.facture.net\/blog\/wp-content\/uploads\/sites\/3\/2022\/07\/logo-facture.svg","contentUrl":"https:\/\/www.facture.net\/blog\/wp-content\/uploads\/sites\/3\/2022\/07\/logo-facture.svg","width":1,"height":1,"caption":"Facture.net"},"image":{"@id":"https:\/\/www.facture.net\/blog\/#\/schema\/logo\/image\/"}},{"@type":"Person","@id":"https:\/\/www.facture.net\/blog\/#\/schema\/person\/33c0ef04707fbe50a096f282050bb5f2","name":"Laura Michaud","image":{"@type":"ImageObject","inLanguage":"fr-FR","@id":"https:\/\/www.facture.net\/blog\/#\/schema\/person\/image\/","url":"https:\/\/secure.gravatar.com\/avatar\/c3328cc0c887f98cec6b2979af3311ab6333fc7cc2d4847514cfec6a56fa08a7?s=96&d=mm&r=g","contentUrl":"https:\/\/secure.gravatar.com\/avatar\/c3328cc0c887f98cec6b2979af3311ab6333fc7cc2d4847514cfec6a56fa08a7?s=96&d=mm&r=g","caption":"Laura Michaud"},"description":"Laura connait tous les meilleurs outils pour g\u00e9rer des projets et une entreprise. Cr\u00e9ative, c'est aussi une sp\u00e9cialiste des outils de cr\u00e9ation graphique pour faire briller une entreprise.","sameAs":["https:\/\/www.linkedin.com\/in\/michaudlaura\/"],"url":"https:\/\/www.facture.net\/blog\/author\/laura\/"}]}},"_links":{"self":[{"href":"https:\/\/www.facture.net\/blog\/wp-json\/wp\/v2\/posts\/1102","targetHints":{"allow":["GET"]}}],"collection":[{"href":"https:\/\/www.facture.net\/blog\/wp-json\/wp\/v2\/posts"}],"about":[{"href":"https:\/\/www.facture.net\/blog\/wp-json\/wp\/v2\/types\/post"}],"author":[{"embeddable":true,"href":"https:\/\/www.facture.net\/blog\/wp-json\/wp\/v2\/users\/1"}],"replies":[{"embeddable":true,"href":"https:\/\/www.facture.net\/blog\/wp-json\/wp\/v2\/comments?post=1102"}],"version-history":[{"count":0,"href":"https:\/\/www.facture.net\/blog\/wp-json\/wp\/v2\/posts\/1102\/revisions"}],"wp:featuredmedia":[{"embeddable":true,"href":"https:\/\/www.facture.net\/blog\/wp-json\/wp\/v2\/media\/10487"}],"wp:attachment":[{"href":"https:\/\/www.facture.net\/blog\/wp-json\/wp\/v2\/media?parent=1102"}],"wp:term":[{"taxonomy":"category","embeddable":true,"href":"https:\/\/www.facture.net\/blog\/wp-json\/wp\/v2\/categories?post=1102"},{"taxonomy":"post_tag","embeddable":true,"href":"https:\/\/www.facture.net\/blog\/wp-json\/wp\/v2\/tags?post=1102"}],"curies":[{"name":"wp","href":"https:\/\/api.w.org\/{rel}","templated":true}]}}